{"id":109,"date":"2010-10-13T10:46:00","date_gmt":"2010-10-13T10:46:00","guid":{"rendered":"http:\/\/blogs.esamcaen.fr\/design-graphique\/2010\/10\/13\/la-douleur\/"},"modified":"2011-09-05T16:07:06","modified_gmt":"2011-09-05T16:07:06","slug":"la-douleur","status":"publish","type":"post","link":"https:\/\/blogs.esam-c2.fr\/design-graphique\/la-douleur\/","title":{"rendered":"La douleur"},"content":{"rendered":"<div><\/div>\n<div><\/div>\n<p><a href=\"http:\/\/2.bp.blogspot.com\/_Ghj4uKFRtSw\/TLWOP7tH77I\/AAAAAAAAAIc\/7pH_PkWNsqA\/s1600\/cartonExpoCHU.jpg\"><img decoding=\"async\" style=\"float:left;margin:0 10px 10px 0;cursor:pointer;cursor:hand;width: 282px;height: 400px\" src=\"http:\/\/2.bp.blogspot.com\/_Ghj4uKFRtSw\/TLWOP7tH77I\/AAAAAAAAAIc\/7pH_PkWNsqA\/s400\/cartonExpoCHU.jpg\" border=\"0\" alt=\"\" \/><\/a><\/p>\n<p style=\"margin: 0.0px 0.0px 0.0px 0.0px;line-height: 20.0px;font: 13.0px 'Times New Roman';color:#181818\"><span class=\"Apple-style-span\" style=\"font-family:'trebuchet ms', serif\"><span class=\"Apple-style-span\"><br \/><\/span><\/span><\/p>\n<p style=\"margin: 0.0px 0.0px 0.0px 0.0px;line-height: 20.0px;font: 13.0px 'Times New Roman';color:#181818\"><span class=\"Apple-style-span\" style=\"font-family:'trebuchet ms', serif\"><span class=\"Apple-style-span\"><br \/><\/span><\/span><\/p>\n<p style=\"margin: 0.0px 0.0px 0.0px 0.0px;line-height: 20.0px;font: 13.0px 'Times New Roman';color:#181818\"><span class=\"Apple-style-span\" style=\"font-family:'trebuchet ms', serif\"><span class=\"Apple-style-span\"><br \/><\/span><\/span><\/p>\n<p style=\"margin: 0.0px 0.0px 0.0px 0.0px;line-height: 20.0px;font: 13.0px 'Times New Roman';color:#181818\"><span class=\"Apple-style-span\" style=\"font-family:'trebuchet ms', serif\"><span class=\"Apple-style-span\"><br \/><\/span><\/span><\/p>\n<p style=\"margin: 0.0px 0.0px 0.0px 0.0px;line-height: 20.0px;font: 13.0px 'Times New Roman';color:#181818\"><span class=\"Apple-style-span\" style=\"font-family:'trebuchet ms', serif\"><span class=\"Apple-style-span\"><br \/><\/span><\/span><\/p>\n<p style=\"margin: 0.0px 0.0px 0.0px 0.0px;line-height: 20.0px;font: 13.0px 'Times New Roman';color:#181818\"><span class=\"Apple-style-span\" style=\"font-family:'trebuchet ms', serif\"><span class=\"Apple-style-span\"><br \/><\/span><\/span><\/p>\n<p style=\"margin: 0.0px 0.0px 0.0px 0.0px;line-height: 20.0px;font: 13.0px 'Times New Roman';color:#181818\"><span class=\"Apple-style-span\" style=\"font-family:'trebuchet ms', serif\"><span class=\"Apple-style-span\"><br \/><\/span><\/span><\/p>\n<p style=\"margin: 0.0px 0.0px 0.0px 0.0px;line-height: 20.0px;font: 13.0px 'Times New Roman';color:#181818\"><span class=\"Apple-style-span\" style=\"font-family:'trebuchet ms', serif\"><span class=\"Apple-style-span\"><br \/><\/span><\/span><\/p>\n<p style=\"margin: 0.0px 0.0px 0.0px 0.0px;line-height: 20.0px;font: 13.0px 'Times New Roman';color:#181818\"><span class=\"Apple-style-span\" style=\"font-family:'trebuchet ms', serif\"><span class=\"Apple-style-span\"><br \/><\/span><\/span><\/p>\n<p style=\"margin: 0.0px 0.0px 0.0px 0.0px;line-height: 20.0px;font: 13.0px 'Times New Roman';color:#181818\"><span class=\"Apple-style-span\" style=\"font-family:'trebuchet ms', serif\"><span class=\"Apple-style-span\"><br \/><\/span><\/span><\/p>\n<p style=\"margin: 0.0px 0.0px 0.0px 0.0px;line-height: 20.0px;font: 13.0px 'Times New Roman';color:#181818\"><span class=\"Apple-style-span\" style=\"font-family:'trebuchet ms', serif\"><span class=\"Apple-style-span\"><br \/><\/span><\/span><\/p>\n<p style=\"margin: 0.0px 0.0px 0.0px 0.0px;line-height: 20.0px;font: 13.0px 'Times New Roman';color:#181818\"><span class=\"Apple-style-span\" style=\"font-family:'trebuchet ms', serif\"><span class=\"Apple-style-span\"><br \/><\/span><\/span><\/p>\n<p style=\"margin: 0.0px 0.0px 0.0px 0.0px;line-height: 20.0px;font: 13.0px 'Times New Roman';color:#181818\"><span class=\"Apple-style-span\" style=\"font-family:'trebuchet ms', serif\"><span class=\"Apple-style-span\"><br \/><\/span><\/span><\/p>\n<p style=\"margin: 0.0px 0.0px 0.0px 0.0px;line-height: 20.0px;font: 13.0px 'Times New Roman';color:#181818\"><span class=\"Apple-style-span\" style=\"font-family:'trebuchet ms', serif\"><span class=\"Apple-style-span\"><br \/><\/span><\/span><\/p>\n<p style=\"margin: 0.0px 0.0px 0.0px 0.0px;line-height: 20.0px;font: 13.0px 'Times New Roman';color:#181818\"><span class=\"Apple-style-span\" style=\"font-family:'trebuchet ms', serif\"><span class=\"Apple-style-span\"><br \/><\/span><\/span><\/p>\n<p style=\"margin: 0.0px 0.0px 0.0px 0.0px;line-height: 20.0px;font: 13.0px 'Times New Roman';color:#181818\"><span class=\"Apple-style-span\" style=\"font-family:'trebuchet ms', serif\"><span class=\"Apple-style-span\"><br \/><\/span><\/span><\/p>\n<p style=\"margin: 0.0px 0.0px 0.0px 0.0px;line-height: 20.0px;font: 13.0px 'Times New Roman';color:#181818\"><span class=\"Apple-style-span\" style=\"font-family:'trebuchet ms', serif\"><span class=\"Apple-style-span\"><br \/><\/span><\/span><\/p>\n<p style=\"margin: 0.0px 0.0px 0.0px 0.0px;line-height: 20.0px;font: 13.0px 'Times New Roman';color:#181818\"><span class=\"Apple-style-span\" style=\"font-family:'trebuchet ms', serif\"><span class=\"Apple-style-span\"><br \/><\/span><\/span><\/p>\n<p style=\"margin: 0.0px 0.0px 0.0px 0.0px;line-height: 20.0px;font: 13.0px 'Times New Roman';color:#181818\"><span class=\"Apple-style-span\" style=\"font-family:'trebuchet ms', serif\"><span class=\"Apple-style-span\"><br \/><\/span><\/span><\/p>\n<p style=\"margin: 0.0px 0.0px 0.0px 0.0px;line-height: 20.0px;font: 13.0px 'Times New Roman';color:#181818\"><span class=\"Apple-style-span\" style=\"font-family:'trebuchet ms', serif\"><span class=\"Apple-style-span\"><br \/><\/span><\/span><\/p>\n<p style=\"margin: 0.0px 0.0px 0.0px 0.0px;line-height: 20.0px;font: 13.0px 'Times New Roman';color:#181818\"><span class=\"Apple-style-span\" style=\"font-family:'trebuchet ms', serif\"><span class=\"Apple-style-span\"><br \/><\/span><\/span><\/p>\n<p style=\"margin: 0.0px 0.0px 0.0px 0.0px;line-height: 20.0px;font: 13.0px 'Times New Roman';color:#181818\"><span class=\"Apple-style-span\" style=\"font-family:'trebuchet ms', serif\"><span class=\"Apple-style-span\"><br \/><\/span><\/span><\/p>\n<p style=\"margin: 0.0px 0.0px 0.0px 0.0px;line-height: 20.0px;font: 13.0px 'Times New Roman';color:#181818\"><span class=\"Apple-style-span\" style=\"font-family:'trebuchet ms', serif\"><span class=\"Apple-style-span\"><br \/><\/span><\/span><\/p>\n<p style=\"margin: 0.0px 0.0px 0.0px 0.0px;line-height: 20.0px;font: 13.0px 'Times New Roman';color:#181818\"><span class=\"Apple-style-span\" style=\"font-family:'trebuchet ms', serif\"><span class=\"Apple-style-span\"><br \/><\/span><\/span><\/p>\n<p style=\"margin: 0.0px 0.0px 0.0px 0.0px;line-height: 20.0px;font: 13.0px 'Times New Roman';color:#181818\"><span class=\"Apple-style-span\" style=\"font-family:'trebuchet ms', serif\"><span class=\"Apple-style-span\"><br \/><\/span><\/span><\/p>\n<p style=\"margin: 0.0px 0.0px 0.0px 0.0px;line-height: 20.0px;font: 13.0px 'Times New Roman';color:#181818\"><span class=\"Apple-style-span\" style=\"font-family:'trebuchet ms', serif\"><span class=\"Apple-style-span\"><br \/><\/span><\/span><\/p>\n<p style=\"margin: 0.0px 0.0px 0.0px 0.0px;line-height: 20.0px;font: 13.0px 'Times New Roman';color:#181818\"><span class=\"Apple-style-span\" style=\"font-family:'trebuchet ms', serif\"><span class=\"Apple-style-span\"><br \/><\/span><\/span><\/p>\n<p style=\"margin: 0.0px 0.0px 0.0px 0.0px;line-height: 20.0px;font: 13.0px 'Times New Roman';color:#181818\"><span class=\"Apple-style-span\"><span class=\"Apple-style-span\" style=\"font-size:x-small\"><span class=\"Apple-style-span\" style=\"font-family:'times new roman'\"><span class=\"Apple-style-span\" style=\"color:#666666\"><br \/><\/span><\/span><\/span><\/span><\/p>\n<p style=\"margin: 0.0px 0.0px 0.0px 0.0px;line-height: 20.0px;font: 13.0px 'Times New Roman';color:#181818\"><span class=\"Apple-style-span\"><span class=\"Apple-style-span\" style=\"font-size:x-small\"><span class=\"Apple-style-span\" style=\"font-family:'times new roman'\"><span class=\"Apple-style-span\" style=\"color:#666666\">affiche r\u00e9alis\u00e9e par Micka\u00ebl Martin \/<\/span><\/span><\/span><a href=\"http:\/\/www.blogger.com\/mickou_graph@hotmail.com\"><span class=\"Apple-style-span\" style=\"font-size:x-small\"><span class=\"Apple-style-span\" style=\"font-family:'times new roman'\"><span class=\"Apple-style-span\" style=\"color:#666666\"> <\/span><\/span><\/span><\/a><span class=\"Apple-style-span\" style=\"border-collapse: collapse\"><a href=\"http:\/\/www.blogger.com\/mickou_graph@hotmail.com\"><span class=\"Apple-style-span\" style=\"font-size:x-small\"><span class=\"Apple-style-span\" style=\"font-family:'times new roman'\"><span class=\"Apple-style-span\" style=\"color:#666666\">mickou_graph@hotmail.com<\/span><\/span><\/span><\/a><\/span><\/span><\/p>\n<p style=\"margin: 0.0px 0.0px 0.0px 0.0px;line-height: 20.0px;font: 13.0px 'Times New Roman';color:#181818\"><span class=\"Apple-style-span\" style=\"font-family:'trebuchet ms', serif\"><span class=\"Apple-style-span\"><br \/><\/span><\/span><\/p>\n<p style=\"margin: 0.0px 0.0px 0.0px 0.0px;line-height: 20.0px;font: 13.0px 'Times New Roman';color:#181818\"><span class=\"Apple-style-span\" style=\"font-family:'trebuchet ms', serif\"><span class=\"Apple-style-span\"><br \/><\/span><\/span><\/p>\n<p style=\"margin: 0.0px 0.0px 0.0px 0.0px;line-height: 20.0px;font: 13.0px 'Times New Roman';color:#181818\"><span class=\"Apple-style-span\"><span class=\"Apple-style-span\" style=\"font-family:'trebuchet ms'\"><span class=\"Apple-style-span\" style=\"font-size:small\">\/\/\/ Exposition au CHU de Caen \u00e0 partir du 20 octobre 2010, hall d&rsquo;accueil de la tour C\u00f4te de Nacre du CHU de Caen &gt; <\/span><\/span><\/span><\/p>\n<p style=\"margin: 0.0px 0.0px 0.0px 0.0px;line-height: 20.0px;font: 13.0px 'Times New Roman';color:#181818\"><\/p>\n<p style=\"margin: 0.0px 0.0px 0.0px 0.0px;line-height: 20.0px;font: 13.0px 'Times New Roman';color:#181818\"><span class=\"Apple-style-span\" style=\"font-family:'times new roman'\"><span class=\"Apple-style-span\" style=\"font-size:small\">Qu&rsquo;est-ce que la douleur? Comment se manifeste-t-elle? Comment en mesurer l&rsquo;ampleur? Et pour cette exposition, pr\u00e9cis\u00e9ment, comment la montrer? Ce sont autant de questions que ce sont pos\u00e9s les \u00e9tudiants du d\u00e9partement de design graphique de l&rsquo;\u00e9cole sup\u00e9rieure des arts et m\u00e9dias de Caen avant de r\u00e9aliser leurs affiches sur ce th\u00e8me d\u00e9licat, car qui n&rsquo;a pas souffert et qui ne s&rsquo;est jamais senti d\u00e9pass\u00e9 par sa dimension indicible. <\/span><\/span><\/p>\n<p style=\"margin: 0.0px 0.0px 0.0px 0.0px;line-height: 20.0px;font: 13.0px 'Times New Roman'\"><span class=\"Apple-style-span\" style=\"font-family:'times new roman'\"><span class=\"Apple-style-span\" style=\"font-size:small\"><br \/><\/span><\/span><\/p>\n<p style=\"margin: 0.0px 0.0px 0.0px 0.0px;line-height: 20.0px;font: 13.0px 'Times New Roman';color:#181818\"><span class=\"Apple-style-span\" style=\"font-family:'times new roman'\"><span class=\"Apple-style-span\" style=\"font-size:small\">Il y a des douleurs diff\u00e9rentes, manifestes, secr\u00e8tes, chroniques ou quotidiennes. Personne n&rsquo;est \u00e9gal face \u00e0 elle, certains ressentent le besoin d&rsquo;en parler lorsque d&rsquo;autre la taise et l&rsquo;enfuisse jusqu&rsquo;\u00e0 l&rsquo;accro\u00eetre. La douleur r\u00e9v\u00e8le certaines parties du corps, elle localise des points pr\u00e9cis ou des zones plus vastes et l\u00e9gende \u00e0 sa mani\u00e8re une certaine cartographie de l&rsquo;Homme. <\/span><\/span><\/p>\n<p style=\"margin: 0.0px 0.0px 0.0px 0.0px;line-height: 20.0px;font: 13.0px 'Times New Roman'\"><span class=\"Apple-style-span\" style=\"font-family:'times new roman'\"><span class=\"Apple-style-span\" style=\"font-size:small\"><br \/><\/span><\/span><\/p>\n<p style=\"margin: 0.0px 0.0px 0.0px 0.0px;line-height: 20.0px;font: 13.0px 'Times New Roman';color:#181818\"><span class=\"Apple-style-span\" style=\"font-family:'times new roman'\"><span class=\"Apple-style-span\" style=\"font-size:small\">En quoi afficher la douleur peut-il faire sens? Une affiche est un objet imprim\u00e9 destin\u00e9 \u00e0 \u00eatre pr\u00e9sent\u00e9 dans l&rsquo;espace public mais devant la dimension intime et personnelle du sujet, les \u00e9tudiants ont du composer avec cette apparente antinomie pour produire des images empreintes de sensibilit\u00e9 et capable de faire r\u00e9agir. L&rsquo;absence de texte permet \u00e0 l&rsquo;image d&rsquo;avoir diff\u00e9rents niveaux de lecture et \u00e9vite ainsi tout possible rapprochement \u00e0 l&rsquo;imagerie publicitaire, construite \u00e0 coups de slogans. <\/span><\/span><\/p>\n<p style=\"margin: 0.0px 0.0px 0.0px 0.0px;line-height: 20.0px;font: 13.0px 'Times New Roman';color:#181818\"><span class=\"Apple-style-span\" style=\"font-family:'times new roman'\"><span class=\"Apple-style-span\" style=\"font-size:small\">Un objet comme une lame de rasoir, \u00e9voque \u00e0 lui seul une douleur incisive et froide alors que l&rsquo;image fantomatique du corset se confondant avec la colonne vert\u00e9brale \u00e9voque celle d&rsquo;un voile enveloppant et vaporeux, tel un double corps.<\/span><\/span><\/p>\n<p style=\"margin: 0.0px 0.0px 0.0px 0.0px;line-height: 20.0px;font: 13.0px 'Times New Roman'\"><span class=\"Apple-style-span\" style=\"font-family:'times new roman'\"><span class=\"Apple-style-span\" style=\"font-size:small\"><br \/><\/span><\/span><\/p>\n<p style=\"margin: 0.0px 0.0px 0.0px 0.0px;line-height: 20.0px;font: 13.0px 'Times New Roman';color:#181818\"><span class=\"Apple-style-span\" style=\"font-family:'times new roman'\"><span class=\"Apple-style-span\" style=\"font-size:small\">Corps morcel\u00e9s, d\u00e9form\u00e9s, irradi\u00e9s, effac\u00e9s voir parfois totalement absent, forment les uns en regard des autres un corps fictif capable d&rsquo;arr\u00eater le regard et peut-\u00eatre de d\u00e9lier les langues. Communiquer sur la douleur participe \u00e0 une certaine forme de lutte contre un mal silencieux et socialement masqu\u00e9.<\/span><\/span><\/p>\n<p style=\"margin: 0.0px 0.0px 0.0px 0.0px;line-height: 20.0px;font: 13.0px 'Times New Roman'\"><\/p>\n<p style=\"margin: 0.0px 0.0px 0.0px 0.0px;line-height: 20.0px;font: 13.0px 'Times New Roman'\"><span class=\"Apple-style-span\" style=\"font-family:'trebuchet ms'\">\/\/\/ Noms des exposants &gt;<\/span>  <span class=\"Apple-style-span\"><span class=\"Apple-style-span\" style=\"font-size:small\"><span class=\"Apple-style-span\" style=\"font-family:'times new roman'\">Jeanne Andr\u00e9, Damien Andrieu, Ob\u00e9line Auffret, Julie B\u00e9nameur, Camille Blanchemin, Lou Chevallier, Maxime Corbeil, Nicolas Cosson, Marie-Claire Courtois, Camille Guingouain, No\u00ebllie Heudier, Juliette H\u0153fler, Louis Houel, Anne Jacquinot, Allison Lain\u00e9, Emma Langevin, Annabelle Lebret, Clara Liegard, Sophie Marie, Micka\u00ebl Martin, Symphonie Robail, Anissa Roudias, Lara Spelsberg, Charlotte Thomas, Alexandre Tourgis, \u00c9milie Villedieu de Torcy et Jing Ye<\/span><\/span><\/span><\/p>\n<p style=\"margin: 0.0px 0.0px 0.0px 0.0px;line-height: 20.0px;font: 13.0px 'Times New Roman'\"><span class=\"Apple-style-span\" style=\"font-size:small\"><br \/><\/span><\/p>\n<p style=\"margin: 0.0px 0.0px 0.0px 0.0px;line-height: 20.0px;font: 13.0px 'Times New Roman'\"><span class=\"Apple-style-span\" style=\"font-family:'trebuchet ms'\"><span class=\"Apple-style-span\" style=\"font-size:small\">\/\/\/ Pour plus d&rsquo;informations &gt;<\/span><\/span><\/p>\n<p style=\"margin: 0.0px 0.0px 0.0px 0.0px;line-height: 20.0px;font: 13.0px 'Times New Roman'\"><span class=\"Apple-style-span\" style=\"font-family:Verdana, Arial, Helvetica, sans-serif;font-size:100%;color:#000000\"><span class=\"Apple-style-span\" style=\"font-size:11px\"><span class=\"Apple-style-span\" style=\"font-family:'Times New Roman', serif;color:#181818\"><span class=\"Apple-style-span\" style=\"font-size:small\"><br \/><\/span><\/span><\/span><\/span><\/p>\n<p style=\"margin-top: 0px;margin-right: 0px;margin-bottom: 0px;margin-left: 0px;line-height: 20px;font: normal normal normal 13px\/normal 'Times New Roman'\"><span class=\"Apple-style-span\" style=\"font-size:small\"><a href=\"http:\/\/www.chu-caen.fr\/\"><span class=\"Apple-style-span\" style=\"color:#666666\">CHU de Caen<\/span><\/a><\/span><\/p>\n<p style=\"margin-top: 0px;margin-right: 0px;margin-bottom: 0px;margin-left: 0px;line-height: 20px;font: normal normal normal 13px\/normal 'Times New Roman'\"><span class=\"Apple-style-span\" style=\"font-size:small\"><a href=\"http:\/\/www.artotheque-caen.net\/?nomRubrique=expositions&amp;nomPage=hors_les_murs&amp;idagenda=103\"><span class=\"Apple-style-span\" style=\"color:#666666\">Artoth\u00e8que de Caen<\/span><\/a><\/span><\/p>\n<p style=\"margin-top: 0px;margin-right: 0px;margin-bottom: 0px;margin-left: 0px;line-height: 20px;font: normal normal normal 13px\/normal 'Times New Roman'\"><span class=\"Apple-style-span\" style=\"font-size:small\"><span class=\"Apple-style-span\" style=\"font-family:'times new roman'\"><br \/><\/span><\/span><\/p>\n<p style=\"margin: 0.0px 0.0px 0.0px 0.0px;line-height: 20.0px;font: 13.0px 'Times New Roman'\"><span class=\"Apple-style-span\" style=\"font-size:small\"><\/span><\/p>\n<p style=\"margin-top: 0px;margin-right: 0px;margin-bottom: 0px;margin-left: 0px;font: normal normal normal 6.9px\/normal Helvetica\"><span class=\"Apple-style-span\" style=\"font-size:small\"><span class=\"Apple-style-span\" style=\"font-family:'times new roman'\"><span class=\"Apple-style-span\" style=\"color:#000000\">Pr\u00e9sent\u00e9e dans une dizaine d\u2019\u00e9tablissements de sant\u00e9 depuis septembre 2009, l\u2019exposition \u00ab La douleur \u00bb poursuit son parcours dans la r\u00e9gion cette saison.<\/span><\/span><\/span><\/p>\n<p style=\"margin-top: 0px;margin-right: 0px;margin-bottom: 0px;margin-left: 0px;font: normal normal normal 6.9px\/normal Helvetica\"><span class=\"Apple-style-span\" style=\"font-size:small\"><span class=\"Apple-style-span\" style=\"font-family:'times new roman'\"><span class=\"Apple-style-span\" style=\"color:#000000\">Exp\u00e9rience sensorielle et \u00e9motionnelle, la douleur, en tant que sentiment complexe, ne se repr\u00e9sente gu\u00e8re : comment en effet mettre en image ce qui rel\u00e8ve d\u2019une exp\u00e9rience individuelle des plus subjectives ? Pour irrepr\u00e9sentable qu\u2019elle soit, la douleur se manifeste cependant dans l\u2019histoire de l\u2019Art : depuis la plus haute antiquit\u00e9, l\u2019artiste, peintre ou sculpteur, a tent\u00e9 d\u2019en reproduire ses manifestations ext\u00e9rieures. (&#8230;).<\/span><\/span><\/span><\/p>\n<p style=\"margin-top: 0px;margin-right: 0px;margin-bottom: 0px;margin-left: 0px;font: normal normal normal 6.9px\/normal Helvetica\"><span class=\"Apple-style-span\" style=\"font-size:small\"><span class=\"Apple-style-span\" style=\"font-family:'times new roman'\"><span class=\"Apple-style-span\" style=\"color:#000000\">D\u00e9clin\u00e9e en trois sections, l\u2019exposition rassemble des \u0153uvres contemporaines extraites de la collection de l\u2019Artoth\u00e8que de Caen : le premier ensemble aborde les manifestations physiques de la douleur par la repr\u00e9sentation du corps (L. Van Dinther, R. Fischer&#8230;). Dans la deuxi\u00e8me section sont \u00e9voqu\u00e9es les souffrances d\u2019ordre moral ou psychique : prostration, isolement, mal-\u00eatre (P. Van der Eerden). La troisi\u00e8me partie propose, quant \u00e0 elle, un espace d\u2019apaisement : l\u2019\u0153uvre se r\u00e9v\u00e8le non plus comme une repr\u00e9sentation de la douleur mais comme un de ses rem\u00e8des potentiels (O. Debr\u00e9, Z. Wou-Ki).<\/span><\/span><\/span><\/p>\n<\/p>\n<p style=\"margin: 0.0px 0.0px 0.0px 0.0px;line-height: 20.0px;font: 13.0px 'Times New Roman'\"><span class=\"Apple-style-span\" style=\"font-size:small\"><br \/><\/span><\/p>\n<p style=\"margin: 0.0px 0.0px 0.0px 0.0px;line-height: 20.0px;font: 13.0px 'Times New Roman'\"><span class=\"Apple-style-span\" style=\"font-size:small\"><br \/><\/span><\/p>\n<p style=\"margin: 0.0px 0.0px 0.0px 0.0px;line-height: 20.0px;font: 13.0px 'Times New Roman'\"><span class=\"Apple-style-span\" style=\"font-size:small\"><br \/><\/span><\/p>\n","protected":false},"excerpt":{"rendered":"<p>affiche r\u00e9alis\u00e9e par Micka\u00ebl Martin \/ mickou_graph@hotmail.com \/\/\/ Exposition au CHU de Caen \u00e0 partir du 20 octobre 2010, hall d&rsquo;accueil de la tour C\u00f4te de Nacre du CHU de Caen &gt; Qu&rsquo;est-ce que la douleur? Comment se manifeste-t-elle? Comment &hellip; <a href=\"https:\/\/blogs.esam-c2.fr\/design-graphique\/la-douleur\/\">Continuer la lecture <span class=\"meta-nav\">&rarr;<\/span><\/a><\/p>\n","protected":false},"author":7,"featured_media":0,"comment_status":"open","ping_status":"open","sticky":false,"template":"","format":"standard","meta":{"footnotes":""},"categories":[24,39,8,9,7],"tags":[],"class_list":["post-109","post","type-post","status-publish","format-standard","hentry","category-24","category-affiche","category-dg3","category-expo","category-info"],"yoast_head":"<!-- This site is optimized with the Yoast SEO plugin v27.2 - https:\/\/yoast.com\/product\/yoast-seo-wordpress\/ -->\n<title>La douleur - \/\/\/design graphique\/\u00e9sam-c2\/<\/title>\n<meta name=\"robots\" content=\"index, follow, max-snippet:-1, max-image-preview:large, max-video-preview:-1\" \/>\n<link rel=\"canonical\" href=\"https:\/\/blogs.esam-c2.fr\/design-graphique\/la-douleur\/\" \/>\n<meta property=\"og:locale\" content=\"fr_FR\" \/>\n<meta property=\"og:type\" content=\"article\" \/>\n<meta property=\"og:title\" content=\"La douleur - \/\/\/design graphique\/\u00e9sam-c2\/\" \/>\n<meta property=\"og:description\" content=\"affiche r\u00e9alis\u00e9e par Micka\u00ebl Martin \/ mickou_graph@hotmail.com \/\/\/ Exposition au CHU de Caen \u00e0 partir du 20 octobre 2010, hall d&rsquo;accueil de la tour C\u00f4te de Nacre du CHU de Caen &gt; Qu&rsquo;est-ce que la douleur? Comment se manifeste-t-elle? Comment &hellip; Continuer la lecture &rarr;\" \/>\n<meta property=\"og:url\" content=\"https:\/\/blogs.esam-c2.fr\/design-graphique\/la-douleur\/\" \/>\n<meta property=\"og:site_name\" content=\"\/\/\/design graphique\/\u00e9sam-c2\/\" \/>\n<meta property=\"article:published_time\" content=\"2010-10-13T10:46:00+00:00\" \/>\n<meta property=\"article:modified_time\" content=\"2011-09-05T16:07:06+00:00\" \/>\n<meta property=\"og:image\" content=\"http:\/\/2.bp.blogspot.com\/_Ghj4uKFRtSw\/TLWOP7tH77I\/AAAAAAAAAIc\/7pH_PkWNsqA\/s400\/cartonExpoCHU.jpg\" \/>\n<meta name=\"author\" content=\"Sarah Fouquet\" \/>\n<meta name=\"twitter:card\" content=\"summary_large_image\" \/>\n<meta name=\"twitter:label1\" content=\"\u00c9crit par\" \/>\n\t<meta name=\"twitter:data1\" content=\"Sarah Fouquet\" \/>\n\t<meta name=\"twitter:label2\" content=\"Dur\u00e9e de lecture estim\u00e9e\" \/>\n\t<meta name=\"twitter:data2\" content=\"3 minutes\" \/>\n<script type=\"application\/ld+json\" class=\"yoast-schema-graph\">{\"@context\":\"https:\/\/schema.org\",\"@graph\":[{\"@type\":\"Article\",\"@id\":\"https:\/\/blogs.esam-c2.fr\/design-graphique\/la-douleur\/#article\",\"isPartOf\":{\"@id\":\"https:\/\/blogs.esam-c2.fr\/design-graphique\/la-douleur\/\"},\"author\":{\"name\":\"Sarah Fouquet\",\"@id\":\"https:\/\/blogs.esam-c2.fr\/design-graphique\/#\/schema\/person\/6efbec67260ce9db24bba1e54d41e7c6\"},\"headline\":\"La douleur\",\"datePublished\":\"2010-10-13T10:46:00+00:00\",\"dateModified\":\"2011-09-05T16:07:06+00:00\",\"mainEntityOfPage\":{\"@id\":\"https:\/\/blogs.esam-c2.fr\/design-graphique\/la-douleur\/\"},\"wordCount\":646,\"commentCount\":0,\"image\":{\"@id\":\"https:\/\/blogs.esam-c2.fr\/design-graphique\/la-douleur\/#primaryimage\"},\"thumbnailUrl\":\"http:\/\/2.bp.blogspot.com\/_Ghj4uKFRtSw\/TLWOP7tH77I\/AAAAAAAAAIc\/7pH_PkWNsqA\/s400\/cartonExpoCHU.jpg\",\"articleSection\":[\"2010\",\"affiche\",\"DG3\",\"expo\",\"info\"],\"inLanguage\":\"fr-FR\",\"potentialAction\":[{\"@type\":\"CommentAction\",\"name\":\"Comment\",\"target\":[\"https:\/\/blogs.esam-c2.fr\/design-graphique\/la-douleur\/#respond\"]}]},{\"@type\":\"WebPage\",\"@id\":\"https:\/\/blogs.esam-c2.fr\/design-graphique\/la-douleur\/\",\"url\":\"https:\/\/blogs.esam-c2.fr\/design-graphique\/la-douleur\/\",\"name\":\"La douleur - \/\/\/design graphique\/\u00e9sam-c2\/\",\"isPartOf\":{\"@id\":\"https:\/\/blogs.esam-c2.fr\/design-graphique\/#website\"},\"primaryImageOfPage\":{\"@id\":\"https:\/\/blogs.esam-c2.fr\/design-graphique\/la-douleur\/#primaryimage\"},\"image\":{\"@id\":\"https:\/\/blogs.esam-c2.fr\/design-graphique\/la-douleur\/#primaryimage\"},\"thumbnailUrl\":\"http:\/\/2.bp.blogspot.com\/_Ghj4uKFRtSw\/TLWOP7tH77I\/AAAAAAAAAIc\/7pH_PkWNsqA\/s400\/cartonExpoCHU.jpg\",\"datePublished\":\"2010-10-13T10:46:00+00:00\",\"dateModified\":\"2011-09-05T16:07:06+00:00\",\"author\":{\"@id\":\"https:\/\/blogs.esam-c2.fr\/design-graphique\/#\/schema\/person\/6efbec67260ce9db24bba1e54d41e7c6\"},\"breadcrumb\":{\"@id\":\"https:\/\/blogs.esam-c2.fr\/design-graphique\/la-douleur\/#breadcrumb\"},\"inLanguage\":\"fr-FR\",\"potentialAction\":[{\"@type\":\"ReadAction\",\"target\":[\"https:\/\/blogs.esam-c2.fr\/design-graphique\/la-douleur\/\"]}]},{\"@type\":\"ImageObject\",\"inLanguage\":\"fr-FR\",\"@id\":\"https:\/\/blogs.esam-c2.fr\/design-graphique\/la-douleur\/#primaryimage\",\"url\":\"http:\/\/2.bp.blogspot.com\/_Ghj4uKFRtSw\/TLWOP7tH77I\/AAAAAAAAAIc\/7pH_PkWNsqA\/s400\/cartonExpoCHU.jpg\",\"contentUrl\":\"http:\/\/2.bp.blogspot.com\/_Ghj4uKFRtSw\/TLWOP7tH77I\/AAAAAAAAAIc\/7pH_PkWNsqA\/s400\/cartonExpoCHU.jpg\"},{\"@type\":\"BreadcrumbList\",\"@id\":\"https:\/\/blogs.esam-c2.fr\/design-graphique\/la-douleur\/#breadcrumb\",\"itemListElement\":[{\"@type\":\"ListItem\",\"position\":1,\"name\":\"Accueil\",\"item\":\"https:\/\/blogs.esam-c2.fr\/design-graphique\/\"},{\"@type\":\"ListItem\",\"position\":2,\"name\":\"La douleur\"}]},{\"@type\":\"WebSite\",\"@id\":\"https:\/\/blogs.esam-c2.fr\/design-graphique\/#website\",\"url\":\"https:\/\/blogs.esam-c2.fr\/design-graphique\/\",\"name\":\"\/\/\/design graphique\/\u00e9sam-c2\/\",\"description\":\"site d&#039;archives et d&#039;informations \/ cours de graphisme \/ Caen\",\"potentialAction\":[{\"@type\":\"SearchAction\",\"target\":{\"@type\":\"EntryPoint\",\"urlTemplate\":\"https:\/\/blogs.esam-c2.fr\/design-graphique\/?s={search_term_string}\"},\"query-input\":{\"@type\":\"PropertyValueSpecification\",\"valueRequired\":true,\"valueName\":\"search_term_string\"}}],\"inLanguage\":\"fr-FR\"},{\"@type\":\"Person\",\"@id\":\"https:\/\/blogs.esam-c2.fr\/design-graphique\/#\/schema\/person\/6efbec67260ce9db24bba1e54d41e7c6\",\"name\":\"Sarah Fouquet\",\"image\":{\"@type\":\"ImageObject\",\"inLanguage\":\"fr-FR\",\"@id\":\"https:\/\/secure.gravatar.com\/avatar\/626f51a6ce51986c9e9cb4180fd263979c686cef2e0eff37e4a86a5095755363?s=96&d=mm&r=g\",\"url\":\"https:\/\/secure.gravatar.com\/avatar\/626f51a6ce51986c9e9cb4180fd263979c686cef2e0eff37e4a86a5095755363?s=96&d=mm&r=g\",\"contentUrl\":\"https:\/\/secure.gravatar.com\/avatar\/626f51a6ce51986c9e9cb4180fd263979c686cef2e0eff37e4a86a5095755363?s=96&d=mm&r=g\",\"caption\":\"Sarah Fouquet\"},\"description\":\"Dessinatrice, graphiste, auto-\u00e9ditrice, enseigne l'image dans le d\u00e9partement design graphique de l'\u00e9cole sup\u00e9rieure d\u2019arts et m\u00e9dias de Caen\",\"url\":\"https:\/\/blogs.esam-c2.fr\/design-graphique\/author\/design-graphique\/\"}]}<\/script>\n<!-- \/ Yoast SEO plugin. -->","yoast_head_json":{"title":"La douleur - \/\/\/design graphique\/\u00e9sam-c2\/","robots":{"index":"index","follow":"follow","max-snippet":"max-snippet:-1","max-image-preview":"max-image-preview:large","max-video-preview":"max-video-preview:-1"},"canonical":"https:\/\/blogs.esam-c2.fr\/design-graphique\/la-douleur\/","og_locale":"fr_FR","og_type":"article","og_title":"La douleur - \/\/\/design graphique\/\u00e9sam-c2\/","og_description":"affiche r\u00e9alis\u00e9e par Micka\u00ebl Martin \/ mickou_graph@hotmail.com \/\/\/ Exposition au CHU de Caen \u00e0 partir du 20 octobre 2010, hall d&rsquo;accueil de la tour C\u00f4te de Nacre du CHU de Caen &gt; Qu&rsquo;est-ce que la douleur? Comment se manifeste-t-elle? Comment &hellip; Continuer la lecture &rarr;","og_url":"https:\/\/blogs.esam-c2.fr\/design-graphique\/la-douleur\/","og_site_name":"\/\/\/design graphique\/\u00e9sam-c2\/","article_published_time":"2010-10-13T10:46:00+00:00","article_modified_time":"2011-09-05T16:07:06+00:00","og_image":[{"url":"http:\/\/2.bp.blogspot.com\/_Ghj4uKFRtSw\/TLWOP7tH77I\/AAAAAAAAAIc\/7pH_PkWNsqA\/s400\/cartonExpoCHU.jpg","type":"","width":"","height":""}],"author":"Sarah Fouquet","twitter_card":"summary_large_image","twitter_misc":{"\u00c9crit par":"Sarah Fouquet","Dur\u00e9e de lecture estim\u00e9e":"3 minutes"},"schema":{"@context":"https:\/\/schema.org","@graph":[{"@type":"Article","@id":"https:\/\/blogs.esam-c2.fr\/design-graphique\/la-douleur\/#article","isPartOf":{"@id":"https:\/\/blogs.esam-c2.fr\/design-graphique\/la-douleur\/"},"author":{"name":"Sarah Fouquet","@id":"https:\/\/blogs.esam-c2.fr\/design-graphique\/#\/schema\/person\/6efbec67260ce9db24bba1e54d41e7c6"},"headline":"La douleur","datePublished":"2010-10-13T10:46:00+00:00","dateModified":"2011-09-05T16:07:06+00:00","mainEntityOfPage":{"@id":"https:\/\/blogs.esam-c2.fr\/design-graphique\/la-douleur\/"},"wordCount":646,"commentCount":0,"image":{"@id":"https:\/\/blogs.esam-c2.fr\/design-graphique\/la-douleur\/#primaryimage"},"thumbnailUrl":"http:\/\/2.bp.blogspot.com\/_Ghj4uKFRtSw\/TLWOP7tH77I\/AAAAAAAAAIc\/7pH_PkWNsqA\/s400\/cartonExpoCHU.jpg","articleSection":["2010","affiche","DG3","expo","info"],"inLanguage":"fr-FR","potentialAction":[{"@type":"CommentAction","name":"Comment","target":["https:\/\/blogs.esam-c2.fr\/design-graphique\/la-douleur\/#respond"]}]},{"@type":"WebPage","@id":"https:\/\/blogs.esam-c2.fr\/design-graphique\/la-douleur\/","url":"https:\/\/blogs.esam-c2.fr\/design-graphique\/la-douleur\/","name":"La douleur - \/\/\/design graphique\/\u00e9sam-c2\/","isPartOf":{"@id":"https:\/\/blogs.esam-c2.fr\/design-graphique\/#website"},"primaryImageOfPage":{"@id":"https:\/\/blogs.esam-c2.fr\/design-graphique\/la-douleur\/#primaryimage"},"image":{"@id":"https:\/\/blogs.esam-c2.fr\/design-graphique\/la-douleur\/#primaryimage"},"thumbnailUrl":"http:\/\/2.bp.blogspot.com\/_Ghj4uKFRtSw\/TLWOP7tH77I\/AAAAAAAAAIc\/7pH_PkWNsqA\/s400\/cartonExpoCHU.jpg","datePublished":"2010-10-13T10:46:00+00:00","dateModified":"2011-09-05T16:07:06+00:00","author":{"@id":"https:\/\/blogs.esam-c2.fr\/design-graphique\/#\/schema\/person\/6efbec67260ce9db24bba1e54d41e7c6"},"breadcrumb":{"@id":"https:\/\/blogs.esam-c2.fr\/design-graphique\/la-douleur\/#breadcrumb"},"inLanguage":"fr-FR","potentialAction":[{"@type":"ReadAction","target":["https:\/\/blogs.esam-c2.fr\/design-graphique\/la-douleur\/"]}]},{"@type":"ImageObject","inLanguage":"fr-FR","@id":"https:\/\/blogs.esam-c2.fr\/design-graphique\/la-douleur\/#primaryimage","url":"http:\/\/2.bp.blogspot.com\/_Ghj4uKFRtSw\/TLWOP7tH77I\/AAAAAAAAAIc\/7pH_PkWNsqA\/s400\/cartonExpoCHU.jpg","contentUrl":"http:\/\/2.bp.blogspot.com\/_Ghj4uKFRtSw\/TLWOP7tH77I\/AAAAAAAAAIc\/7pH_PkWNsqA\/s400\/cartonExpoCHU.jpg"},{"@type":"BreadcrumbList","@id":"https:\/\/blogs.esam-c2.fr\/design-graphique\/la-douleur\/#breadcrumb","itemListElement":[{"@type":"ListItem","position":1,"name":"Accueil","item":"https:\/\/blogs.esam-c2.fr\/design-graphique\/"},{"@type":"ListItem","position":2,"name":"La douleur"}]},{"@type":"WebSite","@id":"https:\/\/blogs.esam-c2.fr\/design-graphique\/#website","url":"https:\/\/blogs.esam-c2.fr\/design-graphique\/","name":"\/\/\/design graphique\/\u00e9sam-c2\/","description":"site d&#039;archives et d&#039;informations \/ cours de graphisme \/ Caen","potentialAction":[{"@type":"SearchAction","target":{"@type":"EntryPoint","urlTemplate":"https:\/\/blogs.esam-c2.fr\/design-graphique\/?s={search_term_string}"},"query-input":{"@type":"PropertyValueSpecification","valueRequired":true,"valueName":"search_term_string"}}],"inLanguage":"fr-FR"},{"@type":"Person","@id":"https:\/\/blogs.esam-c2.fr\/design-graphique\/#\/schema\/person\/6efbec67260ce9db24bba1e54d41e7c6","name":"Sarah Fouquet","image":{"@type":"ImageObject","inLanguage":"fr-FR","@id":"https:\/\/secure.gravatar.com\/avatar\/626f51a6ce51986c9e9cb4180fd263979c686cef2e0eff37e4a86a5095755363?s=96&d=mm&r=g","url":"https:\/\/secure.gravatar.com\/avatar\/626f51a6ce51986c9e9cb4180fd263979c686cef2e0eff37e4a86a5095755363?s=96&d=mm&r=g","contentUrl":"https:\/\/secure.gravatar.com\/avatar\/626f51a6ce51986c9e9cb4180fd263979c686cef2e0eff37e4a86a5095755363?s=96&d=mm&r=g","caption":"Sarah Fouquet"},"description":"Dessinatrice, graphiste, auto-\u00e9ditrice, enseigne l'image dans le d\u00e9partement design graphique de l'\u00e9cole sup\u00e9rieure d\u2019arts et m\u00e9dias de Caen","url":"https:\/\/blogs.esam-c2.fr\/design-graphique\/author\/design-graphique\/"}]}},"_links":{"self":[{"href":"https:\/\/blogs.esam-c2.fr\/design-graphique\/wp-json\/wp\/v2\/posts\/109","targetHints":{"allow":["GET"]}}],"collection":[{"href":"https:\/\/blogs.esam-c2.fr\/design-graphique\/wp-json\/wp\/v2\/posts"}],"about":[{"href":"https:\/\/blogs.esam-c2.fr\/design-graphique\/wp-json\/wp\/v2\/types\/post"}],"author":[{"embeddable":true,"href":"https:\/\/blogs.esam-c2.fr\/design-graphique\/wp-json\/wp\/v2\/users\/7"}],"replies":[{"embeddable":true,"href":"https:\/\/blogs.esam-c2.fr\/design-graphique\/wp-json\/wp\/v2\/comments?post=109"}],"version-history":[{"count":1,"href":"https:\/\/blogs.esam-c2.fr\/design-graphique\/wp-json\/wp\/v2\/posts\/109\/revisions"}],"predecessor-version":[{"id":530,"href":"https:\/\/blogs.esam-c2.fr\/design-graphique\/wp-json\/wp\/v2\/posts\/109\/revisions\/530"}],"wp:attachment":[{"href":"https:\/\/blogs.esam-c2.fr\/design-graphique\/wp-json\/wp\/v2\/media?parent=109"}],"wp:term":[{"taxonomy":"category","embeddable":true,"href":"https:\/\/blogs.esam-c2.fr\/design-graphique\/wp-json\/wp\/v2\/categories?post=109"},{"taxonomy":"post_tag","embeddable":true,"href":"https:\/\/blogs.esam-c2.fr\/design-graphique\/wp-json\/wp\/v2\/tags?post=109"}],"curies":[{"name":"wp","href":"https:\/\/api.w.org\/{rel}","templated":true}]}}