{"id":1245,"date":"2012-03-11T18:27:32","date_gmt":"2012-03-11T18:27:32","guid":{"rendered":"http:\/\/blogs.esam-c2.fr\/design-graphique\/?p=1245"},"modified":"2012-03-11T18:35:19","modified_gmt":"2012-03-11T18:35:19","slug":"concours-de-dessins-d%e2%80%99humour-2012","status":"publish","type":"post","link":"https:\/\/blogs.esam-c2.fr\/design-graphique\/concours-de-dessins-d%e2%80%99humour-2012\/","title":{"rendered":"Concours de dessins d\u2019humour 2012"},"content":{"rendered":"<h3>\/\/\/ Deuxi\u00e8me \u00e9dition du concours de l&rsquo;association Rirenvert &gt;<\/h3>\n<p>Sujet : L\u2019\u00e9cologie vous transporte !<\/p>\n<p><em>Rirenvert lance \u00e0 l\u2019occasion de la Semaine du d\u00e9veloppement durable 2012, un concours de dessins d\u2019humour pour les jeunes sur les transports de demain parrain\u00e9 par Tignous. Entre imagination et pragmatisme, tous les chemins de la cr\u00e9ation sont ouverts pour cette nouvelle \u00e9dition. Se d\u00e9placer, c\u2019est la libert\u00e9. Comment enfiler ses bottes de sept lieues sans pi\u00e9tiner notre plan\u00e8te ?<\/em><\/p>\n<p>Vous avez entre 18 et 25 ans ? Imaginez comment se d\u00e9placer avec moins de pollution et d\u2019\u00e9nergie en prenant votre pied. Les trois r\u00e9alisations graphiques les plus pertinentes et d\u00e9cal\u00e9es seront r\u00e9compens\u00e9es.<\/p>\n<p><span style=\"text-decoration: underline;color: #33cccc\"><span style=\"text-decoration: underline\">Avant le lundi 7 mai 2012 dernier d\u00e9lai.<\/span><\/span><\/p>\n<div id=\"attachment_1246\" style=\"width: 404px\" class=\"wp-caption alignleft\"><a href=\"http:\/\/blogs.esam-c2.fr\/design-graphique\/files\/2012\/03\/visuel-concours-2012.jpg\"><img loading=\"lazy\" decoding=\"async\" aria-describedby=\"caption-attachment-1246\" class=\"size-full wp-image-1246\" src=\"http:\/\/blogs.esam-c2.fr\/design-graphique\/files\/2012\/03\/visuel-concours-2012.jpg\" alt=\"\" width=\"394\" height=\"571\" srcset=\"https:\/\/blogs.esam-c2.fr\/design-graphique\/files\/2012\/03\/visuel-concours-2012.jpg 394w, https:\/\/blogs.esam-c2.fr\/design-graphique\/files\/2012\/03\/visuel-concours-2012-207x300.jpg 207w\" sizes=\"auto, (max-width: 394px) 100vw, 394px\" \/><\/a><p id=\"caption-attachment-1246\" class=\"wp-caption-text\">affiche de Carole Morlot (laur\u00e9ate du concours 2011)<\/p><\/div>\n<p>&nbsp;<\/p>\n<h3>\/\/\/ La s\u00e9lection &gt;<\/h3>\n<p>Apr\u00e8s une pr\u00e9s\u00e9lection des 40 meilleures r\u00e9alisations par l\u2019association Rirenvert, <span style=\"color: #33cccc\"><a href=\"http:\/\/www.rirenvert.org\/?p=1670\" target=\"_self\"><span style=\"color: #33cccc\">un jury ind\u00e9pendant de professionnels<\/span><\/a><\/span> choisira trois laur\u00e9ats lors de <span style=\"color: #33cccc\"><a href=\"http:\/\/www.rirenvert.org\/les-evenements\/\"><span style=\"color: #33cccc\">la remise des prix \u00e0 la mairie du 13\u00b0 arrondissement de Paris<\/span><\/a><\/span>, jeudi 24 mai 2012.<\/p>\n<p>1er prix : 500 euros<br \/>\n2eme prix : 250 euros<br \/>\n3eme prix : 150 euros<\/p>\n<p>Pour participer, signez le r\u00e8glement disponible <span style=\"color: #33cccc\"><a href=\"http:\/\/www.rirenvert.org\/?p=1717\"><span style=\"color: #33cccc\">ici<\/span><\/a>.<\/span><\/p>\n<p><span style=\"color: #33cccc\"><a href=\"http:\/\/www.rirenvert.org\/wp-content\/uploads\/2012\/03\/Concours-rirenvert-2012.pdf\"><span style=\"color: #33cccc\">T\u00e9l\u00e9chargez le dossier de presse [pdf]<\/span><\/a><\/span><\/p>\n<p>Pour tout savoir<span style=\"color: #33cccc\"> <a href=\"http:\/\/www.rirenvert.org\"><span style=\"color: #33cccc\">http:\/\/www.rirenvert.org<\/span><\/a><\/span><\/p>\n<div id=\"attachment_1266\" style=\"width: 464px\" class=\"wp-caption alignleft\"><a href=\"http:\/\/blogs.esam-c2.fr\/design-graphique\/files\/2012\/03\/DessinBesse1.jpg\"><img loading=\"lazy\" decoding=\"async\" aria-describedby=\"caption-attachment-1266\" class=\"size-full wp-image-1266\" src=\"http:\/\/blogs.esam-c2.fr\/design-graphique\/files\/2012\/03\/DessinBesse1.jpg\" alt=\"\" width=\"454\" height=\"320\" srcset=\"https:\/\/blogs.esam-c2.fr\/design-graphique\/files\/2012\/03\/DessinBesse1.jpg 454w, https:\/\/blogs.esam-c2.fr\/design-graphique\/files\/2012\/03\/DessinBesse1-300x211.jpg 300w\" sizes=\"auto, (max-width: 454px) 100vw, 454px\" \/><\/a><p id=\"caption-attachment-1266\" class=\"wp-caption-text\">\u00a9 christophebesse.com<\/p><\/div>\n","protected":false},"excerpt":{"rendered":"<p>\/\/\/ Deuxi\u00e8me \u00e9dition du concours de l&rsquo;association Rirenvert &gt; Sujet : L\u2019\u00e9cologie vous transporte ! Rirenvert lance \u00e0 l\u2019occasion de la Semaine du d\u00e9veloppement durable 2012, un concours de dessins d\u2019humour pour les jeunes sur les transports de demain parrain\u00e9 &hellip; <a href=\"https:\/\/blogs.esam-c2.fr\/design-graphique\/concours-de-dessins-d%e2%80%99humour-2012\/\">Continuer la lecture <span class=\"meta-nav\">&rarr;<\/span><\/a><\/p>\n","protected":false},"author":7,"featured_media":0,"comment_status":"closed","ping_status":"open","sticky":false,"template":"","format":"standard","meta":{"footnotes":""},"categories":[50,44,41,38,42,37,7],"tags":[],"class_list":["post-1245","post","type-post","status-publish","format-standard","hentry","category-50","category-actu","category-concours","category-dessin-de-presse","category-evenement","category-illustration","category-info"],"yoast_head":"<!-- This site is optimized with the Yoast SEO plugin v27.2 - https:\/\/yoast.com\/product\/yoast-seo-wordpress\/ -->\n<title>Concours de dessins d\u2019humour 2012 - \/\/\/design graphique\/\u00e9sam-c2\/<\/title>\n<meta name=\"robots\" content=\"index, follow, max-snippet:-1, max-image-preview:large, max-video-preview:-1\" \/>\n<link rel=\"canonical\" href=\"https:\/\/blogs.esam-c2.fr\/design-graphique\/concours-de-dessins-d\u2019humour-2012\/\" \/>\n<meta property=\"og:locale\" content=\"fr_FR\" \/>\n<meta property=\"og:type\" content=\"article\" \/>\n<meta property=\"og:title\" content=\"Concours de dessins d\u2019humour 2012 - \/\/\/design graphique\/\u00e9sam-c2\/\" \/>\n<meta property=\"og:description\" content=\"\/\/\/ Deuxi\u00e8me \u00e9dition du concours de l&rsquo;association Rirenvert &gt; Sujet : L\u2019\u00e9cologie vous transporte ! Rirenvert lance \u00e0 l\u2019occasion de la Semaine du d\u00e9veloppement durable 2012, un concours de dessins d\u2019humour pour les jeunes sur les transports de demain parrain\u00e9 &hellip; Continuer la lecture &rarr;\" \/>\n<meta property=\"og:url\" content=\"https:\/\/blogs.esam-c2.fr\/design-graphique\/concours-de-dessins-d\u2019humour-2012\/\" \/>\n<meta property=\"og:site_name\" content=\"\/\/\/design graphique\/\u00e9sam-c2\/\" \/>\n<meta property=\"article:published_time\" content=\"2012-03-11T18:27:32+00:00\" \/>\n<meta property=\"article:modified_time\" content=\"2012-03-11T18:35:19+00:00\" \/>\n<meta property=\"og:image\" content=\"http:\/\/blogs.esam-c2.fr\/design-graphique\/files\/2012\/03\/visuel-concours-2012.jpg\" \/>\n<meta name=\"author\" content=\"Sarah Fouquet\" \/>\n<meta name=\"twitter:card\" content=\"summary_large_image\" \/>\n<meta name=\"twitter:label1\" content=\"\u00c9crit par\" \/>\n\t<meta name=\"twitter:data1\" content=\"Sarah Fouquet\" \/>\n\t<meta name=\"twitter:label2\" content=\"Dur\u00e9e de lecture estim\u00e9e\" \/>\n\t<meta name=\"twitter:data2\" content=\"1 minute\" \/>\n<script type=\"application\/ld+json\" class=\"yoast-schema-graph\">{\"@context\":\"https:\/\/schema.org\",\"@graph\":[{\"@type\":\"Article\",\"@id\":\"https:\/\/blogs.esam-c2.fr\/design-graphique\/concours-de-dessins-d%e2%80%99humour-2012\/#article\",\"isPartOf\":{\"@id\":\"https:\/\/blogs.esam-c2.fr\/design-graphique\/concours-de-dessins-d%e2%80%99humour-2012\/\"},\"author\":{\"name\":\"Sarah Fouquet\",\"@id\":\"https:\/\/blogs.esam-c2.fr\/design-graphique\/#\/schema\/person\/6efbec67260ce9db24bba1e54d41e7c6\"},\"headline\":\"Concours de dessins d\u2019humour 2012\",\"datePublished\":\"2012-03-11T18:27:32+00:00\",\"dateModified\":\"2012-03-11T18:35:19+00:00\",\"mainEntityOfPage\":{\"@id\":\"https:\/\/blogs.esam-c2.fr\/design-graphique\/concours-de-dessins-d%e2%80%99humour-2012\/\"},\"wordCount\":230,\"image\":{\"@id\":\"https:\/\/blogs.esam-c2.fr\/design-graphique\/concours-de-dessins-d%e2%80%99humour-2012\/#primaryimage\"},\"thumbnailUrl\":\"http:\/\/blogs.esam-c2.fr\/design-graphique\/files\/2012\/03\/visuel-concours-2012.jpg\",\"articleSection\":[\"2012\",\"actu\",\"concours\",\"dessin de presse\",\"\u00e9v\u00e8nement\",\"illustration\",\"info\"],\"inLanguage\":\"fr-FR\"},{\"@type\":\"WebPage\",\"@id\":\"https:\/\/blogs.esam-c2.fr\/design-graphique\/concours-de-dessins-d%e2%80%99humour-2012\/\",\"url\":\"https:\/\/blogs.esam-c2.fr\/design-graphique\/concours-de-dessins-d%e2%80%99humour-2012\/\",\"name\":\"Concours de dessins d\u2019humour 2012 - \/\/\/design graphique\/\u00e9sam-c2\/\",\"isPartOf\":{\"@id\":\"https:\/\/blogs.esam-c2.fr\/design-graphique\/#website\"},\"primaryImageOfPage\":{\"@id\":\"https:\/\/blogs.esam-c2.fr\/design-graphique\/concours-de-dessins-d%e2%80%99humour-2012\/#primaryimage\"},\"image\":{\"@id\":\"https:\/\/blogs.esam-c2.fr\/design-graphique\/concours-de-dessins-d%e2%80%99humour-2012\/#primaryimage\"},\"thumbnailUrl\":\"http:\/\/blogs.esam-c2.fr\/design-graphique\/files\/2012\/03\/visuel-concours-2012.jpg\",\"datePublished\":\"2012-03-11T18:27:32+00:00\",\"dateModified\":\"2012-03-11T18:35:19+00:00\",\"author\":{\"@id\":\"https:\/\/blogs.esam-c2.fr\/design-graphique\/#\/schema\/person\/6efbec67260ce9db24bba1e54d41e7c6\"},\"breadcrumb\":{\"@id\":\"https:\/\/blogs.esam-c2.fr\/design-graphique\/concours-de-dessins-d%e2%80%99humour-2012\/#breadcrumb\"},\"inLanguage\":\"fr-FR\",\"potentialAction\":[{\"@type\":\"ReadAction\",\"target\":[\"https:\/\/blogs.esam-c2.fr\/design-graphique\/concours-de-dessins-d%e2%80%99humour-2012\/\"]}]},{\"@type\":\"ImageObject\",\"inLanguage\":\"fr-FR\",\"@id\":\"https:\/\/blogs.esam-c2.fr\/design-graphique\/concours-de-dessins-d%e2%80%99humour-2012\/#primaryimage\",\"url\":\"http:\/\/blogs.esam-c2.fr\/design-graphique\/files\/2012\/03\/visuel-concours-2012.jpg\",\"contentUrl\":\"http:\/\/blogs.esam-c2.fr\/design-graphique\/files\/2012\/03\/visuel-concours-2012.jpg\"},{\"@type\":\"BreadcrumbList\",\"@id\":\"https:\/\/blogs.esam-c2.fr\/design-graphique\/concours-de-dessins-d%e2%80%99humour-2012\/#breadcrumb\",\"itemListElement\":[{\"@type\":\"ListItem\",\"position\":1,\"name\":\"Accueil\",\"item\":\"https:\/\/blogs.esam-c2.fr\/design-graphique\/\"},{\"@type\":\"ListItem\",\"position\":2,\"name\":\"Concours de dessins d\u2019humour 2012\"}]},{\"@type\":\"WebSite\",\"@id\":\"https:\/\/blogs.esam-c2.fr\/design-graphique\/#website\",\"url\":\"https:\/\/blogs.esam-c2.fr\/design-graphique\/\",\"name\":\"\/\/\/design graphique\/\u00e9sam-c2\/\",\"description\":\"site d&#039;archives et d&#039;informations \/ cours de graphisme \/ Caen\",\"potentialAction\":[{\"@type\":\"SearchAction\",\"target\":{\"@type\":\"EntryPoint\",\"urlTemplate\":\"https:\/\/blogs.esam-c2.fr\/design-graphique\/?s={search_term_string}\"},\"query-input\":{\"@type\":\"PropertyValueSpecification\",\"valueRequired\":true,\"valueName\":\"search_term_string\"}}],\"inLanguage\":\"fr-FR\"},{\"@type\":\"Person\",\"@id\":\"https:\/\/blogs.esam-c2.fr\/design-graphique\/#\/schema\/person\/6efbec67260ce9db24bba1e54d41e7c6\",\"name\":\"Sarah Fouquet\",\"image\":{\"@type\":\"ImageObject\",\"inLanguage\":\"fr-FR\",\"@id\":\"https:\/\/secure.gravatar.com\/avatar\/626f51a6ce51986c9e9cb4180fd263979c686cef2e0eff37e4a86a5095755363?s=96&d=mm&r=g\",\"url\":\"https:\/\/secure.gravatar.com\/avatar\/626f51a6ce51986c9e9cb4180fd263979c686cef2e0eff37e4a86a5095755363?s=96&d=mm&r=g\",\"contentUrl\":\"https:\/\/secure.gravatar.com\/avatar\/626f51a6ce51986c9e9cb4180fd263979c686cef2e0eff37e4a86a5095755363?s=96&d=mm&r=g\",\"caption\":\"Sarah Fouquet\"},\"description\":\"Dessinatrice, graphiste, auto-\u00e9ditrice, enseigne l'image dans le d\u00e9partement design graphique de l'\u00e9cole sup\u00e9rieure d\u2019arts et m\u00e9dias de Caen\",\"url\":\"https:\/\/blogs.esam-c2.fr\/design-graphique\/author\/design-graphique\/\"}]}<\/script>\n<!-- \/ Yoast SEO plugin. -->","yoast_head_json":{"title":"Concours de dessins d\u2019humour 2012 - \/\/\/design graphique\/\u00e9sam-c2\/","robots":{"index":"index","follow":"follow","max-snippet":"max-snippet:-1","max-image-preview":"max-image-preview:large","max-video-preview":"max-video-preview:-1"},"canonical":"https:\/\/blogs.esam-c2.fr\/design-graphique\/concours-de-dessins-d\u2019humour-2012\/","og_locale":"fr_FR","og_type":"article","og_title":"Concours de dessins d\u2019humour 2012 - \/\/\/design graphique\/\u00e9sam-c2\/","og_description":"\/\/\/ Deuxi\u00e8me \u00e9dition du concours de l&rsquo;association Rirenvert &gt; Sujet : L\u2019\u00e9cologie vous transporte ! Rirenvert lance \u00e0 l\u2019occasion de la Semaine du d\u00e9veloppement durable 2012, un concours de dessins d\u2019humour pour les jeunes sur les transports de demain parrain\u00e9 &hellip; Continuer la lecture &rarr;","og_url":"https:\/\/blogs.esam-c2.fr\/design-graphique\/concours-de-dessins-d\u2019humour-2012\/","og_site_name":"\/\/\/design graphique\/\u00e9sam-c2\/","article_published_time":"2012-03-11T18:27:32+00:00","article_modified_time":"2012-03-11T18:35:19+00:00","og_image":[{"url":"http:\/\/blogs.esam-c2.fr\/design-graphique\/files\/2012\/03\/visuel-concours-2012.jpg","type":"","width":"","height":""}],"author":"Sarah Fouquet","twitter_card":"summary_large_image","twitter_misc":{"\u00c9crit par":"Sarah Fouquet","Dur\u00e9e de lecture estim\u00e9e":"1 minute"},"schema":{"@context":"https:\/\/schema.org","@graph":[{"@type":"Article","@id":"https:\/\/blogs.esam-c2.fr\/design-graphique\/concours-de-dessins-d%e2%80%99humour-2012\/#article","isPartOf":{"@id":"https:\/\/blogs.esam-c2.fr\/design-graphique\/concours-de-dessins-d%e2%80%99humour-2012\/"},"author":{"name":"Sarah Fouquet","@id":"https:\/\/blogs.esam-c2.fr\/design-graphique\/#\/schema\/person\/6efbec67260ce9db24bba1e54d41e7c6"},"headline":"Concours de dessins d\u2019humour 2012","datePublished":"2012-03-11T18:27:32+00:00","dateModified":"2012-03-11T18:35:19+00:00","mainEntityOfPage":{"@id":"https:\/\/blogs.esam-c2.fr\/design-graphique\/concours-de-dessins-d%e2%80%99humour-2012\/"},"wordCount":230,"image":{"@id":"https:\/\/blogs.esam-c2.fr\/design-graphique\/concours-de-dessins-d%e2%80%99humour-2012\/#primaryimage"},"thumbnailUrl":"http:\/\/blogs.esam-c2.fr\/design-graphique\/files\/2012\/03\/visuel-concours-2012.jpg","articleSection":["2012","actu","concours","dessin de presse","\u00e9v\u00e8nement","illustration","info"],"inLanguage":"fr-FR"},{"@type":"WebPage","@id":"https:\/\/blogs.esam-c2.fr\/design-graphique\/concours-de-dessins-d%e2%80%99humour-2012\/","url":"https:\/\/blogs.esam-c2.fr\/design-graphique\/concours-de-dessins-d%e2%80%99humour-2012\/","name":"Concours de dessins d\u2019humour 2012 - \/\/\/design graphique\/\u00e9sam-c2\/","isPartOf":{"@id":"https:\/\/blogs.esam-c2.fr\/design-graphique\/#website"},"primaryImageOfPage":{"@id":"https:\/\/blogs.esam-c2.fr\/design-graphique\/concours-de-dessins-d%e2%80%99humour-2012\/#primaryimage"},"image":{"@id":"https:\/\/blogs.esam-c2.fr\/design-graphique\/concours-de-dessins-d%e2%80%99humour-2012\/#primaryimage"},"thumbnailUrl":"http:\/\/blogs.esam-c2.fr\/design-graphique\/files\/2012\/03\/visuel-concours-2012.jpg","datePublished":"2012-03-11T18:27:32+00:00","dateModified":"2012-03-11T18:35:19+00:00","author":{"@id":"https:\/\/blogs.esam-c2.fr\/design-graphique\/#\/schema\/person\/6efbec67260ce9db24bba1e54d41e7c6"},"breadcrumb":{"@id":"https:\/\/blogs.esam-c2.fr\/design-graphique\/concours-de-dessins-d%e2%80%99humour-2012\/#breadcrumb"},"inLanguage":"fr-FR","potentialAction":[{"@type":"ReadAction","target":["https:\/\/blogs.esam-c2.fr\/design-graphique\/concours-de-dessins-d%e2%80%99humour-2012\/"]}]},{"@type":"ImageObject","inLanguage":"fr-FR","@id":"https:\/\/blogs.esam-c2.fr\/design-graphique\/concours-de-dessins-d%e2%80%99humour-2012\/#primaryimage","url":"http:\/\/blogs.esam-c2.fr\/design-graphique\/files\/2012\/03\/visuel-concours-2012.jpg","contentUrl":"http:\/\/blogs.esam-c2.fr\/design-graphique\/files\/2012\/03\/visuel-concours-2012.jpg"},{"@type":"BreadcrumbList","@id":"https:\/\/blogs.esam-c2.fr\/design-graphique\/concours-de-dessins-d%e2%80%99humour-2012\/#breadcrumb","itemListElement":[{"@type":"ListItem","position":1,"name":"Accueil","item":"https:\/\/blogs.esam-c2.fr\/design-graphique\/"},{"@type":"ListItem","position":2,"name":"Concours de dessins d\u2019humour 2012"}]},{"@type":"WebSite","@id":"https:\/\/blogs.esam-c2.fr\/design-graphique\/#website","url":"https:\/\/blogs.esam-c2.fr\/design-graphique\/","name":"\/\/\/design graphique\/\u00e9sam-c2\/","description":"site d&#039;archives et d&#039;informations \/ cours de graphisme \/ Caen","potentialAction":[{"@type":"SearchAction","target":{"@type":"EntryPoint","urlTemplate":"https:\/\/blogs.esam-c2.fr\/design-graphique\/?s={search_term_string}"},"query-input":{"@type":"PropertyValueSpecification","valueRequired":true,"valueName":"search_term_string"}}],"inLanguage":"fr-FR"},{"@type":"Person","@id":"https:\/\/blogs.esam-c2.fr\/design-graphique\/#\/schema\/person\/6efbec67260ce9db24bba1e54d41e7c6","name":"Sarah Fouquet","image":{"@type":"ImageObject","inLanguage":"fr-FR","@id":"https:\/\/secure.gravatar.com\/avatar\/626f51a6ce51986c9e9cb4180fd263979c686cef2e0eff37e4a86a5095755363?s=96&d=mm&r=g","url":"https:\/\/secure.gravatar.com\/avatar\/626f51a6ce51986c9e9cb4180fd263979c686cef2e0eff37e4a86a5095755363?s=96&d=mm&r=g","contentUrl":"https:\/\/secure.gravatar.com\/avatar\/626f51a6ce51986c9e9cb4180fd263979c686cef2e0eff37e4a86a5095755363?s=96&d=mm&r=g","caption":"Sarah Fouquet"},"description":"Dessinatrice, graphiste, auto-\u00e9ditrice, enseigne l'image dans le d\u00e9partement design graphique de l'\u00e9cole sup\u00e9rieure d\u2019arts et m\u00e9dias de Caen","url":"https:\/\/blogs.esam-c2.fr\/design-graphique\/author\/design-graphique\/"}]}},"_links":{"self":[{"href":"https:\/\/blogs.esam-c2.fr\/design-graphique\/wp-json\/wp\/v2\/posts\/1245","targetHints":{"allow":["GET"]}}],"collection":[{"href":"https:\/\/blogs.esam-c2.fr\/design-graphique\/wp-json\/wp\/v2\/posts"}],"about":[{"href":"https:\/\/blogs.esam-c2.fr\/design-graphique\/wp-json\/wp\/v2\/types\/post"}],"author":[{"embeddable":true,"href":"https:\/\/blogs.esam-c2.fr\/design-graphique\/wp-json\/wp\/v2\/users\/7"}],"replies":[{"embeddable":true,"href":"https:\/\/blogs.esam-c2.fr\/design-graphique\/wp-json\/wp\/v2\/comments?post=1245"}],"version-history":[{"count":5,"href":"https:\/\/blogs.esam-c2.fr\/design-graphique\/wp-json\/wp\/v2\/posts\/1245\/revisions"}],"predecessor-version":[{"id":1265,"href":"https:\/\/blogs.esam-c2.fr\/design-graphique\/wp-json\/wp\/v2\/posts\/1245\/revisions\/1265"}],"wp:attachment":[{"href":"https:\/\/blogs.esam-c2.fr\/design-graphique\/wp-json\/wp\/v2\/media?parent=1245"}],"wp:term":[{"taxonomy":"category","embeddable":true,"href":"https:\/\/blogs.esam-c2.fr\/design-graphique\/wp-json\/wp\/v2\/categories?post=1245"},{"taxonomy":"post_tag","embeddable":true,"href":"https:\/\/blogs.esam-c2.fr\/design-graphique\/wp-json\/wp\/v2\/tags?post=1245"}],"curies":[{"name":"wp","href":"https:\/\/api.w.org\/{rel}","templated":true}]}}