{"id":1278,"date":"2012-04-23T21:21:57","date_gmt":"2012-04-23T21:21:57","guid":{"rendered":"http:\/\/blogs.esam-c2.fr\/design-graphique\/?p=1278"},"modified":"2012-04-23T21:21:57","modified_gmt":"2012-04-23T21:21:57","slug":"art-siegelman-a-la-bpi","status":"publish","type":"post","link":"https:\/\/blogs.esam-c2.fr\/design-graphique\/art-siegelman-a-la-bpi\/","title":{"rendered":"Art Siegelman \u00e0 la BPI"},"content":{"rendered":"<p><strong>\/\/\/ Exposition Spiegelman &gt;<\/strong><\/p>\n<p>Que ce soit en qualit\u00e9 d&rsquo;auteur de bande dessin\u00e9e, d&rsquo;illustrateur, d&rsquo;\u00e9diteur ou de critique, Art Spiegelman a depuis longtemps dynamit\u00e9 les fronti\u00e8res qui s\u00e9parent en apparence la culture savante de la pop-culture. \u00c0 travers Maus, pierre angulaire d&rsquo;une forme de r\u00e9cit en images que l&rsquo;on appelle parfois, \u00e0 tort ou \u00e0 raison, \u00ab\u00a0roman graphique\u00a0\u00bb, Spiegelman a prouv\u00e9 par l&rsquo;exemple que la bande dessin\u00e9e n&rsquo;\u00e9tait pas condamn\u00e9e au divertissement pour la jeunesse et qu&rsquo;elle pouvait aborder avec justesse et intensit\u00e9 un sujet aussi dramatique que l&rsquo;Holocauste sans renoncer \u00e0 l&rsquo;insolence ou \u00e0 la subversion.<br \/>\nEn dehors de Maus, somme monumentale r\u00e9compens\u00e9e en 1992 par un Prix Pulitzer, l&rsquo;oeuvre de Spiegelman se compose \u00e0 la fois d&rsquo;histoires courtes et d&rsquo;instantan\u00e9s parus dans des revues underground ou dans des magazines prestigieux, mais aussi d&rsquo;illustrations pour la presse ou l&rsquo;\u00e9dition litt\u00e9raire. Cr\u00e9ateur exigeant et perfectionniste, Art Spiegelman r\u00e9v\u00e8le, \u00e0 travers ses images, tout autant que dans le d\u00e9coupage de ses planches, un sens de la composition qui ne c\u00e8de rien au hasard. Auteur radical au style prot\u00e9iforme, cet \u00e9rudit de l&rsquo;histoire de la bande dessin\u00e9e a toujours su adapter la forme de son trait \u00e0 la justesse de son propos. Il a en outre \u00e9pous\u00e9 avec int\u00e9grit\u00e9 le genre autobiographique, d\u00e9montrant que le m\u00e9tissage de mots et de dessins propre \u00e0 la bande dessin\u00e9e \u00e9tait un medium \u00e0 part enti\u00e8re et non un sous-genre, et pouvait exprimer les introspections les plus intimes aussi bien que la litt\u00e9rature, les beaux-arts ou le cin\u00e9ma.<\/p>\n<p><a href=\"http:\/\/blogs.esam-c2.fr\/design-graphique\/files\/2012\/04\/SPIEGELMAN1.jpg\"><img loading=\"lazy\" decoding=\"async\" class=\"alignleft  wp-image-1279\" src=\"http:\/\/blogs.esam-c2.fr\/design-graphique\/files\/2012\/04\/SPIEGELMAN1.jpg\" alt=\"\" width=\"420\" height=\"545\" srcset=\"https:\/\/blogs.esam-c2.fr\/design-graphique\/files\/2012\/04\/SPIEGELMAN1.jpg 600w, https:\/\/blogs.esam-c2.fr\/design-graphique\/files\/2012\/04\/SPIEGELMAN1-231x300.jpg 231w\" sizes=\"auto, (max-width: 420px) 100vw, 420px\" \/><\/a><\/p>\n<p>&nbsp;<\/p>\n<p><strong>\/\/\/ Toutes les informations &gt;<\/strong><\/p>\n<p><em>Art Spiegelman, co-mix<\/em><\/p>\n<p><em>Une r\u00e9trospective de bandes dessin\u00e9es, graphisme et d\u00e9bris divers<\/em><\/p>\n<p>du 21 mars au 21 mai \u00e0 la BPI (Centre Pompidou) &gt; <a href=\"http:\/\/www.bpi.fr\/fr\/les_dossiers\/arts2\/art_spiegelman.html\">bpi.fr<\/a><\/p>\n<p>&nbsp;<\/p>\n","protected":false},"excerpt":{"rendered":"<p>\/\/\/ Exposition Spiegelman &gt; Que ce soit en qualit\u00e9 d&rsquo;auteur de bande dessin\u00e9e, d&rsquo;illustrateur, d&rsquo;\u00e9diteur ou de critique, Art Spiegelman a depuis longtemps dynamit\u00e9 les fronti\u00e8res qui s\u00e9parent en apparence la culture savante de la pop-culture. \u00c0 travers Maus, pierre &hellip; <a href=\"https:\/\/blogs.esam-c2.fr\/design-graphique\/art-siegelman-a-la-bpi\/\">Continuer la lecture <span class=\"meta-nav\">&rarr;<\/span><\/a><\/p>\n","protected":false},"author":7,"featured_media":0,"comment_status":"closed","ping_status":"open","sticky":false,"template":"","format":"standard","meta":{"footnotes":""},"categories":[50,44,51,9],"tags":[],"class_list":["post-1278","post","type-post","status-publish","format-standard","hentry","category-50","category-actu","category-bd","category-expo"],"yoast_head":"<!-- This site is optimized with the Yoast SEO plugin v27.2 - https:\/\/yoast.com\/product\/yoast-seo-wordpress\/ -->\n<title>Art Siegelman \u00e0 la BPI - \/\/\/design graphique\/\u00e9sam-c2\/<\/title>\n<meta name=\"robots\" content=\"index, follow, max-snippet:-1, max-image-preview:large, max-video-preview:-1\" \/>\n<link rel=\"canonical\" href=\"https:\/\/blogs.esam-c2.fr\/design-graphique\/art-siegelman-a-la-bpi\/\" \/>\n<meta property=\"og:locale\" content=\"fr_FR\" \/>\n<meta property=\"og:type\" content=\"article\" \/>\n<meta property=\"og:title\" content=\"Art Siegelman \u00e0 la BPI - \/\/\/design graphique\/\u00e9sam-c2\/\" \/>\n<meta property=\"og:description\" content=\"\/\/\/ Exposition Spiegelman &gt; Que ce soit en qualit\u00e9 d&rsquo;auteur de bande dessin\u00e9e, d&rsquo;illustrateur, d&rsquo;\u00e9diteur ou de critique, Art Spiegelman a depuis longtemps dynamit\u00e9 les fronti\u00e8res qui s\u00e9parent en apparence la culture savante de la pop-culture. \u00c0 travers Maus, pierre &hellip; Continuer la lecture &rarr;\" \/>\n<meta property=\"og:url\" content=\"https:\/\/blogs.esam-c2.fr\/design-graphique\/art-siegelman-a-la-bpi\/\" \/>\n<meta property=\"og:site_name\" content=\"\/\/\/design graphique\/\u00e9sam-c2\/\" \/>\n<meta property=\"article:published_time\" content=\"2012-04-23T21:21:57+00:00\" \/>\n<meta property=\"og:image\" content=\"http:\/\/blogs.esam-c2.fr\/design-graphique\/files\/2012\/04\/SPIEGELMAN1.jpg\" \/>\n<meta name=\"author\" content=\"Sarah Fouquet\" \/>\n<meta name=\"twitter:card\" content=\"summary_large_image\" \/>\n<meta name=\"twitter:label1\" content=\"\u00c9crit par\" \/>\n\t<meta name=\"twitter:data1\" content=\"Sarah Fouquet\" \/>\n\t<meta name=\"twitter:label2\" content=\"Dur\u00e9e de lecture estim\u00e9e\" \/>\n\t<meta name=\"twitter:data2\" content=\"1 minute\" \/>\n<script type=\"application\/ld+json\" class=\"yoast-schema-graph\">{\"@context\":\"https:\/\/schema.org\",\"@graph\":[{\"@type\":\"Article\",\"@id\":\"https:\/\/blogs.esam-c2.fr\/design-graphique\/art-siegelman-a-la-bpi\/#article\",\"isPartOf\":{\"@id\":\"https:\/\/blogs.esam-c2.fr\/design-graphique\/art-siegelman-a-la-bpi\/\"},\"author\":{\"name\":\"Sarah Fouquet\",\"@id\":\"https:\/\/blogs.esam-c2.fr\/design-graphique\/#\/schema\/person\/6efbec67260ce9db24bba1e54d41e7c6\"},\"headline\":\"Art Siegelman \u00e0 la BPI\",\"datePublished\":\"2012-04-23T21:21:57+00:00\",\"mainEntityOfPage\":{\"@id\":\"https:\/\/blogs.esam-c2.fr\/design-graphique\/art-siegelman-a-la-bpi\/\"},\"wordCount\":316,\"image\":{\"@id\":\"https:\/\/blogs.esam-c2.fr\/design-graphique\/art-siegelman-a-la-bpi\/#primaryimage\"},\"thumbnailUrl\":\"http:\/\/blogs.esam-c2.fr\/design-graphique\/files\/2012\/04\/SPIEGELMAN1.jpg\",\"articleSection\":[\"2012\",\"actu\",\"BD\",\"expo\"],\"inLanguage\":\"fr-FR\"},{\"@type\":\"WebPage\",\"@id\":\"https:\/\/blogs.esam-c2.fr\/design-graphique\/art-siegelman-a-la-bpi\/\",\"url\":\"https:\/\/blogs.esam-c2.fr\/design-graphique\/art-siegelman-a-la-bpi\/\",\"name\":\"Art Siegelman \u00e0 la BPI - \/\/\/design graphique\/\u00e9sam-c2\/\",\"isPartOf\":{\"@id\":\"https:\/\/blogs.esam-c2.fr\/design-graphique\/#website\"},\"primaryImageOfPage\":{\"@id\":\"https:\/\/blogs.esam-c2.fr\/design-graphique\/art-siegelman-a-la-bpi\/#primaryimage\"},\"image\":{\"@id\":\"https:\/\/blogs.esam-c2.fr\/design-graphique\/art-siegelman-a-la-bpi\/#primaryimage\"},\"thumbnailUrl\":\"http:\/\/blogs.esam-c2.fr\/design-graphique\/files\/2012\/04\/SPIEGELMAN1.jpg\",\"datePublished\":\"2012-04-23T21:21:57+00:00\",\"author\":{\"@id\":\"https:\/\/blogs.esam-c2.fr\/design-graphique\/#\/schema\/person\/6efbec67260ce9db24bba1e54d41e7c6\"},\"breadcrumb\":{\"@id\":\"https:\/\/blogs.esam-c2.fr\/design-graphique\/art-siegelman-a-la-bpi\/#breadcrumb\"},\"inLanguage\":\"fr-FR\",\"potentialAction\":[{\"@type\":\"ReadAction\",\"target\":[\"https:\/\/blogs.esam-c2.fr\/design-graphique\/art-siegelman-a-la-bpi\/\"]}]},{\"@type\":\"ImageObject\",\"inLanguage\":\"fr-FR\",\"@id\":\"https:\/\/blogs.esam-c2.fr\/design-graphique\/art-siegelman-a-la-bpi\/#primaryimage\",\"url\":\"http:\/\/blogs.esam-c2.fr\/design-graphique\/files\/2012\/04\/SPIEGELMAN1.jpg\",\"contentUrl\":\"http:\/\/blogs.esam-c2.fr\/design-graphique\/files\/2012\/04\/SPIEGELMAN1.jpg\"},{\"@type\":\"BreadcrumbList\",\"@id\":\"https:\/\/blogs.esam-c2.fr\/design-graphique\/art-siegelman-a-la-bpi\/#breadcrumb\",\"itemListElement\":[{\"@type\":\"ListItem\",\"position\":1,\"name\":\"Accueil\",\"item\":\"https:\/\/blogs.esam-c2.fr\/design-graphique\/\"},{\"@type\":\"ListItem\",\"position\":2,\"name\":\"Art Siegelman \u00e0 la BPI\"}]},{\"@type\":\"WebSite\",\"@id\":\"https:\/\/blogs.esam-c2.fr\/design-graphique\/#website\",\"url\":\"https:\/\/blogs.esam-c2.fr\/design-graphique\/\",\"name\":\"\/\/\/design graphique\/\u00e9sam-c2\/\",\"description\":\"site d&#039;archives et d&#039;informations \/ cours de graphisme \/ Caen\",\"potentialAction\":[{\"@type\":\"SearchAction\",\"target\":{\"@type\":\"EntryPoint\",\"urlTemplate\":\"https:\/\/blogs.esam-c2.fr\/design-graphique\/?s={search_term_string}\"},\"query-input\":{\"@type\":\"PropertyValueSpecification\",\"valueRequired\":true,\"valueName\":\"search_term_string\"}}],\"inLanguage\":\"fr-FR\"},{\"@type\":\"Person\",\"@id\":\"https:\/\/blogs.esam-c2.fr\/design-graphique\/#\/schema\/person\/6efbec67260ce9db24bba1e54d41e7c6\",\"name\":\"Sarah Fouquet\",\"image\":{\"@type\":\"ImageObject\",\"inLanguage\":\"fr-FR\",\"@id\":\"https:\/\/secure.gravatar.com\/avatar\/626f51a6ce51986c9e9cb4180fd263979c686cef2e0eff37e4a86a5095755363?s=96&d=mm&r=g\",\"url\":\"https:\/\/secure.gravatar.com\/avatar\/626f51a6ce51986c9e9cb4180fd263979c686cef2e0eff37e4a86a5095755363?s=96&d=mm&r=g\",\"contentUrl\":\"https:\/\/secure.gravatar.com\/avatar\/626f51a6ce51986c9e9cb4180fd263979c686cef2e0eff37e4a86a5095755363?s=96&d=mm&r=g\",\"caption\":\"Sarah Fouquet\"},\"description\":\"Dessinatrice, graphiste, auto-\u00e9ditrice, enseigne l'image dans le d\u00e9partement design graphique de l'\u00e9cole sup\u00e9rieure d\u2019arts et m\u00e9dias de Caen\",\"url\":\"https:\/\/blogs.esam-c2.fr\/design-graphique\/author\/design-graphique\/\"}]}<\/script>\n<!-- \/ Yoast SEO plugin. -->","yoast_head_json":{"title":"Art Siegelman \u00e0 la BPI - \/\/\/design graphique\/\u00e9sam-c2\/","robots":{"index":"index","follow":"follow","max-snippet":"max-snippet:-1","max-image-preview":"max-image-preview:large","max-video-preview":"max-video-preview:-1"},"canonical":"https:\/\/blogs.esam-c2.fr\/design-graphique\/art-siegelman-a-la-bpi\/","og_locale":"fr_FR","og_type":"article","og_title":"Art Siegelman \u00e0 la BPI - \/\/\/design graphique\/\u00e9sam-c2\/","og_description":"\/\/\/ Exposition Spiegelman &gt; Que ce soit en qualit\u00e9 d&rsquo;auteur de bande dessin\u00e9e, d&rsquo;illustrateur, d&rsquo;\u00e9diteur ou de critique, Art Spiegelman a depuis longtemps dynamit\u00e9 les fronti\u00e8res qui s\u00e9parent en apparence la culture savante de la pop-culture. \u00c0 travers Maus, pierre &hellip; Continuer la lecture &rarr;","og_url":"https:\/\/blogs.esam-c2.fr\/design-graphique\/art-siegelman-a-la-bpi\/","og_site_name":"\/\/\/design graphique\/\u00e9sam-c2\/","article_published_time":"2012-04-23T21:21:57+00:00","og_image":[{"url":"http:\/\/blogs.esam-c2.fr\/design-graphique\/files\/2012\/04\/SPIEGELMAN1.jpg","type":"","width":"","height":""}],"author":"Sarah Fouquet","twitter_card":"summary_large_image","twitter_misc":{"\u00c9crit par":"Sarah Fouquet","Dur\u00e9e de lecture estim\u00e9e":"1 minute"},"schema":{"@context":"https:\/\/schema.org","@graph":[{"@type":"Article","@id":"https:\/\/blogs.esam-c2.fr\/design-graphique\/art-siegelman-a-la-bpi\/#article","isPartOf":{"@id":"https:\/\/blogs.esam-c2.fr\/design-graphique\/art-siegelman-a-la-bpi\/"},"author":{"name":"Sarah Fouquet","@id":"https:\/\/blogs.esam-c2.fr\/design-graphique\/#\/schema\/person\/6efbec67260ce9db24bba1e54d41e7c6"},"headline":"Art Siegelman \u00e0 la BPI","datePublished":"2012-04-23T21:21:57+00:00","mainEntityOfPage":{"@id":"https:\/\/blogs.esam-c2.fr\/design-graphique\/art-siegelman-a-la-bpi\/"},"wordCount":316,"image":{"@id":"https:\/\/blogs.esam-c2.fr\/design-graphique\/art-siegelman-a-la-bpi\/#primaryimage"},"thumbnailUrl":"http:\/\/blogs.esam-c2.fr\/design-graphique\/files\/2012\/04\/SPIEGELMAN1.jpg","articleSection":["2012","actu","BD","expo"],"inLanguage":"fr-FR"},{"@type":"WebPage","@id":"https:\/\/blogs.esam-c2.fr\/design-graphique\/art-siegelman-a-la-bpi\/","url":"https:\/\/blogs.esam-c2.fr\/design-graphique\/art-siegelman-a-la-bpi\/","name":"Art Siegelman \u00e0 la BPI - \/\/\/design graphique\/\u00e9sam-c2\/","isPartOf":{"@id":"https:\/\/blogs.esam-c2.fr\/design-graphique\/#website"},"primaryImageOfPage":{"@id":"https:\/\/blogs.esam-c2.fr\/design-graphique\/art-siegelman-a-la-bpi\/#primaryimage"},"image":{"@id":"https:\/\/blogs.esam-c2.fr\/design-graphique\/art-siegelman-a-la-bpi\/#primaryimage"},"thumbnailUrl":"http:\/\/blogs.esam-c2.fr\/design-graphique\/files\/2012\/04\/SPIEGELMAN1.jpg","datePublished":"2012-04-23T21:21:57+00:00","author":{"@id":"https:\/\/blogs.esam-c2.fr\/design-graphique\/#\/schema\/person\/6efbec67260ce9db24bba1e54d41e7c6"},"breadcrumb":{"@id":"https:\/\/blogs.esam-c2.fr\/design-graphique\/art-siegelman-a-la-bpi\/#breadcrumb"},"inLanguage":"fr-FR","potentialAction":[{"@type":"ReadAction","target":["https:\/\/blogs.esam-c2.fr\/design-graphique\/art-siegelman-a-la-bpi\/"]}]},{"@type":"ImageObject","inLanguage":"fr-FR","@id":"https:\/\/blogs.esam-c2.fr\/design-graphique\/art-siegelman-a-la-bpi\/#primaryimage","url":"http:\/\/blogs.esam-c2.fr\/design-graphique\/files\/2012\/04\/SPIEGELMAN1.jpg","contentUrl":"http:\/\/blogs.esam-c2.fr\/design-graphique\/files\/2012\/04\/SPIEGELMAN1.jpg"},{"@type":"BreadcrumbList","@id":"https:\/\/blogs.esam-c2.fr\/design-graphique\/art-siegelman-a-la-bpi\/#breadcrumb","itemListElement":[{"@type":"ListItem","position":1,"name":"Accueil","item":"https:\/\/blogs.esam-c2.fr\/design-graphique\/"},{"@type":"ListItem","position":2,"name":"Art Siegelman \u00e0 la BPI"}]},{"@type":"WebSite","@id":"https:\/\/blogs.esam-c2.fr\/design-graphique\/#website","url":"https:\/\/blogs.esam-c2.fr\/design-graphique\/","name":"\/\/\/design graphique\/\u00e9sam-c2\/","description":"site d&#039;archives et d&#039;informations \/ cours de graphisme \/ Caen","potentialAction":[{"@type":"SearchAction","target":{"@type":"EntryPoint","urlTemplate":"https:\/\/blogs.esam-c2.fr\/design-graphique\/?s={search_term_string}"},"query-input":{"@type":"PropertyValueSpecification","valueRequired":true,"valueName":"search_term_string"}}],"inLanguage":"fr-FR"},{"@type":"Person","@id":"https:\/\/blogs.esam-c2.fr\/design-graphique\/#\/schema\/person\/6efbec67260ce9db24bba1e54d41e7c6","name":"Sarah Fouquet","image":{"@type":"ImageObject","inLanguage":"fr-FR","@id":"https:\/\/secure.gravatar.com\/avatar\/626f51a6ce51986c9e9cb4180fd263979c686cef2e0eff37e4a86a5095755363?s=96&d=mm&r=g","url":"https:\/\/secure.gravatar.com\/avatar\/626f51a6ce51986c9e9cb4180fd263979c686cef2e0eff37e4a86a5095755363?s=96&d=mm&r=g","contentUrl":"https:\/\/secure.gravatar.com\/avatar\/626f51a6ce51986c9e9cb4180fd263979c686cef2e0eff37e4a86a5095755363?s=96&d=mm&r=g","caption":"Sarah Fouquet"},"description":"Dessinatrice, graphiste, auto-\u00e9ditrice, enseigne l'image dans le d\u00e9partement design graphique de l'\u00e9cole sup\u00e9rieure d\u2019arts et m\u00e9dias de Caen","url":"https:\/\/blogs.esam-c2.fr\/design-graphique\/author\/design-graphique\/"}]}},"_links":{"self":[{"href":"https:\/\/blogs.esam-c2.fr\/design-graphique\/wp-json\/wp\/v2\/posts\/1278","targetHints":{"allow":["GET"]}}],"collection":[{"href":"https:\/\/blogs.esam-c2.fr\/design-graphique\/wp-json\/wp\/v2\/posts"}],"about":[{"href":"https:\/\/blogs.esam-c2.fr\/design-graphique\/wp-json\/wp\/v2\/types\/post"}],"author":[{"embeddable":true,"href":"https:\/\/blogs.esam-c2.fr\/design-graphique\/wp-json\/wp\/v2\/users\/7"}],"replies":[{"embeddable":true,"href":"https:\/\/blogs.esam-c2.fr\/design-graphique\/wp-json\/wp\/v2\/comments?post=1278"}],"version-history":[{"count":1,"href":"https:\/\/blogs.esam-c2.fr\/design-graphique\/wp-json\/wp\/v2\/posts\/1278\/revisions"}],"predecessor-version":[{"id":1280,"href":"https:\/\/blogs.esam-c2.fr\/design-graphique\/wp-json\/wp\/v2\/posts\/1278\/revisions\/1280"}],"wp:attachment":[{"href":"https:\/\/blogs.esam-c2.fr\/design-graphique\/wp-json\/wp\/v2\/media?parent=1278"}],"wp:term":[{"taxonomy":"category","embeddable":true,"href":"https:\/\/blogs.esam-c2.fr\/design-graphique\/wp-json\/wp\/v2\/categories?post=1278"},{"taxonomy":"post_tag","embeddable":true,"href":"https:\/\/blogs.esam-c2.fr\/design-graphique\/wp-json\/wp\/v2\/tags?post=1278"}],"curies":[{"name":"wp","href":"https:\/\/api.w.org\/{rel}","templated":true}]}}