{"id":1310,"date":"2012-04-12T17:22:57","date_gmt":"2012-04-12T17:22:57","guid":{"rendered":"http:\/\/blogs.esam-c2.fr\/design-graphique\/?p=1310"},"modified":"2012-05-06T17:32:06","modified_gmt":"2012-05-06T17:32:06","slug":"le-peuple-veut-a-estienne","status":"publish","type":"post","link":"https:\/\/blogs.esam-c2.fr\/design-graphique\/le-peuple-veut-a-estienne\/","title":{"rendered":"Le peuple veut \u00e0 Estienne"},"content":{"rendered":"<p><strong>\/\/\/ Exposition Presse Citron &gt;<\/strong><\/p>\n<p>Cette ann\u00e9e le Troph\u00e9e Presse Citron a accueilli une partie de l&rsquo;exposition \u00ab\u00a0Le Peuple Veut\u00a0\u00bb. \u00c9taient pr\u00e9sent\u00e9es quelques dessins de presse\u00a0 sur le printemps arabe.<\/p>\n<div id=\"attachment_1311\" style=\"width: 447px\" class=\"wp-caption alignleft\"><a href=\"http:\/\/blogs.esam-c2.fr\/design-graphique\/files\/2012\/05\/PresseCitron12-1.jpg\"><img loading=\"lazy\" decoding=\"async\" aria-describedby=\"caption-attachment-1311\" class=\" wp-image-1311 \" src=\"http:\/\/blogs.esam-c2.fr\/design-graphique\/files\/2012\/05\/PresseCitron12-1.jpg\" alt=\"\" width=\"437\" height=\"321\" srcset=\"https:\/\/blogs.esam-c2.fr\/design-graphique\/files\/2012\/05\/PresseCitron12-1.jpg 624w, https:\/\/blogs.esam-c2.fr\/design-graphique\/files\/2012\/05\/PresseCitron12-1-300x220.jpg 300w\" sizes=\"auto, (max-width: 437px) 100vw, 437px\" \/><\/a><p id=\"caption-attachment-1311\" class=\"wp-caption-text\">Vue du hall d&#039;exposition<\/p><\/div>\n<p>&nbsp;<\/p>\n<div id=\"attachment_1312\" style=\"width: 447px\" class=\"wp-caption alignleft\"><a href=\"http:\/\/blogs.esam-c2.fr\/design-graphique\/files\/2012\/05\/PresseCitron12-2.jpg\"><img loading=\"lazy\" decoding=\"async\" aria-describedby=\"caption-attachment-1312\" class=\" wp-image-1312 \" src=\"http:\/\/blogs.esam-c2.fr\/design-graphique\/files\/2012\/05\/PresseCitron12-2.jpg\" alt=\"\" width=\"437\" height=\"319\" srcset=\"https:\/\/blogs.esam-c2.fr\/design-graphique\/files\/2012\/05\/PresseCitron12-2.jpg 624w, https:\/\/blogs.esam-c2.fr\/design-graphique\/files\/2012\/05\/PresseCitron12-2-300x218.jpg 300w\" sizes=\"auto, (max-width: 437px) 100vw, 437px\" \/><\/a><p id=\"caption-attachment-1312\" class=\"wp-caption-text\">Vue de l&#039;exposition<\/p><\/div>\n<div id=\"attachment_1313\" style=\"width: 447px\" class=\"wp-caption alignleft\"><a href=\"http:\/\/blogs.esam-c2.fr\/design-graphique\/files\/2012\/05\/PresseCitron12-3.jpg\"><img loading=\"lazy\" decoding=\"async\" aria-describedby=\"caption-attachment-1313\" class=\" wp-image-1313 \" src=\"http:\/\/blogs.esam-c2.fr\/design-graphique\/files\/2012\/05\/PresseCitron12-3.jpg\" alt=\"\" width=\"437\" height=\"328\" srcset=\"https:\/\/blogs.esam-c2.fr\/design-graphique\/files\/2012\/05\/PresseCitron12-3.jpg 624w, https:\/\/blogs.esam-c2.fr\/design-graphique\/files\/2012\/05\/PresseCitron12-3-300x225.jpg 300w\" sizes=\"auto, (max-width: 437px) 100vw, 437px\" \/><\/a><p id=\"caption-attachment-1313\" class=\"wp-caption-text\">Espace &quot;Le Peuple Veut&quot;<\/p><\/div>\n<div id=\"attachment_1314\" style=\"width: 447px\" class=\"wp-caption alignleft\"><a href=\"http:\/\/blogs.esam-c2.fr\/design-graphique\/files\/2012\/05\/PresseCitron12-4.jpg\"><img loading=\"lazy\" decoding=\"async\" aria-describedby=\"caption-attachment-1314\" class=\" wp-image-1314 \" src=\"http:\/\/blogs.esam-c2.fr\/design-graphique\/files\/2012\/05\/PresseCitron12-4.jpg\" alt=\"\" width=\"437\" height=\"328\" srcset=\"https:\/\/blogs.esam-c2.fr\/design-graphique\/files\/2012\/05\/PresseCitron12-4.jpg 624w, https:\/\/blogs.esam-c2.fr\/design-graphique\/files\/2012\/05\/PresseCitron12-4-300x225.jpg 300w\" sizes=\"auto, (max-width: 437px) 100vw, 437px\" \/><\/a><p id=\"caption-attachment-1314\" class=\"wp-caption-text\">Espace &quot;Le Peuple Veut&quot;<\/p><\/div>\n","protected":false},"excerpt":{"rendered":"<p>\/\/\/ Exposition Presse Citron &gt; Cette ann\u00e9e le Troph\u00e9e Presse Citron a accueilli une partie de l&rsquo;exposition \u00ab\u00a0Le Peuple Veut\u00a0\u00bb. \u00c9taient pr\u00e9sent\u00e9es quelques dessins de presse\u00a0 sur le printemps arabe. &nbsp;<\/p>\n","protected":false},"author":7,"featured_media":0,"comment_status":"closed","ping_status":"open","sticky":false,"template":"","format":"standard","meta":{"footnotes":""},"categories":[50,44,41,9],"tags":[],"class_list":["post-1310","post","type-post","status-publish","format-standard","hentry","category-50","category-actu","category-concours","category-expo"],"yoast_head":"<!-- This site is optimized with the Yoast SEO plugin v27.2 - https:\/\/yoast.com\/product\/yoast-seo-wordpress\/ -->\n<title>Le peuple veut \u00e0 Estienne - \/\/\/design graphique\/\u00e9sam-c2\/<\/title>\n<meta name=\"robots\" content=\"index, follow, max-snippet:-1, max-image-preview:large, max-video-preview:-1\" \/>\n<link rel=\"canonical\" href=\"https:\/\/blogs.esam-c2.fr\/design-graphique\/le-peuple-veut-a-estienne\/\" \/>\n<meta property=\"og:locale\" content=\"fr_FR\" \/>\n<meta property=\"og:type\" content=\"article\" \/>\n<meta property=\"og:title\" content=\"Le peuple veut \u00e0 Estienne - \/\/\/design graphique\/\u00e9sam-c2\/\" \/>\n<meta property=\"og:description\" content=\"\/\/\/ Exposition Presse Citron &gt; Cette ann\u00e9e le Troph\u00e9e Presse Citron a accueilli une partie de l&rsquo;exposition \u00ab\u00a0Le Peuple Veut\u00a0\u00bb. \u00c9taient pr\u00e9sent\u00e9es quelques dessins de presse\u00a0 sur le printemps arabe. &nbsp;\" \/>\n<meta property=\"og:url\" content=\"https:\/\/blogs.esam-c2.fr\/design-graphique\/le-peuple-veut-a-estienne\/\" \/>\n<meta property=\"og:site_name\" content=\"\/\/\/design graphique\/\u00e9sam-c2\/\" \/>\n<meta property=\"article:published_time\" content=\"2012-04-12T17:22:57+00:00\" \/>\n<meta property=\"article:modified_time\" content=\"2012-05-06T17:32:06+00:00\" \/>\n<meta property=\"og:image\" content=\"http:\/\/blogs.esam-c2.fr\/design-graphique\/files\/2012\/05\/PresseCitron12-1.jpg\" \/>\n<meta name=\"author\" content=\"Sarah Fouquet\" \/>\n<meta name=\"twitter:card\" content=\"summary_large_image\" \/>\n<meta name=\"twitter:label1\" content=\"\u00c9crit par\" \/>\n\t<meta name=\"twitter:data1\" content=\"Sarah Fouquet\" \/>\n<script type=\"application\/ld+json\" class=\"yoast-schema-graph\">{\"@context\":\"https:\/\/schema.org\",\"@graph\":[{\"@type\":\"Article\",\"@id\":\"https:\/\/blogs.esam-c2.fr\/design-graphique\/le-peuple-veut-a-estienne\/#article\",\"isPartOf\":{\"@id\":\"https:\/\/blogs.esam-c2.fr\/design-graphique\/le-peuple-veut-a-estienne\/\"},\"author\":{\"name\":\"Sarah Fouquet\",\"@id\":\"https:\/\/blogs.esam-c2.fr\/design-graphique\/#\/schema\/person\/6efbec67260ce9db24bba1e54d41e7c6\"},\"headline\":\"Le peuple veut \u00e0 Estienne\",\"datePublished\":\"2012-04-12T17:22:57+00:00\",\"dateModified\":\"2012-05-06T17:32:06+00:00\",\"mainEntityOfPage\":{\"@id\":\"https:\/\/blogs.esam-c2.fr\/design-graphique\/le-peuple-veut-a-estienne\/\"},\"wordCount\":92,\"image\":{\"@id\":\"https:\/\/blogs.esam-c2.fr\/design-graphique\/le-peuple-veut-a-estienne\/#primaryimage\"},\"thumbnailUrl\":\"http:\/\/blogs.esam-c2.fr\/design-graphique\/files\/2012\/05\/PresseCitron12-1.jpg\",\"articleSection\":[\"2012\",\"actu\",\"concours\",\"expo\"],\"inLanguage\":\"fr-FR\"},{\"@type\":\"WebPage\",\"@id\":\"https:\/\/blogs.esam-c2.fr\/design-graphique\/le-peuple-veut-a-estienne\/\",\"url\":\"https:\/\/blogs.esam-c2.fr\/design-graphique\/le-peuple-veut-a-estienne\/\",\"name\":\"Le peuple veut \u00e0 Estienne - \/\/\/design graphique\/\u00e9sam-c2\/\",\"isPartOf\":{\"@id\":\"https:\/\/blogs.esam-c2.fr\/design-graphique\/#website\"},\"primaryImageOfPage\":{\"@id\":\"https:\/\/blogs.esam-c2.fr\/design-graphique\/le-peuple-veut-a-estienne\/#primaryimage\"},\"image\":{\"@id\":\"https:\/\/blogs.esam-c2.fr\/design-graphique\/le-peuple-veut-a-estienne\/#primaryimage\"},\"thumbnailUrl\":\"http:\/\/blogs.esam-c2.fr\/design-graphique\/files\/2012\/05\/PresseCitron12-1.jpg\",\"datePublished\":\"2012-04-12T17:22:57+00:00\",\"dateModified\":\"2012-05-06T17:32:06+00:00\",\"author\":{\"@id\":\"https:\/\/blogs.esam-c2.fr\/design-graphique\/#\/schema\/person\/6efbec67260ce9db24bba1e54d41e7c6\"},\"breadcrumb\":{\"@id\":\"https:\/\/blogs.esam-c2.fr\/design-graphique\/le-peuple-veut-a-estienne\/#breadcrumb\"},\"inLanguage\":\"fr-FR\",\"potentialAction\":[{\"@type\":\"ReadAction\",\"target\":[\"https:\/\/blogs.esam-c2.fr\/design-graphique\/le-peuple-veut-a-estienne\/\"]}]},{\"@type\":\"ImageObject\",\"inLanguage\":\"fr-FR\",\"@id\":\"https:\/\/blogs.esam-c2.fr\/design-graphique\/le-peuple-veut-a-estienne\/#primaryimage\",\"url\":\"http:\/\/blogs.esam-c2.fr\/design-graphique\/files\/2012\/05\/PresseCitron12-1.jpg\",\"contentUrl\":\"http:\/\/blogs.esam-c2.fr\/design-graphique\/files\/2012\/05\/PresseCitron12-1.jpg\"},{\"@type\":\"BreadcrumbList\",\"@id\":\"https:\/\/blogs.esam-c2.fr\/design-graphique\/le-peuple-veut-a-estienne\/#breadcrumb\",\"itemListElement\":[{\"@type\":\"ListItem\",\"position\":1,\"name\":\"Accueil\",\"item\":\"https:\/\/blogs.esam-c2.fr\/design-graphique\/\"},{\"@type\":\"ListItem\",\"position\":2,\"name\":\"Le peuple veut \u00e0 Estienne\"}]},{\"@type\":\"WebSite\",\"@id\":\"https:\/\/blogs.esam-c2.fr\/design-graphique\/#website\",\"url\":\"https:\/\/blogs.esam-c2.fr\/design-graphique\/\",\"name\":\"\/\/\/design graphique\/\u00e9sam-c2\/\",\"description\":\"site d&#039;archives et d&#039;informations \/ cours de graphisme \/ Caen\",\"potentialAction\":[{\"@type\":\"SearchAction\",\"target\":{\"@type\":\"EntryPoint\",\"urlTemplate\":\"https:\/\/blogs.esam-c2.fr\/design-graphique\/?s={search_term_string}\"},\"query-input\":{\"@type\":\"PropertyValueSpecification\",\"valueRequired\":true,\"valueName\":\"search_term_string\"}}],\"inLanguage\":\"fr-FR\"},{\"@type\":\"Person\",\"@id\":\"https:\/\/blogs.esam-c2.fr\/design-graphique\/#\/schema\/person\/6efbec67260ce9db24bba1e54d41e7c6\",\"name\":\"Sarah Fouquet\",\"image\":{\"@type\":\"ImageObject\",\"inLanguage\":\"fr-FR\",\"@id\":\"https:\/\/secure.gravatar.com\/avatar\/626f51a6ce51986c9e9cb4180fd263979c686cef2e0eff37e4a86a5095755363?s=96&d=mm&r=g\",\"url\":\"https:\/\/secure.gravatar.com\/avatar\/626f51a6ce51986c9e9cb4180fd263979c686cef2e0eff37e4a86a5095755363?s=96&d=mm&r=g\",\"contentUrl\":\"https:\/\/secure.gravatar.com\/avatar\/626f51a6ce51986c9e9cb4180fd263979c686cef2e0eff37e4a86a5095755363?s=96&d=mm&r=g\",\"caption\":\"Sarah Fouquet\"},\"description\":\"Dessinatrice, graphiste, auto-\u00e9ditrice, enseigne l'image dans le d\u00e9partement design graphique de l'\u00e9cole sup\u00e9rieure d\u2019arts et m\u00e9dias de Caen\",\"url\":\"https:\/\/blogs.esam-c2.fr\/design-graphique\/author\/design-graphique\/\"}]}<\/script>\n<!-- \/ Yoast SEO plugin. -->","yoast_head_json":{"title":"Le peuple veut \u00e0 Estienne - \/\/\/design graphique\/\u00e9sam-c2\/","robots":{"index":"index","follow":"follow","max-snippet":"max-snippet:-1","max-image-preview":"max-image-preview:large","max-video-preview":"max-video-preview:-1"},"canonical":"https:\/\/blogs.esam-c2.fr\/design-graphique\/le-peuple-veut-a-estienne\/","og_locale":"fr_FR","og_type":"article","og_title":"Le peuple veut \u00e0 Estienne - \/\/\/design graphique\/\u00e9sam-c2\/","og_description":"\/\/\/ Exposition Presse Citron &gt; Cette ann\u00e9e le Troph\u00e9e Presse Citron a accueilli une partie de l&rsquo;exposition \u00ab\u00a0Le Peuple Veut\u00a0\u00bb. \u00c9taient pr\u00e9sent\u00e9es quelques dessins de presse\u00a0 sur le printemps arabe. &nbsp;","og_url":"https:\/\/blogs.esam-c2.fr\/design-graphique\/le-peuple-veut-a-estienne\/","og_site_name":"\/\/\/design graphique\/\u00e9sam-c2\/","article_published_time":"2012-04-12T17:22:57+00:00","article_modified_time":"2012-05-06T17:32:06+00:00","og_image":[{"url":"http:\/\/blogs.esam-c2.fr\/design-graphique\/files\/2012\/05\/PresseCitron12-1.jpg","type":"","width":"","height":""}],"author":"Sarah Fouquet","twitter_card":"summary_large_image","twitter_misc":{"\u00c9crit par":"Sarah Fouquet"},"schema":{"@context":"https:\/\/schema.org","@graph":[{"@type":"Article","@id":"https:\/\/blogs.esam-c2.fr\/design-graphique\/le-peuple-veut-a-estienne\/#article","isPartOf":{"@id":"https:\/\/blogs.esam-c2.fr\/design-graphique\/le-peuple-veut-a-estienne\/"},"author":{"name":"Sarah Fouquet","@id":"https:\/\/blogs.esam-c2.fr\/design-graphique\/#\/schema\/person\/6efbec67260ce9db24bba1e54d41e7c6"},"headline":"Le peuple veut \u00e0 Estienne","datePublished":"2012-04-12T17:22:57+00:00","dateModified":"2012-05-06T17:32:06+00:00","mainEntityOfPage":{"@id":"https:\/\/blogs.esam-c2.fr\/design-graphique\/le-peuple-veut-a-estienne\/"},"wordCount":92,"image":{"@id":"https:\/\/blogs.esam-c2.fr\/design-graphique\/le-peuple-veut-a-estienne\/#primaryimage"},"thumbnailUrl":"http:\/\/blogs.esam-c2.fr\/design-graphique\/files\/2012\/05\/PresseCitron12-1.jpg","articleSection":["2012","actu","concours","expo"],"inLanguage":"fr-FR"},{"@type":"WebPage","@id":"https:\/\/blogs.esam-c2.fr\/design-graphique\/le-peuple-veut-a-estienne\/","url":"https:\/\/blogs.esam-c2.fr\/design-graphique\/le-peuple-veut-a-estienne\/","name":"Le peuple veut \u00e0 Estienne - \/\/\/design graphique\/\u00e9sam-c2\/","isPartOf":{"@id":"https:\/\/blogs.esam-c2.fr\/design-graphique\/#website"},"primaryImageOfPage":{"@id":"https:\/\/blogs.esam-c2.fr\/design-graphique\/le-peuple-veut-a-estienne\/#primaryimage"},"image":{"@id":"https:\/\/blogs.esam-c2.fr\/design-graphique\/le-peuple-veut-a-estienne\/#primaryimage"},"thumbnailUrl":"http:\/\/blogs.esam-c2.fr\/design-graphique\/files\/2012\/05\/PresseCitron12-1.jpg","datePublished":"2012-04-12T17:22:57+00:00","dateModified":"2012-05-06T17:32:06+00:00","author":{"@id":"https:\/\/blogs.esam-c2.fr\/design-graphique\/#\/schema\/person\/6efbec67260ce9db24bba1e54d41e7c6"},"breadcrumb":{"@id":"https:\/\/blogs.esam-c2.fr\/design-graphique\/le-peuple-veut-a-estienne\/#breadcrumb"},"inLanguage":"fr-FR","potentialAction":[{"@type":"ReadAction","target":["https:\/\/blogs.esam-c2.fr\/design-graphique\/le-peuple-veut-a-estienne\/"]}]},{"@type":"ImageObject","inLanguage":"fr-FR","@id":"https:\/\/blogs.esam-c2.fr\/design-graphique\/le-peuple-veut-a-estienne\/#primaryimage","url":"http:\/\/blogs.esam-c2.fr\/design-graphique\/files\/2012\/05\/PresseCitron12-1.jpg","contentUrl":"http:\/\/blogs.esam-c2.fr\/design-graphique\/files\/2012\/05\/PresseCitron12-1.jpg"},{"@type":"BreadcrumbList","@id":"https:\/\/blogs.esam-c2.fr\/design-graphique\/le-peuple-veut-a-estienne\/#breadcrumb","itemListElement":[{"@type":"ListItem","position":1,"name":"Accueil","item":"https:\/\/blogs.esam-c2.fr\/design-graphique\/"},{"@type":"ListItem","position":2,"name":"Le peuple veut \u00e0 Estienne"}]},{"@type":"WebSite","@id":"https:\/\/blogs.esam-c2.fr\/design-graphique\/#website","url":"https:\/\/blogs.esam-c2.fr\/design-graphique\/","name":"\/\/\/design graphique\/\u00e9sam-c2\/","description":"site d&#039;archives et d&#039;informations \/ cours de graphisme \/ Caen","potentialAction":[{"@type":"SearchAction","target":{"@type":"EntryPoint","urlTemplate":"https:\/\/blogs.esam-c2.fr\/design-graphique\/?s={search_term_string}"},"query-input":{"@type":"PropertyValueSpecification","valueRequired":true,"valueName":"search_term_string"}}],"inLanguage":"fr-FR"},{"@type":"Person","@id":"https:\/\/blogs.esam-c2.fr\/design-graphique\/#\/schema\/person\/6efbec67260ce9db24bba1e54d41e7c6","name":"Sarah Fouquet","image":{"@type":"ImageObject","inLanguage":"fr-FR","@id":"https:\/\/secure.gravatar.com\/avatar\/626f51a6ce51986c9e9cb4180fd263979c686cef2e0eff37e4a86a5095755363?s=96&d=mm&r=g","url":"https:\/\/secure.gravatar.com\/avatar\/626f51a6ce51986c9e9cb4180fd263979c686cef2e0eff37e4a86a5095755363?s=96&d=mm&r=g","contentUrl":"https:\/\/secure.gravatar.com\/avatar\/626f51a6ce51986c9e9cb4180fd263979c686cef2e0eff37e4a86a5095755363?s=96&d=mm&r=g","caption":"Sarah Fouquet"},"description":"Dessinatrice, graphiste, auto-\u00e9ditrice, enseigne l'image dans le d\u00e9partement design graphique de l'\u00e9cole sup\u00e9rieure d\u2019arts et m\u00e9dias de Caen","url":"https:\/\/blogs.esam-c2.fr\/design-graphique\/author\/design-graphique\/"}]}},"_links":{"self":[{"href":"https:\/\/blogs.esam-c2.fr\/design-graphique\/wp-json\/wp\/v2\/posts\/1310","targetHints":{"allow":["GET"]}}],"collection":[{"href":"https:\/\/blogs.esam-c2.fr\/design-graphique\/wp-json\/wp\/v2\/posts"}],"about":[{"href":"https:\/\/blogs.esam-c2.fr\/design-graphique\/wp-json\/wp\/v2\/types\/post"}],"author":[{"embeddable":true,"href":"https:\/\/blogs.esam-c2.fr\/design-graphique\/wp-json\/wp\/v2\/users\/7"}],"replies":[{"embeddable":true,"href":"https:\/\/blogs.esam-c2.fr\/design-graphique\/wp-json\/wp\/v2\/comments?post=1310"}],"version-history":[{"count":2,"href":"https:\/\/blogs.esam-c2.fr\/design-graphique\/wp-json\/wp\/v2\/posts\/1310\/revisions"}],"predecessor-version":[{"id":1316,"href":"https:\/\/blogs.esam-c2.fr\/design-graphique\/wp-json\/wp\/v2\/posts\/1310\/revisions\/1316"}],"wp:attachment":[{"href":"https:\/\/blogs.esam-c2.fr\/design-graphique\/wp-json\/wp\/v2\/media?parent=1310"}],"wp:term":[{"taxonomy":"category","embeddable":true,"href":"https:\/\/blogs.esam-c2.fr\/design-graphique\/wp-json\/wp\/v2\/categories?post=1310"},{"taxonomy":"post_tag","embeddable":true,"href":"https:\/\/blogs.esam-c2.fr\/design-graphique\/wp-json\/wp\/v2\/tags?post=1310"}],"curies":[{"name":"wp","href":"https:\/\/api.w.org\/{rel}","templated":true}]}}