{"id":1459,"date":"2012-11-25T22:38:28","date_gmt":"2012-11-25T22:38:28","guid":{"rendered":"http:\/\/blogs.esam-c2.fr\/design-graphique\/?p=1459"},"modified":"2012-11-26T12:25:31","modified_gmt":"2012-11-26T12:25:31","slug":"workshop-boreales","status":"publish","type":"post","link":"https:\/\/blogs.esam-c2.fr\/design-graphique\/workshop-boreales\/","title":{"rendered":"Workshop Bor\u00e9ales"},"content":{"rendered":"<p>Dans le cadre du festival Bor\u00e9ales, le d\u00e9partement design graphique de l&rsquo;\u00e9sam Caen\/Cherbourg \u00e0 invit\u00e9 <a href=\"http:\/\/nilsdot.blogspot.fr\/\">Anna Nilsdotter Karlson<\/a> \u00e0 r\u00e9aliser un workshop illustration dans le cours de Sarah Fouquet avec les \u00e9tudiants de troisi\u00e8me ann\u00e9e.<\/p>\n<p>Chacun devait choisir un conte su\u00e9dois et concevoir une s\u00e9rie de 5 images coh\u00e9rentes, en 5 jours, en vue de les envoyer au concours d&rsquo;illustration jeunesse de Bologne en Italie &gt; <a href=\"http:\/\/www.bookfair.bolognafiere.it\/\">http:\/\/www.bookfair.bolognafiere.it\/<\/a><\/p>\n<p>Les \u00e9tudiants partiront fin mars pour le Salon International du Livre Jeunesse de Bologne avec leurs professeurs, Simonetta Cargioli et Sarah Fouquet.<\/p>\n<div id=\"attachment_1461\" style=\"width: 427px\" class=\"wp-caption alignleft\"><a href=\"http:\/\/blogs.esam-c2.fr\/design-graphique\/files\/2012\/11\/WorkshopAnna1.jpg\"><img loading=\"lazy\" decoding=\"async\" aria-describedby=\"caption-attachment-1461\" class=\" wp-image-1461 \" src=\"http:\/\/blogs.esam-c2.fr\/design-graphique\/files\/2012\/11\/WorkshopAnna1.jpg\" alt=\"\" width=\"417\" height=\"417\" srcset=\"https:\/\/blogs.esam-c2.fr\/design-graphique\/files\/2012\/11\/WorkshopAnna1.jpg 595w, https:\/\/blogs.esam-c2.fr\/design-graphique\/files\/2012\/11\/WorkshopAnna1-150x150.jpg 150w, https:\/\/blogs.esam-c2.fr\/design-graphique\/files\/2012\/11\/WorkshopAnna1-300x300.jpg 300w\" sizes=\"auto, (max-width: 417px) 100vw, 417px\" \/><\/a><p id=\"caption-attachment-1461\" class=\"wp-caption-text\">Anna Nilsdotter Karlson avec les \u00e9tudiants, photo \u00a9 Sarah Fouquet<\/p><\/div>\n<div id=\"attachment_1460\" style=\"width: 426px\" class=\"wp-caption alignleft\"><a href=\"http:\/\/blogs.esam-c2.fr\/design-graphique\/files\/2012\/11\/WorkshopAnna.jpg\"><img loading=\"lazy\" decoding=\"async\" aria-describedby=\"caption-attachment-1460\" class=\" wp-image-1460\" src=\"http:\/\/blogs.esam-c2.fr\/design-graphique\/files\/2012\/11\/WorkshopAnna.jpg\" alt=\"\" width=\"416\" height=\"417\" srcset=\"https:\/\/blogs.esam-c2.fr\/design-graphique\/files\/2012\/11\/WorkshopAnna.jpg 594w, https:\/\/blogs.esam-c2.fr\/design-graphique\/files\/2012\/11\/WorkshopAnna-150x150.jpg 150w, https:\/\/blogs.esam-c2.fr\/design-graphique\/files\/2012\/11\/WorkshopAnna-300x300.jpg 300w\" sizes=\"auto, (max-width: 416px) 100vw, 416px\" \/><\/a><p id=\"caption-attachment-1460\" class=\"wp-caption-text\">photo \u00a9 Sarah Fouquet<\/p><\/div>\n<div id=\"attachment_1471\" style=\"width: 427px\" class=\"wp-caption alignleft\"><a href=\"http:\/\/blogs.esam-c2.fr\/design-graphique\/files\/2012\/11\/WorkshopAnna11.jpg\"><img loading=\"lazy\" decoding=\"async\" aria-describedby=\"caption-attachment-1471\" class=\" wp-image-1471 \" src=\"http:\/\/blogs.esam-c2.fr\/design-graphique\/files\/2012\/11\/WorkshopAnna11.jpg\" alt=\"\" width=\"417\" height=\"257\" srcset=\"https:\/\/blogs.esam-c2.fr\/design-graphique\/files\/2012\/11\/WorkshopAnna11.jpg 595w, https:\/\/blogs.esam-c2.fr\/design-graphique\/files\/2012\/11\/WorkshopAnna11-300x185.jpg 300w\" sizes=\"auto, (max-width: 417px) 100vw, 417px\" \/><\/a><p id=\"caption-attachment-1471\" class=\"wp-caption-text\">Cl\u00e9mence et Fr\u00e9d\u00e9ric, photo \u00a9 Anna Nilsdotter Karlson<\/p><\/div>\n<div id=\"attachment_1462\" style=\"width: 427px\" class=\"wp-caption alignleft\"><a href=\"http:\/\/blogs.esam-c2.fr\/design-graphique\/files\/2012\/11\/WorkshopAnna2.jpg\"><img loading=\"lazy\" decoding=\"async\" aria-describedby=\"caption-attachment-1462\" class=\" wp-image-1462 \" src=\"http:\/\/blogs.esam-c2.fr\/design-graphique\/files\/2012\/11\/WorkshopAnna2.jpg\" alt=\"\" width=\"417\" height=\"417\" srcset=\"https:\/\/blogs.esam-c2.fr\/design-graphique\/files\/2012\/11\/WorkshopAnna2.jpg 595w, https:\/\/blogs.esam-c2.fr\/design-graphique\/files\/2012\/11\/WorkshopAnna2-150x150.jpg 150w, https:\/\/blogs.esam-c2.fr\/design-graphique\/files\/2012\/11\/WorkshopAnna2-300x300.jpg 300w\" sizes=\"auto, (max-width: 417px) 100vw, 417px\" \/><\/a><p id=\"caption-attachment-1462\" class=\"wp-caption-text\">Travail de Joana Gouin \u00a9 Sarah Fouquet<\/p><\/div>\n<div id=\"attachment_1463\" style=\"width: 427px\" class=\"wp-caption alignleft\"><a href=\"http:\/\/blogs.esam-c2.fr\/design-graphique\/files\/2012\/11\/WorkshopAnna3.jpg\"><img loading=\"lazy\" decoding=\"async\" aria-describedby=\"caption-attachment-1463\" class=\" wp-image-1463 \" src=\"http:\/\/blogs.esam-c2.fr\/design-graphique\/files\/2012\/11\/WorkshopAnna3.jpg\" alt=\"\" width=\"417\" height=\"417\" srcset=\"https:\/\/blogs.esam-c2.fr\/design-graphique\/files\/2012\/11\/WorkshopAnna3.jpg 595w, https:\/\/blogs.esam-c2.fr\/design-graphique\/files\/2012\/11\/WorkshopAnna3-150x150.jpg 150w, https:\/\/blogs.esam-c2.fr\/design-graphique\/files\/2012\/11\/WorkshopAnna3-300x300.jpg 300w\" sizes=\"auto, (max-width: 417px) 100vw, 417px\" \/><\/a><p id=\"caption-attachment-1463\" class=\"wp-caption-text\">Travail d&rsquo;Ad\u00e8le Garceau \u00a9 Sarah Fouquet<\/p><\/div>\n<div id=\"attachment_1465\" style=\"width: 427px\" class=\"wp-caption alignleft\"><a href=\"http:\/\/blogs.esam-c2.fr\/design-graphique\/files\/2012\/11\/WorkshopAnna5.jpg\"><img loading=\"lazy\" decoding=\"async\" aria-describedby=\"caption-attachment-1465\" class=\" wp-image-1465 \" src=\"http:\/\/blogs.esam-c2.fr\/design-graphique\/files\/2012\/11\/WorkshopAnna5.jpg\" alt=\"\" width=\"417\" height=\"417\" srcset=\"https:\/\/blogs.esam-c2.fr\/design-graphique\/files\/2012\/11\/WorkshopAnna5.jpg 595w, https:\/\/blogs.esam-c2.fr\/design-graphique\/files\/2012\/11\/WorkshopAnna5-150x150.jpg 150w, https:\/\/blogs.esam-c2.fr\/design-graphique\/files\/2012\/11\/WorkshopAnna5-300x300.jpg 300w\" sizes=\"auto, (max-width: 417px) 100vw, 417px\" \/><\/a><p id=\"caption-attachment-1465\" class=\"wp-caption-text\">Travail de Fanny Lamouroux, photo \u00a9 Sarah Fouquet<\/p><\/div>\n<div id=\"attachment_1466\" style=\"width: 427px\" class=\"wp-caption alignleft\"><a href=\"http:\/\/blogs.esam-c2.fr\/design-graphique\/files\/2012\/11\/WorkshopAnna6.jpg\"><img loading=\"lazy\" decoding=\"async\" aria-describedby=\"caption-attachment-1466\" class=\" wp-image-1466 \" src=\"http:\/\/blogs.esam-c2.fr\/design-graphique\/files\/2012\/11\/WorkshopAnna6.jpg\" alt=\"\" width=\"417\" height=\"417\" srcset=\"https:\/\/blogs.esam-c2.fr\/design-graphique\/files\/2012\/11\/WorkshopAnna6.jpg 595w, https:\/\/blogs.esam-c2.fr\/design-graphique\/files\/2012\/11\/WorkshopAnna6-150x150.jpg 150w, https:\/\/blogs.esam-c2.fr\/design-graphique\/files\/2012\/11\/WorkshopAnna6-300x300.jpg 300w\" sizes=\"auto, (max-width: 417px) 100vw, 417px\" \/><\/a><p id=\"caption-attachment-1466\" class=\"wp-caption-text\">Travail d&rsquo;Alexandre Quemin, photo \u00a9 Sarah Fouquet<\/p><\/div>\n<div id=\"attachment_1467\" style=\"width: 427px\" class=\"wp-caption alignleft\"><a href=\"http:\/\/blogs.esam-c2.fr\/design-graphique\/files\/2012\/11\/WorkshopAnna7.jpg\"><img loading=\"lazy\" decoding=\"async\" aria-describedby=\"caption-attachment-1467\" class=\" wp-image-1467 \" src=\"http:\/\/blogs.esam-c2.fr\/design-graphique\/files\/2012\/11\/WorkshopAnna7.jpg\" alt=\"\" width=\"417\" height=\"336\" srcset=\"https:\/\/blogs.esam-c2.fr\/design-graphique\/files\/2012\/11\/WorkshopAnna7.jpg 595w, https:\/\/blogs.esam-c2.fr\/design-graphique\/files\/2012\/11\/WorkshopAnna7-300x242.jpg 300w\" sizes=\"auto, (max-width: 417px) 100vw, 417px\" \/><\/a><p id=\"caption-attachment-1467\" class=\"wp-caption-text\">Travail de Duc Tran, photo \u00a9 Anna Nilsdotter Karlson<\/p><\/div>\n<div id=\"attachment_1468\" style=\"width: 427px\" class=\"wp-caption alignleft\"><a href=\"http:\/\/blogs.esam-c2.fr\/design-graphique\/files\/2012\/11\/WorkshopAnna8.jpg\"><img loading=\"lazy\" decoding=\"async\" aria-describedby=\"caption-attachment-1468\" class=\" wp-image-1468 \" src=\"http:\/\/blogs.esam-c2.fr\/design-graphique\/files\/2012\/11\/WorkshopAnna8.jpg\" alt=\"\" width=\"417\" height=\"234\" srcset=\"https:\/\/blogs.esam-c2.fr\/design-graphique\/files\/2012\/11\/WorkshopAnna8.jpg 595w, https:\/\/blogs.esam-c2.fr\/design-graphique\/files\/2012\/11\/WorkshopAnna8-300x168.jpg 300w\" sizes=\"auto, (max-width: 417px) 100vw, 417px\" \/><\/a><p id=\"caption-attachment-1468\" class=\"wp-caption-text\">Travail de Cl\u00e9mence Mignot, photo \u00a9 Anna Nilsdotter Karlson<\/p><\/div>\n<div id=\"attachment_1469\" style=\"width: 427px\" class=\"wp-caption alignleft\"><a href=\"http:\/\/blogs.esam-c2.fr\/design-graphique\/files\/2012\/11\/WorkshopAnna9.jpg\"><img loading=\"lazy\" decoding=\"async\" aria-describedby=\"caption-attachment-1469\" class=\" wp-image-1469 \" src=\"http:\/\/blogs.esam-c2.fr\/design-graphique\/files\/2012\/11\/WorkshopAnna9.jpg\" alt=\"\" width=\"417\" height=\"234\" srcset=\"https:\/\/blogs.esam-c2.fr\/design-graphique\/files\/2012\/11\/WorkshopAnna9.jpg 595w, https:\/\/blogs.esam-c2.fr\/design-graphique\/files\/2012\/11\/WorkshopAnna9-300x168.jpg 300w\" sizes=\"auto, (max-width: 417px) 100vw, 417px\" \/><\/a><p id=\"caption-attachment-1469\" class=\"wp-caption-text\">Travail de Clotilde Deschamps, photo \u00a9 Anna Nilsdotter Karlson<\/p><\/div>\n<div id=\"attachment_1470\" style=\"width: 427px\" class=\"wp-caption alignleft\"><a href=\"http:\/\/blogs.esam-c2.fr\/design-graphique\/files\/2012\/11\/WorkshopAnna10.jpg\"><img loading=\"lazy\" decoding=\"async\" aria-describedby=\"caption-attachment-1470\" class=\" wp-image-1470 \" src=\"http:\/\/blogs.esam-c2.fr\/design-graphique\/files\/2012\/11\/WorkshopAnna10.jpg\" alt=\"\" width=\"417\" height=\"234\" srcset=\"https:\/\/blogs.esam-c2.fr\/design-graphique\/files\/2012\/11\/WorkshopAnna10.jpg 595w, https:\/\/blogs.esam-c2.fr\/design-graphique\/files\/2012\/11\/WorkshopAnna10-300x168.jpg 300w\" sizes=\"auto, (max-width: 417px) 100vw, 417px\" \/><\/a><p id=\"caption-attachment-1470\" class=\"wp-caption-text\">Travail d&rsquo;\u00c9ve Madec, photo \u00a9 Anna Nilsdotter Karlson<\/p><\/div>\n<div id=\"attachment_1464\" style=\"width: 427px\" class=\"wp-caption alignleft\"><a href=\"http:\/\/blogs.esam-c2.fr\/design-graphique\/files\/2012\/11\/WorkshopAnna4.jpg\"><img loading=\"lazy\" decoding=\"async\" aria-describedby=\"caption-attachment-1464\" class=\" wp-image-1464 \" src=\"http:\/\/blogs.esam-c2.fr\/design-graphique\/files\/2012\/11\/WorkshopAnna4.jpg\" alt=\"\" width=\"417\" height=\"417\" srcset=\"https:\/\/blogs.esam-c2.fr\/design-graphique\/files\/2012\/11\/WorkshopAnna4.jpg 595w, https:\/\/blogs.esam-c2.fr\/design-graphique\/files\/2012\/11\/WorkshopAnna4-150x150.jpg 150w, https:\/\/blogs.esam-c2.fr\/design-graphique\/files\/2012\/11\/WorkshopAnna4-300x300.jpg 300w\" sizes=\"auto, (max-width: 417px) 100vw, 417px\" \/><\/a><p id=\"caption-attachment-1464\" class=\"wp-caption-text\">Au vernissage, de gauche \u00e0 droite, ; Karima, Anna, Ana\u00efs et \u00c8ve, photo \u00a9 Sarah Fouquet<\/p><\/div>\n<div id=\"attachment_1485\" style=\"width: 427px\" class=\"wp-caption alignleft\"><a href=\"http:\/\/blogs.esam-c2.fr\/design-graphique\/files\/2012\/11\/WorkshopAnna13.jpg\"><img loading=\"lazy\" decoding=\"async\" aria-describedby=\"caption-attachment-1485\" class=\" wp-image-1485 \" src=\"http:\/\/blogs.esam-c2.fr\/design-graphique\/files\/2012\/11\/WorkshopAnna13.jpg\" alt=\"\" width=\"417\" height=\"274\" srcset=\"https:\/\/blogs.esam-c2.fr\/design-graphique\/files\/2012\/11\/WorkshopAnna13.jpg 595w, https:\/\/blogs.esam-c2.fr\/design-graphique\/files\/2012\/11\/WorkshopAnna13-300x197.jpg 300w\" sizes=\"auto, (max-width: 417px) 100vw, 417px\" \/><\/a><p id=\"caption-attachment-1485\" class=\"wp-caption-text\">Soir du vernissage,photo \u00a9 Anna Nilsdotter Karlson<\/p><\/div>\n<p>Les 5 jours se sont concluent de fa\u00e7on tr\u00e8s festive avec le vernissage d&rsquo;Anna Nilsdotter Karlson et <a href=\"http:\/\/www.carlillustration.com\/\">Carl Johanson<\/a> \u00e0 la Galerie Oh!<\/p>\n<p>Exposition \u00e0 voir jusqu&rsquo;au 15 d\u00e9cembre<\/p>\n<p>15 rue de bras, 14000 Caen<\/p>\n<p>ouvert du mercredi au samedi 13h 19h<\/p>\n<div id=\"attachment_1486\" style=\"width: 427px\" class=\"wp-caption alignleft\"><a href=\"http:\/\/blogs.esam-c2.fr\/design-graphique\/files\/2012\/11\/WorkshopAnna12.jpg\"><img loading=\"lazy\" decoding=\"async\" aria-describedby=\"caption-attachment-1486\" class=\" wp-image-1486 \" src=\"http:\/\/blogs.esam-c2.fr\/design-graphique\/files\/2012\/11\/WorkshopAnna12.jpg\" alt=\"\" width=\"417\" height=\"234\" srcset=\"https:\/\/blogs.esam-c2.fr\/design-graphique\/files\/2012\/11\/WorkshopAnna12.jpg 595w, https:\/\/blogs.esam-c2.fr\/design-graphique\/files\/2012\/11\/WorkshopAnna12-300x168.jpg 300w\" sizes=\"auto, (max-width: 417px) 100vw, 417px\" \/><\/a><p id=\"caption-attachment-1486\" class=\"wp-caption-text\">Galerie Oh!, photo \u00a9 Anna Nilsdotter Karlson<\/p><\/div>\n<div id=\"attachment_1484\" style=\"width: 427px\" class=\"wp-caption alignleft\"><a href=\"http:\/\/blogs.esam-c2.fr\/design-graphique\/files\/2012\/11\/WorkshopAnna14.jpg\"><img loading=\"lazy\" decoding=\"async\" aria-describedby=\"caption-attachment-1484\" class=\" wp-image-1484 \" src=\"http:\/\/blogs.esam-c2.fr\/design-graphique\/files\/2012\/11\/WorkshopAnna14.jpg\" alt=\"\" width=\"417\" height=\"741\" srcset=\"https:\/\/blogs.esam-c2.fr\/design-graphique\/files\/2012\/11\/WorkshopAnna14.jpg 595w, https:\/\/blogs.esam-c2.fr\/design-graphique\/files\/2012\/11\/WorkshopAnna14-168x300.jpg 168w\" sizes=\"auto, (max-width: 417px) 100vw, 417px\" \/><\/a><p id=\"caption-attachment-1484\" class=\"wp-caption-text\">Intervention de Carl Johanson \u00e0 la galerie Oh!, photo \u00a9 Anna Nilsdotter Karlson<\/p><\/div>\n<div id=\"attachment_1481\" style=\"width: 427px\" class=\"wp-caption alignleft\"><a href=\"http:\/\/blogs.esam-c2.fr\/design-graphique\/files\/2012\/11\/CarlJohanson.jpg\"><img loading=\"lazy\" decoding=\"async\" aria-describedby=\"caption-attachment-1481\" class=\" wp-image-1481 \" src=\"http:\/\/blogs.esam-c2.fr\/design-graphique\/files\/2012\/11\/CarlJohanson.jpg\" alt=\"\" width=\"417\" height=\"488\" srcset=\"https:\/\/blogs.esam-c2.fr\/design-graphique\/files\/2012\/11\/CarlJohanson.jpg 595w, https:\/\/blogs.esam-c2.fr\/design-graphique\/files\/2012\/11\/CarlJohanson-256x300.jpg 256w\" sizes=\"auto, (max-width: 417px) 100vw, 417px\" \/><\/a><p id=\"caption-attachment-1481\" class=\"wp-caption-text\">Orientation \u00a9 Carl Johanson<\/p><\/div>\n<dl>\n<dt><\/dt>\n<\/dl>\n","protected":false},"excerpt":{"rendered":"<p>Dans le cadre du festival Bor\u00e9ales, le d\u00e9partement design graphique de l&rsquo;\u00e9sam Caen\/Cherbourg \u00e0 invit\u00e9 Anna Nilsdotter Karlson \u00e0 r\u00e9aliser un workshop illustration dans le cours de Sarah Fouquet avec les \u00e9tudiants de troisi\u00e8me ann\u00e9e. Chacun devait choisir un conte &hellip; <a href=\"https:\/\/blogs.esam-c2.fr\/design-graphique\/workshop-boreales\/\">Continuer la lecture <span class=\"meta-nav\">&rarr;<\/span><\/a><\/p>\n","protected":false},"author":7,"featured_media":0,"comment_status":"closed","ping_status":"open","sticky":false,"template":"","format":"standard","meta":{"footnotes":""},"categories":[50,41,8,37,33],"tags":[],"class_list":["post-1459","post","type-post","status-publish","format-standard","hentry","category-50","category-concours","category-dg3","category-illustration","category-workshop"],"yoast_head":"<!-- This site is optimized with the Yoast SEO plugin v27.2 - https:\/\/yoast.com\/product\/yoast-seo-wordpress\/ -->\n<title>Workshop Bor\u00e9ales - \/\/\/design graphique\/\u00e9sam-c2\/<\/title>\n<meta name=\"robots\" content=\"index, follow, max-snippet:-1, max-image-preview:large, max-video-preview:-1\" \/>\n<link rel=\"canonical\" href=\"https:\/\/blogs.esam-c2.fr\/design-graphique\/workshop-boreales\/\" \/>\n<meta property=\"og:locale\" content=\"fr_FR\" \/>\n<meta property=\"og:type\" content=\"article\" \/>\n<meta property=\"og:title\" content=\"Workshop Bor\u00e9ales - \/\/\/design graphique\/\u00e9sam-c2\/\" \/>\n<meta property=\"og:description\" content=\"Dans le cadre du festival Bor\u00e9ales, le d\u00e9partement design graphique de l&rsquo;\u00e9sam Caen\/Cherbourg \u00e0 invit\u00e9 Anna Nilsdotter Karlson \u00e0 r\u00e9aliser un workshop illustration dans le cours de Sarah Fouquet avec les \u00e9tudiants de troisi\u00e8me ann\u00e9e. Chacun devait choisir un conte &hellip; Continuer la lecture &rarr;\" \/>\n<meta property=\"og:url\" content=\"https:\/\/blogs.esam-c2.fr\/design-graphique\/workshop-boreales\/\" \/>\n<meta property=\"og:site_name\" content=\"\/\/\/design graphique\/\u00e9sam-c2\/\" \/>\n<meta property=\"article:published_time\" content=\"2012-11-25T22:38:28+00:00\" \/>\n<meta property=\"article:modified_time\" content=\"2012-11-26T12:25:31+00:00\" \/>\n<meta property=\"og:image\" content=\"http:\/\/blogs.esam-c2.fr\/design-graphique\/files\/2012\/11\/WorkshopAnna1.jpg\" \/>\n<meta name=\"author\" content=\"Sarah Fouquet\" \/>\n<meta name=\"twitter:card\" content=\"summary_large_image\" \/>\n<meta name=\"twitter:label1\" content=\"\u00c9crit par\" \/>\n\t<meta name=\"twitter:data1\" content=\"Sarah Fouquet\" \/>\n\t<meta name=\"twitter:label2\" content=\"Dur\u00e9e de lecture estim\u00e9e\" \/>\n\t<meta name=\"twitter:data2\" content=\"2 minutes\" \/>\n<script type=\"application\/ld+json\" class=\"yoast-schema-graph\">{\"@context\":\"https:\/\/schema.org\",\"@graph\":[{\"@type\":\"Article\",\"@id\":\"https:\/\/blogs.esam-c2.fr\/design-graphique\/workshop-boreales\/#article\",\"isPartOf\":{\"@id\":\"https:\/\/blogs.esam-c2.fr\/design-graphique\/workshop-boreales\/\"},\"author\":{\"name\":\"Sarah Fouquet\",\"@id\":\"https:\/\/blogs.esam-c2.fr\/design-graphique\/#\/schema\/person\/6efbec67260ce9db24bba1e54d41e7c6\"},\"headline\":\"Workshop Bor\u00e9ales\",\"datePublished\":\"2012-11-25T22:38:28+00:00\",\"dateModified\":\"2012-11-26T12:25:31+00:00\",\"mainEntityOfPage\":{\"@id\":\"https:\/\/blogs.esam-c2.fr\/design-graphique\/workshop-boreales\/\"},\"wordCount\":379,\"image\":{\"@id\":\"https:\/\/blogs.esam-c2.fr\/design-graphique\/workshop-boreales\/#primaryimage\"},\"thumbnailUrl\":\"http:\/\/blogs.esam-c2.fr\/design-graphique\/files\/2012\/11\/WorkshopAnna1.jpg\",\"articleSection\":[\"2012\",\"concours\",\"DG3\",\"illustration\",\"workshop\"],\"inLanguage\":\"fr-FR\"},{\"@type\":\"WebPage\",\"@id\":\"https:\/\/blogs.esam-c2.fr\/design-graphique\/workshop-boreales\/\",\"url\":\"https:\/\/blogs.esam-c2.fr\/design-graphique\/workshop-boreales\/\",\"name\":\"Workshop Bor\u00e9ales - \/\/\/design graphique\/\u00e9sam-c2\/\",\"isPartOf\":{\"@id\":\"https:\/\/blogs.esam-c2.fr\/design-graphique\/#website\"},\"primaryImageOfPage\":{\"@id\":\"https:\/\/blogs.esam-c2.fr\/design-graphique\/workshop-boreales\/#primaryimage\"},\"image\":{\"@id\":\"https:\/\/blogs.esam-c2.fr\/design-graphique\/workshop-boreales\/#primaryimage\"},\"thumbnailUrl\":\"http:\/\/blogs.esam-c2.fr\/design-graphique\/files\/2012\/11\/WorkshopAnna1.jpg\",\"datePublished\":\"2012-11-25T22:38:28+00:00\",\"dateModified\":\"2012-11-26T12:25:31+00:00\",\"author\":{\"@id\":\"https:\/\/blogs.esam-c2.fr\/design-graphique\/#\/schema\/person\/6efbec67260ce9db24bba1e54d41e7c6\"},\"breadcrumb\":{\"@id\":\"https:\/\/blogs.esam-c2.fr\/design-graphique\/workshop-boreales\/#breadcrumb\"},\"inLanguage\":\"fr-FR\",\"potentialAction\":[{\"@type\":\"ReadAction\",\"target\":[\"https:\/\/blogs.esam-c2.fr\/design-graphique\/workshop-boreales\/\"]}]},{\"@type\":\"ImageObject\",\"inLanguage\":\"fr-FR\",\"@id\":\"https:\/\/blogs.esam-c2.fr\/design-graphique\/workshop-boreales\/#primaryimage\",\"url\":\"http:\/\/blogs.esam-c2.fr\/design-graphique\/files\/2012\/11\/WorkshopAnna1.jpg\",\"contentUrl\":\"http:\/\/blogs.esam-c2.fr\/design-graphique\/files\/2012\/11\/WorkshopAnna1.jpg\"},{\"@type\":\"BreadcrumbList\",\"@id\":\"https:\/\/blogs.esam-c2.fr\/design-graphique\/workshop-boreales\/#breadcrumb\",\"itemListElement\":[{\"@type\":\"ListItem\",\"position\":1,\"name\":\"Accueil\",\"item\":\"https:\/\/blogs.esam-c2.fr\/design-graphique\/\"},{\"@type\":\"ListItem\",\"position\":2,\"name\":\"Workshop Bor\u00e9ales\"}]},{\"@type\":\"WebSite\",\"@id\":\"https:\/\/blogs.esam-c2.fr\/design-graphique\/#website\",\"url\":\"https:\/\/blogs.esam-c2.fr\/design-graphique\/\",\"name\":\"\/\/\/design graphique\/\u00e9sam-c2\/\",\"description\":\"site d&#039;archives et d&#039;informations \/ cours de graphisme \/ Caen\",\"potentialAction\":[{\"@type\":\"SearchAction\",\"target\":{\"@type\":\"EntryPoint\",\"urlTemplate\":\"https:\/\/blogs.esam-c2.fr\/design-graphique\/?s={search_term_string}\"},\"query-input\":{\"@type\":\"PropertyValueSpecification\",\"valueRequired\":true,\"valueName\":\"search_term_string\"}}],\"inLanguage\":\"fr-FR\"},{\"@type\":\"Person\",\"@id\":\"https:\/\/blogs.esam-c2.fr\/design-graphique\/#\/schema\/person\/6efbec67260ce9db24bba1e54d41e7c6\",\"name\":\"Sarah Fouquet\",\"image\":{\"@type\":\"ImageObject\",\"inLanguage\":\"fr-FR\",\"@id\":\"https:\/\/secure.gravatar.com\/avatar\/626f51a6ce51986c9e9cb4180fd263979c686cef2e0eff37e4a86a5095755363?s=96&d=mm&r=g\",\"url\":\"https:\/\/secure.gravatar.com\/avatar\/626f51a6ce51986c9e9cb4180fd263979c686cef2e0eff37e4a86a5095755363?s=96&d=mm&r=g\",\"contentUrl\":\"https:\/\/secure.gravatar.com\/avatar\/626f51a6ce51986c9e9cb4180fd263979c686cef2e0eff37e4a86a5095755363?s=96&d=mm&r=g\",\"caption\":\"Sarah Fouquet\"},\"description\":\"Dessinatrice, graphiste, auto-\u00e9ditrice, enseigne l'image dans le d\u00e9partement design graphique de l'\u00e9cole sup\u00e9rieure d\u2019arts et m\u00e9dias de Caen\",\"url\":\"https:\/\/blogs.esam-c2.fr\/design-graphique\/author\/design-graphique\/\"}]}<\/script>\n<!-- \/ Yoast SEO plugin. -->","yoast_head_json":{"title":"Workshop Bor\u00e9ales - \/\/\/design graphique\/\u00e9sam-c2\/","robots":{"index":"index","follow":"follow","max-snippet":"max-snippet:-1","max-image-preview":"max-image-preview:large","max-video-preview":"max-video-preview:-1"},"canonical":"https:\/\/blogs.esam-c2.fr\/design-graphique\/workshop-boreales\/","og_locale":"fr_FR","og_type":"article","og_title":"Workshop Bor\u00e9ales - \/\/\/design graphique\/\u00e9sam-c2\/","og_description":"Dans le cadre du festival Bor\u00e9ales, le d\u00e9partement design graphique de l&rsquo;\u00e9sam Caen\/Cherbourg \u00e0 invit\u00e9 Anna Nilsdotter Karlson \u00e0 r\u00e9aliser un workshop illustration dans le cours de Sarah Fouquet avec les \u00e9tudiants de troisi\u00e8me ann\u00e9e. Chacun devait choisir un conte &hellip; Continuer la lecture &rarr;","og_url":"https:\/\/blogs.esam-c2.fr\/design-graphique\/workshop-boreales\/","og_site_name":"\/\/\/design graphique\/\u00e9sam-c2\/","article_published_time":"2012-11-25T22:38:28+00:00","article_modified_time":"2012-11-26T12:25:31+00:00","og_image":[{"url":"http:\/\/blogs.esam-c2.fr\/design-graphique\/files\/2012\/11\/WorkshopAnna1.jpg","type":"","width":"","height":""}],"author":"Sarah Fouquet","twitter_card":"summary_large_image","twitter_misc":{"\u00c9crit par":"Sarah Fouquet","Dur\u00e9e de lecture estim\u00e9e":"2 minutes"},"schema":{"@context":"https:\/\/schema.org","@graph":[{"@type":"Article","@id":"https:\/\/blogs.esam-c2.fr\/design-graphique\/workshop-boreales\/#article","isPartOf":{"@id":"https:\/\/blogs.esam-c2.fr\/design-graphique\/workshop-boreales\/"},"author":{"name":"Sarah Fouquet","@id":"https:\/\/blogs.esam-c2.fr\/design-graphique\/#\/schema\/person\/6efbec67260ce9db24bba1e54d41e7c6"},"headline":"Workshop Bor\u00e9ales","datePublished":"2012-11-25T22:38:28+00:00","dateModified":"2012-11-26T12:25:31+00:00","mainEntityOfPage":{"@id":"https:\/\/blogs.esam-c2.fr\/design-graphique\/workshop-boreales\/"},"wordCount":379,"image":{"@id":"https:\/\/blogs.esam-c2.fr\/design-graphique\/workshop-boreales\/#primaryimage"},"thumbnailUrl":"http:\/\/blogs.esam-c2.fr\/design-graphique\/files\/2012\/11\/WorkshopAnna1.jpg","articleSection":["2012","concours","DG3","illustration","workshop"],"inLanguage":"fr-FR"},{"@type":"WebPage","@id":"https:\/\/blogs.esam-c2.fr\/design-graphique\/workshop-boreales\/","url":"https:\/\/blogs.esam-c2.fr\/design-graphique\/workshop-boreales\/","name":"Workshop Bor\u00e9ales - \/\/\/design graphique\/\u00e9sam-c2\/","isPartOf":{"@id":"https:\/\/blogs.esam-c2.fr\/design-graphique\/#website"},"primaryImageOfPage":{"@id":"https:\/\/blogs.esam-c2.fr\/design-graphique\/workshop-boreales\/#primaryimage"},"image":{"@id":"https:\/\/blogs.esam-c2.fr\/design-graphique\/workshop-boreales\/#primaryimage"},"thumbnailUrl":"http:\/\/blogs.esam-c2.fr\/design-graphique\/files\/2012\/11\/WorkshopAnna1.jpg","datePublished":"2012-11-25T22:38:28+00:00","dateModified":"2012-11-26T12:25:31+00:00","author":{"@id":"https:\/\/blogs.esam-c2.fr\/design-graphique\/#\/schema\/person\/6efbec67260ce9db24bba1e54d41e7c6"},"breadcrumb":{"@id":"https:\/\/blogs.esam-c2.fr\/design-graphique\/workshop-boreales\/#breadcrumb"},"inLanguage":"fr-FR","potentialAction":[{"@type":"ReadAction","target":["https:\/\/blogs.esam-c2.fr\/design-graphique\/workshop-boreales\/"]}]},{"@type":"ImageObject","inLanguage":"fr-FR","@id":"https:\/\/blogs.esam-c2.fr\/design-graphique\/workshop-boreales\/#primaryimage","url":"http:\/\/blogs.esam-c2.fr\/design-graphique\/files\/2012\/11\/WorkshopAnna1.jpg","contentUrl":"http:\/\/blogs.esam-c2.fr\/design-graphique\/files\/2012\/11\/WorkshopAnna1.jpg"},{"@type":"BreadcrumbList","@id":"https:\/\/blogs.esam-c2.fr\/design-graphique\/workshop-boreales\/#breadcrumb","itemListElement":[{"@type":"ListItem","position":1,"name":"Accueil","item":"https:\/\/blogs.esam-c2.fr\/design-graphique\/"},{"@type":"ListItem","position":2,"name":"Workshop Bor\u00e9ales"}]},{"@type":"WebSite","@id":"https:\/\/blogs.esam-c2.fr\/design-graphique\/#website","url":"https:\/\/blogs.esam-c2.fr\/design-graphique\/","name":"\/\/\/design graphique\/\u00e9sam-c2\/","description":"site d&#039;archives et d&#039;informations \/ cours de graphisme \/ Caen","potentialAction":[{"@type":"SearchAction","target":{"@type":"EntryPoint","urlTemplate":"https:\/\/blogs.esam-c2.fr\/design-graphique\/?s={search_term_string}"},"query-input":{"@type":"PropertyValueSpecification","valueRequired":true,"valueName":"search_term_string"}}],"inLanguage":"fr-FR"},{"@type":"Person","@id":"https:\/\/blogs.esam-c2.fr\/design-graphique\/#\/schema\/person\/6efbec67260ce9db24bba1e54d41e7c6","name":"Sarah Fouquet","image":{"@type":"ImageObject","inLanguage":"fr-FR","@id":"https:\/\/secure.gravatar.com\/avatar\/626f51a6ce51986c9e9cb4180fd263979c686cef2e0eff37e4a86a5095755363?s=96&d=mm&r=g","url":"https:\/\/secure.gravatar.com\/avatar\/626f51a6ce51986c9e9cb4180fd263979c686cef2e0eff37e4a86a5095755363?s=96&d=mm&r=g","contentUrl":"https:\/\/secure.gravatar.com\/avatar\/626f51a6ce51986c9e9cb4180fd263979c686cef2e0eff37e4a86a5095755363?s=96&d=mm&r=g","caption":"Sarah Fouquet"},"description":"Dessinatrice, graphiste, auto-\u00e9ditrice, enseigne l'image dans le d\u00e9partement design graphique de l'\u00e9cole sup\u00e9rieure d\u2019arts et m\u00e9dias de Caen","url":"https:\/\/blogs.esam-c2.fr\/design-graphique\/author\/design-graphique\/"}]}},"_links":{"self":[{"href":"https:\/\/blogs.esam-c2.fr\/design-graphique\/wp-json\/wp\/v2\/posts\/1459","targetHints":{"allow":["GET"]}}],"collection":[{"href":"https:\/\/blogs.esam-c2.fr\/design-graphique\/wp-json\/wp\/v2\/posts"}],"about":[{"href":"https:\/\/blogs.esam-c2.fr\/design-graphique\/wp-json\/wp\/v2\/types\/post"}],"author":[{"embeddable":true,"href":"https:\/\/blogs.esam-c2.fr\/design-graphique\/wp-json\/wp\/v2\/users\/7"}],"replies":[{"embeddable":true,"href":"https:\/\/blogs.esam-c2.fr\/design-graphique\/wp-json\/wp\/v2\/comments?post=1459"}],"version-history":[{"count":12,"href":"https:\/\/blogs.esam-c2.fr\/design-graphique\/wp-json\/wp\/v2\/posts\/1459\/revisions"}],"predecessor-version":[{"id":1473,"href":"https:\/\/blogs.esam-c2.fr\/design-graphique\/wp-json\/wp\/v2\/posts\/1459\/revisions\/1473"}],"wp:attachment":[{"href":"https:\/\/blogs.esam-c2.fr\/design-graphique\/wp-json\/wp\/v2\/media?parent=1459"}],"wp:term":[{"taxonomy":"category","embeddable":true,"href":"https:\/\/blogs.esam-c2.fr\/design-graphique\/wp-json\/wp\/v2\/categories?post=1459"},{"taxonomy":"post_tag","embeddable":true,"href":"https:\/\/blogs.esam-c2.fr\/design-graphique\/wp-json\/wp\/v2\/tags?post=1459"}],"curies":[{"name":"wp","href":"https:\/\/api.w.org\/{rel}","templated":true}]}}