{"id":2076,"date":"2014-09-30T09:19:28","date_gmt":"2014-09-30T09:19:28","guid":{"rendered":"http:\/\/blogs.esam-c2.fr\/design-graphique\/?p=2076"},"modified":"2014-09-30T10:03:42","modified_gmt":"2014-09-30T10:03:42","slug":"dnat-2014","status":"publish","type":"post","link":"https:\/\/blogs.esam-c2.fr\/design-graphique\/dnat-2014\/","title":{"rendered":"DNAT 2014"},"content":{"rendered":"<p>Les \u00e9preuves du DNAT design graphique se sont tenus les 25 et 26 septembre. Sur 15 candidats, 14 ont \u00e9t\u00e9 re\u00e7us.<\/p>\n<p>Le jury \u00e9tait pr\u00e9sid\u00e9 par Patrick Lallemand du studio Superscript, enseignant \u00e0 l&rsquo;ENSBA Lyon, de Vanina Pinter, enseignante en histoire et th\u00e9orie du design graphique \u00e0 l&rsquo;ESAD du Havre\/Rouen, Karine L&rsquo;Herv\u00e9 graphiste \u00e0 l&rsquo;agence de communication caennaise Aprim et Christophe Bouder enseignant en photographie \u00e0 l&rsquo;\u00e9cole.<\/p>\n<p>Elsa Audibert \/ identit\u00e9 et signal\u00e9tique d&rsquo;un zoo<\/p>\n<p>Robin D\u00e9filhes (f\u00e9licitations) \/ conception d&rsquo;outils graphiques \u00e0 vocation associative<\/p>\n<p>Sarah Frigault \/ communication d&rsquo;une manifestation culturelle<\/p>\n<p>Sonia Gabriel (mention) \/ communication d&rsquo;une manifestation culturelle<\/p>\n<p>L\u00e9a Hadjadj (mention) \/ conception d&rsquo;une revue num\u00e9rique<\/p>\n<p>C\u00e9cile Lacoste (mention) \/ identit\u00e9 visuelle pour un salon de design textile<\/p>\n<p>Camille Laurent (f\u00e9licitations) \/ application et signal\u00e9tique pour la randonn\u00e9e<\/p>\n<p>Zo\u00e9 Leloutre \/ application pour une campagne d&rsquo;information<\/p>\n<p>Cheng Cheng Li \/ identit\u00e9 visuelle d&rsquo;une exposition mobile sur l&rsquo;architecture<\/p>\n<p>Louis Marnai (f\u00e9licitations) \/ identit\u00e9 et signal\u00e9tique d&rsquo;une biblioth\u00e8que<\/p>\n<p>Marjorie Ponsard \/ identit\u00e9 visuelle pour un salon d&rsquo;artisanat<\/p>\n<p>D\u00e9borah Puiggali (mention) \/ communication culturelle pour un centre d&rsquo;art<\/p>\n<p>Sabine Troisvallets (f\u00e9licitations) \/ \u00e9dition cosmologique<\/p>\n<p>Marion Volpe \/ campagne d&rsquo;information sur le harc\u00e8lement scolaire<\/p>\n","protected":false},"excerpt":{"rendered":"<p>Les \u00e9preuves du DNAT design graphique se sont tenus les 25 et 26 septembre. Sur 15 candidats, 14 ont \u00e9t\u00e9 re\u00e7us. Le jury \u00e9tait pr\u00e9sid\u00e9 par Patrick Lallemand du studio Superscript, enseignant \u00e0 l&rsquo;ENSBA Lyon, de Vanina Pinter, enseignante en &hellip; <a href=\"https:\/\/blogs.esam-c2.fr\/design-graphique\/dnat-2014\/\">Continuer la lecture <span class=\"meta-nav\">&rarr;<\/span><\/a><\/p>\n","protected":false},"author":7,"featured_media":0,"comment_status":"closed","ping_status":"open","sticky":false,"template":"","format":"standard","meta":{"footnotes":""},"categories":[60,21,7],"tags":[],"class_list":["post-2076","post","type-post","status-publish","format-standard","hentry","category-60","category-dnat","category-info"],"yoast_head":"<!-- This site is optimized with the Yoast SEO plugin v27.2 - https:\/\/yoast.com\/product\/yoast-seo-wordpress\/ -->\n<title>DNAT 2014 - \/\/\/design graphique\/\u00e9sam-c2\/<\/title>\n<meta name=\"robots\" content=\"index, follow, max-snippet:-1, max-image-preview:large, max-video-preview:-1\" \/>\n<link rel=\"canonical\" href=\"https:\/\/blogs.esam-c2.fr\/design-graphique\/dnat-2014\/\" \/>\n<meta property=\"og:locale\" content=\"fr_FR\" \/>\n<meta property=\"og:type\" content=\"article\" \/>\n<meta property=\"og:title\" content=\"DNAT 2014 - \/\/\/design graphique\/\u00e9sam-c2\/\" \/>\n<meta property=\"og:description\" content=\"Les \u00e9preuves du DNAT design graphique se sont tenus les 25 et 26 septembre. Sur 15 candidats, 14 ont \u00e9t\u00e9 re\u00e7us. Le jury \u00e9tait pr\u00e9sid\u00e9 par Patrick Lallemand du studio Superscript, enseignant \u00e0 l&rsquo;ENSBA Lyon, de Vanina Pinter, enseignante en &hellip; Continuer la lecture &rarr;\" \/>\n<meta property=\"og:url\" content=\"https:\/\/blogs.esam-c2.fr\/design-graphique\/dnat-2014\/\" \/>\n<meta property=\"og:site_name\" content=\"\/\/\/design graphique\/\u00e9sam-c2\/\" \/>\n<meta property=\"article:published_time\" content=\"2014-09-30T09:19:28+00:00\" \/>\n<meta property=\"article:modified_time\" content=\"2014-09-30T10:03:42+00:00\" \/>\n<meta name=\"author\" content=\"Sarah Fouquet\" \/>\n<meta name=\"twitter:card\" content=\"summary_large_image\" \/>\n<meta name=\"twitter:label1\" content=\"\u00c9crit par\" \/>\n\t<meta name=\"twitter:data1\" content=\"Sarah Fouquet\" \/>\n\t<meta name=\"twitter:label2\" content=\"Dur\u00e9e de lecture estim\u00e9e\" \/>\n\t<meta name=\"twitter:data2\" content=\"1 minute\" \/>\n<script type=\"application\/ld+json\" class=\"yoast-schema-graph\">{\"@context\":\"https:\/\/schema.org\",\"@graph\":[{\"@type\":\"Article\",\"@id\":\"https:\/\/blogs.esam-c2.fr\/design-graphique\/dnat-2014\/#article\",\"isPartOf\":{\"@id\":\"https:\/\/blogs.esam-c2.fr\/design-graphique\/dnat-2014\/\"},\"author\":{\"name\":\"Sarah Fouquet\",\"@id\":\"https:\/\/blogs.esam-c2.fr\/design-graphique\/#\/schema\/person\/6efbec67260ce9db24bba1e54d41e7c6\"},\"headline\":\"DNAT 2014\",\"datePublished\":\"2014-09-30T09:19:28+00:00\",\"dateModified\":\"2014-09-30T10:03:42+00:00\",\"mainEntityOfPage\":{\"@id\":\"https:\/\/blogs.esam-c2.fr\/design-graphique\/dnat-2014\/\"},\"wordCount\":206,\"articleSection\":[\"2014\",\"DNAT\",\"info\"],\"inLanguage\":\"fr-FR\"},{\"@type\":\"WebPage\",\"@id\":\"https:\/\/blogs.esam-c2.fr\/design-graphique\/dnat-2014\/\",\"url\":\"https:\/\/blogs.esam-c2.fr\/design-graphique\/dnat-2014\/\",\"name\":\"DNAT 2014 - \/\/\/design graphique\/\u00e9sam-c2\/\",\"isPartOf\":{\"@id\":\"https:\/\/blogs.esam-c2.fr\/design-graphique\/#website\"},\"datePublished\":\"2014-09-30T09:19:28+00:00\",\"dateModified\":\"2014-09-30T10:03:42+00:00\",\"author\":{\"@id\":\"https:\/\/blogs.esam-c2.fr\/design-graphique\/#\/schema\/person\/6efbec67260ce9db24bba1e54d41e7c6\"},\"breadcrumb\":{\"@id\":\"https:\/\/blogs.esam-c2.fr\/design-graphique\/dnat-2014\/#breadcrumb\"},\"inLanguage\":\"fr-FR\",\"potentialAction\":[{\"@type\":\"ReadAction\",\"target\":[\"https:\/\/blogs.esam-c2.fr\/design-graphique\/dnat-2014\/\"]}]},{\"@type\":\"BreadcrumbList\",\"@id\":\"https:\/\/blogs.esam-c2.fr\/design-graphique\/dnat-2014\/#breadcrumb\",\"itemListElement\":[{\"@type\":\"ListItem\",\"position\":1,\"name\":\"Accueil\",\"item\":\"https:\/\/blogs.esam-c2.fr\/design-graphique\/\"},{\"@type\":\"ListItem\",\"position\":2,\"name\":\"DNAT 2014\"}]},{\"@type\":\"WebSite\",\"@id\":\"https:\/\/blogs.esam-c2.fr\/design-graphique\/#website\",\"url\":\"https:\/\/blogs.esam-c2.fr\/design-graphique\/\",\"name\":\"\/\/\/design graphique\/\u00e9sam-c2\/\",\"description\":\"site d&#039;archives et d&#039;informations \/ cours de graphisme \/ Caen\",\"potentialAction\":[{\"@type\":\"SearchAction\",\"target\":{\"@type\":\"EntryPoint\",\"urlTemplate\":\"https:\/\/blogs.esam-c2.fr\/design-graphique\/?s={search_term_string}\"},\"query-input\":{\"@type\":\"PropertyValueSpecification\",\"valueRequired\":true,\"valueName\":\"search_term_string\"}}],\"inLanguage\":\"fr-FR\"},{\"@type\":\"Person\",\"@id\":\"https:\/\/blogs.esam-c2.fr\/design-graphique\/#\/schema\/person\/6efbec67260ce9db24bba1e54d41e7c6\",\"name\":\"Sarah Fouquet\",\"image\":{\"@type\":\"ImageObject\",\"inLanguage\":\"fr-FR\",\"@id\":\"https:\/\/secure.gravatar.com\/avatar\/626f51a6ce51986c9e9cb4180fd263979c686cef2e0eff37e4a86a5095755363?s=96&d=mm&r=g\",\"url\":\"https:\/\/secure.gravatar.com\/avatar\/626f51a6ce51986c9e9cb4180fd263979c686cef2e0eff37e4a86a5095755363?s=96&d=mm&r=g\",\"contentUrl\":\"https:\/\/secure.gravatar.com\/avatar\/626f51a6ce51986c9e9cb4180fd263979c686cef2e0eff37e4a86a5095755363?s=96&d=mm&r=g\",\"caption\":\"Sarah Fouquet\"},\"description\":\"Dessinatrice, graphiste, auto-\u00e9ditrice, enseigne l'image dans le d\u00e9partement design graphique de l'\u00e9cole sup\u00e9rieure d\u2019arts et m\u00e9dias de Caen\",\"url\":\"https:\/\/blogs.esam-c2.fr\/design-graphique\/author\/design-graphique\/\"}]}<\/script>\n<!-- \/ Yoast SEO plugin. -->","yoast_head_json":{"title":"DNAT 2014 - \/\/\/design graphique\/\u00e9sam-c2\/","robots":{"index":"index","follow":"follow","max-snippet":"max-snippet:-1","max-image-preview":"max-image-preview:large","max-video-preview":"max-video-preview:-1"},"canonical":"https:\/\/blogs.esam-c2.fr\/design-graphique\/dnat-2014\/","og_locale":"fr_FR","og_type":"article","og_title":"DNAT 2014 - \/\/\/design graphique\/\u00e9sam-c2\/","og_description":"Les \u00e9preuves du DNAT design graphique se sont tenus les 25 et 26 septembre. Sur 15 candidats, 14 ont \u00e9t\u00e9 re\u00e7us. Le jury \u00e9tait pr\u00e9sid\u00e9 par Patrick Lallemand du studio Superscript, enseignant \u00e0 l&rsquo;ENSBA Lyon, de Vanina Pinter, enseignante en &hellip; Continuer la lecture &rarr;","og_url":"https:\/\/blogs.esam-c2.fr\/design-graphique\/dnat-2014\/","og_site_name":"\/\/\/design graphique\/\u00e9sam-c2\/","article_published_time":"2014-09-30T09:19:28+00:00","article_modified_time":"2014-09-30T10:03:42+00:00","author":"Sarah Fouquet","twitter_card":"summary_large_image","twitter_misc":{"\u00c9crit par":"Sarah Fouquet","Dur\u00e9e de lecture estim\u00e9e":"1 minute"},"schema":{"@context":"https:\/\/schema.org","@graph":[{"@type":"Article","@id":"https:\/\/blogs.esam-c2.fr\/design-graphique\/dnat-2014\/#article","isPartOf":{"@id":"https:\/\/blogs.esam-c2.fr\/design-graphique\/dnat-2014\/"},"author":{"name":"Sarah Fouquet","@id":"https:\/\/blogs.esam-c2.fr\/design-graphique\/#\/schema\/person\/6efbec67260ce9db24bba1e54d41e7c6"},"headline":"DNAT 2014","datePublished":"2014-09-30T09:19:28+00:00","dateModified":"2014-09-30T10:03:42+00:00","mainEntityOfPage":{"@id":"https:\/\/blogs.esam-c2.fr\/design-graphique\/dnat-2014\/"},"wordCount":206,"articleSection":["2014","DNAT","info"],"inLanguage":"fr-FR"},{"@type":"WebPage","@id":"https:\/\/blogs.esam-c2.fr\/design-graphique\/dnat-2014\/","url":"https:\/\/blogs.esam-c2.fr\/design-graphique\/dnat-2014\/","name":"DNAT 2014 - \/\/\/design graphique\/\u00e9sam-c2\/","isPartOf":{"@id":"https:\/\/blogs.esam-c2.fr\/design-graphique\/#website"},"datePublished":"2014-09-30T09:19:28+00:00","dateModified":"2014-09-30T10:03:42+00:00","author":{"@id":"https:\/\/blogs.esam-c2.fr\/design-graphique\/#\/schema\/person\/6efbec67260ce9db24bba1e54d41e7c6"},"breadcrumb":{"@id":"https:\/\/blogs.esam-c2.fr\/design-graphique\/dnat-2014\/#breadcrumb"},"inLanguage":"fr-FR","potentialAction":[{"@type":"ReadAction","target":["https:\/\/blogs.esam-c2.fr\/design-graphique\/dnat-2014\/"]}]},{"@type":"BreadcrumbList","@id":"https:\/\/blogs.esam-c2.fr\/design-graphique\/dnat-2014\/#breadcrumb","itemListElement":[{"@type":"ListItem","position":1,"name":"Accueil","item":"https:\/\/blogs.esam-c2.fr\/design-graphique\/"},{"@type":"ListItem","position":2,"name":"DNAT 2014"}]},{"@type":"WebSite","@id":"https:\/\/blogs.esam-c2.fr\/design-graphique\/#website","url":"https:\/\/blogs.esam-c2.fr\/design-graphique\/","name":"\/\/\/design graphique\/\u00e9sam-c2\/","description":"site d&#039;archives et d&#039;informations \/ cours de graphisme \/ Caen","potentialAction":[{"@type":"SearchAction","target":{"@type":"EntryPoint","urlTemplate":"https:\/\/blogs.esam-c2.fr\/design-graphique\/?s={search_term_string}"},"query-input":{"@type":"PropertyValueSpecification","valueRequired":true,"valueName":"search_term_string"}}],"inLanguage":"fr-FR"},{"@type":"Person","@id":"https:\/\/blogs.esam-c2.fr\/design-graphique\/#\/schema\/person\/6efbec67260ce9db24bba1e54d41e7c6","name":"Sarah Fouquet","image":{"@type":"ImageObject","inLanguage":"fr-FR","@id":"https:\/\/secure.gravatar.com\/avatar\/626f51a6ce51986c9e9cb4180fd263979c686cef2e0eff37e4a86a5095755363?s=96&d=mm&r=g","url":"https:\/\/secure.gravatar.com\/avatar\/626f51a6ce51986c9e9cb4180fd263979c686cef2e0eff37e4a86a5095755363?s=96&d=mm&r=g","contentUrl":"https:\/\/secure.gravatar.com\/avatar\/626f51a6ce51986c9e9cb4180fd263979c686cef2e0eff37e4a86a5095755363?s=96&d=mm&r=g","caption":"Sarah Fouquet"},"description":"Dessinatrice, graphiste, auto-\u00e9ditrice, enseigne l'image dans le d\u00e9partement design graphique de l'\u00e9cole sup\u00e9rieure d\u2019arts et m\u00e9dias de Caen","url":"https:\/\/blogs.esam-c2.fr\/design-graphique\/author\/design-graphique\/"}]}},"_links":{"self":[{"href":"https:\/\/blogs.esam-c2.fr\/design-graphique\/wp-json\/wp\/v2\/posts\/2076","targetHints":{"allow":["GET"]}}],"collection":[{"href":"https:\/\/blogs.esam-c2.fr\/design-graphique\/wp-json\/wp\/v2\/posts"}],"about":[{"href":"https:\/\/blogs.esam-c2.fr\/design-graphique\/wp-json\/wp\/v2\/types\/post"}],"author":[{"embeddable":true,"href":"https:\/\/blogs.esam-c2.fr\/design-graphique\/wp-json\/wp\/v2\/users\/7"}],"replies":[{"embeddable":true,"href":"https:\/\/blogs.esam-c2.fr\/design-graphique\/wp-json\/wp\/v2\/comments?post=2076"}],"version-history":[{"count":2,"href":"https:\/\/blogs.esam-c2.fr\/design-graphique\/wp-json\/wp\/v2\/posts\/2076\/revisions"}],"predecessor-version":[{"id":2091,"href":"https:\/\/blogs.esam-c2.fr\/design-graphique\/wp-json\/wp\/v2\/posts\/2076\/revisions\/2091"}],"wp:attachment":[{"href":"https:\/\/blogs.esam-c2.fr\/design-graphique\/wp-json\/wp\/v2\/media?parent=2076"}],"wp:term":[{"taxonomy":"category","embeddable":true,"href":"https:\/\/blogs.esam-c2.fr\/design-graphique\/wp-json\/wp\/v2\/categories?post=2076"},{"taxonomy":"post_tag","embeddable":true,"href":"https:\/\/blogs.esam-c2.fr\/design-graphique\/wp-json\/wp\/v2\/tags?post=2076"}],"curies":[{"name":"wp","href":"https:\/\/api.w.org\/{rel}","templated":true}]}}