{"id":2155,"date":"2014-10-28T19:22:02","date_gmt":"2014-10-28T19:22:02","guid":{"rendered":"http:\/\/blogs.esam-c2.fr\/design-graphique\/?p=2155"},"modified":"2014-12-02T12:48:08","modified_gmt":"2014-12-02T12:48:08","slug":"affiche-signaletique-des-portes-ouvertes-2015","status":"publish","type":"post","link":"https:\/\/blogs.esam-c2.fr\/design-graphique\/affiche-signaletique-des-portes-ouvertes-2015\/","title":{"rendered":"Affiche &amp; signal\u00e9tique des portes ouvertes 2015"},"content":{"rendered":"<p>Apr\u00e8s une semaine de workshop avec Aur\u00e9lie Gasche les \u00e9tudiants ont pr\u00e9sent\u00e9 leurs diff\u00e9rents projets de signal\u00e9tique et d&rsquo;affiche pour les prochaines portes ouvertes de l&rsquo;\u00e9sam.<\/p>\n<div id=\"attachment_2167\" style=\"width: 430px\" class=\"wp-caption alignleft\"><a href=\"http:\/\/blogs.esam-c2.fr\/design-graphique\/files\/2014\/12\/AffSigna15_10.jpg\"><img loading=\"lazy\" decoding=\"async\" aria-describedby=\"caption-attachment-2167\" class=\"wp-image-2167\" src=\"http:\/\/blogs.esam-c2.fr\/design-graphique\/files\/2014\/12\/AffSigna15_10.jpg\" alt=\"Aur\u00e9lie Gasche, invit\u00e9e du workshop\" width=\"420\" height=\"287\" srcset=\"https:\/\/blogs.esam-c2.fr\/design-graphique\/files\/2014\/12\/AffSigna15_10.jpg 850w, https:\/\/blogs.esam-c2.fr\/design-graphique\/files\/2014\/12\/AffSigna15_10-300x204.jpg 300w\" sizes=\"auto, (max-width: 420px) 100vw, 420px\" \/><\/a><p id=\"caption-attachment-2167\" class=\"wp-caption-text\">Aur\u00e9lie Gasche, invit\u00e9e du workshop \u00a9 Sarah Fouquet<\/p><\/div>\n<div id=\"attachment_2156\" style=\"width: 430px\" class=\"wp-caption alignleft\"><a href=\"http:\/\/blogs.esam-c2.fr\/design-graphique\/files\/2014\/12\/AffSigna15_1.jpg\"><img loading=\"lazy\" decoding=\"async\" aria-describedby=\"caption-attachment-2156\" class=\"wp-image-2156\" src=\"http:\/\/blogs.esam-c2.fr\/design-graphique\/files\/2014\/12\/AffSigna15_1.jpg\" alt=\"travail en \u00e9quipe durant le workshop\" width=\"420\" height=\"287\" srcset=\"https:\/\/blogs.esam-c2.fr\/design-graphique\/files\/2014\/12\/AffSigna15_1.jpg 850w, https:\/\/blogs.esam-c2.fr\/design-graphique\/files\/2014\/12\/AffSigna15_1-300x204.jpg 300w\" sizes=\"auto, (max-width: 420px) 100vw, 420px\" \/><\/a><p id=\"caption-attachment-2156\" class=\"wp-caption-text\">travail en \u00e9quipe durant le workshop \u00a9 Sarah Fouquet<\/p><\/div>\n<div id=\"attachment_2157\" style=\"width: 430px\" class=\"wp-caption alignleft\"><a href=\"http:\/\/blogs.esam-c2.fr\/design-graphique\/files\/2014\/12\/AffSigna15_2.jpg\"><img loading=\"lazy\" decoding=\"async\" aria-describedby=\"caption-attachment-2157\" class=\"wp-image-2157\" src=\"http:\/\/blogs.esam-c2.fr\/design-graphique\/files\/2014\/12\/AffSigna15_2.jpg\" alt=\"pr\u00e9paration de la pr\u00e9sentation des diff\u00e9rentes \u00e9quipes\" width=\"420\" height=\"287\" srcset=\"https:\/\/blogs.esam-c2.fr\/design-graphique\/files\/2014\/12\/AffSigna15_2.jpg 850w, https:\/\/blogs.esam-c2.fr\/design-graphique\/files\/2014\/12\/AffSigna15_2-300x204.jpg 300w\" sizes=\"auto, (max-width: 420px) 100vw, 420px\" \/><\/a><p id=\"caption-attachment-2157\" class=\"wp-caption-text\">pr\u00e9paration de la pr\u00e9sentation des diff\u00e9rentes \u00e9quipes \u00a9 Sarah Fouquet<\/p><\/div>\n<div id=\"attachment_2159\" style=\"width: 430px\" class=\"wp-caption alignleft\"><a href=\"http:\/\/blogs.esam-c2.fr\/design-graphique\/files\/2014\/12\/AffSigna15_4.jpg\"><img loading=\"lazy\" decoding=\"async\" aria-describedby=\"caption-attachment-2159\" class=\"wp-image-2159\" src=\"http:\/\/blogs.esam-c2.fr\/design-graphique\/files\/2014\/12\/AffSigna15_4.jpg\" alt=\"pr\u00e9sentation d'une signal\u00e9tique urbaine ( L\u00e9a Moulec, Stanley Obobogo, Pauline Querrien et Lucia Cerda)\" width=\"420\" height=\"287\" srcset=\"https:\/\/blogs.esam-c2.fr\/design-graphique\/files\/2014\/12\/AffSigna15_4.jpg 850w, https:\/\/blogs.esam-c2.fr\/design-graphique\/files\/2014\/12\/AffSigna15_4-300x204.jpg 300w\" sizes=\"auto, (max-width: 420px) 100vw, 420px\" \/><\/a><p id=\"caption-attachment-2159\" class=\"wp-caption-text\">pr\u00e9sentation d&rsquo;une signal\u00e9tique urbaine ( L\u00e9a Moulec, Stanley Obobogo, Pauline Querrien et Lucia Cerda) \u00a9 Sarah Fouquet<\/p><\/div>\n<div id=\"attachment_2158\" style=\"width: 430px\" class=\"wp-caption alignleft\"><a href=\"http:\/\/blogs.esam-c2.fr\/design-graphique\/files\/2014\/12\/AffSigna15_3.jpg\"><img loading=\"lazy\" decoding=\"async\" aria-describedby=\"caption-attachment-2158\" class=\"wp-image-2158\" src=\"http:\/\/blogs.esam-c2.fr\/design-graphique\/files\/2014\/12\/AffSigna15_3.jpg\" alt=\"pr\u00e9sentation d'une signal\u00e9tique int\u00e9rieure au b\u00e2timent (Ana\u00efs F\u00e9brier, Tiffany Flecher-Moreau et Victor Guyomard)\" width=\"420\" height=\"286\" srcset=\"https:\/\/blogs.esam-c2.fr\/design-graphique\/files\/2014\/12\/AffSigna15_3.jpg 850w, https:\/\/blogs.esam-c2.fr\/design-graphique\/files\/2014\/12\/AffSigna15_3-300x204.jpg 300w\" sizes=\"auto, (max-width: 420px) 100vw, 420px\" \/><\/a><p id=\"caption-attachment-2158\" class=\"wp-caption-text\">pr\u00e9sentation d&rsquo;une signal\u00e9tique int\u00e9rieure au b\u00e2timent (Ana\u00efs F\u00e9brier, Tiffany Flecher-Moreau et Victor Guyomard) \u00a9 Sarah Fouquet<\/p><\/div>\n<div id=\"attachment_2160\" style=\"width: 430px\" class=\"wp-caption alignleft\"><a href=\"http:\/\/blogs.esam-c2.fr\/design-graphique\/files\/2014\/12\/AffSigna15_5.jpg\"><img loading=\"lazy\" decoding=\"async\" aria-describedby=\"caption-attachment-2160\" class=\"wp-image-2160\" src=\"http:\/\/blogs.esam-c2.fr\/design-graphique\/files\/2014\/12\/AffSigna15_5.jpg\" alt=\"pr\u00e9sentation avec l'ensemble des \u00e9tudiants de design graphique\" width=\"420\" height=\"287\" srcset=\"https:\/\/blogs.esam-c2.fr\/design-graphique\/files\/2014\/12\/AffSigna15_5.jpg 850w, https:\/\/blogs.esam-c2.fr\/design-graphique\/files\/2014\/12\/AffSigna15_5-300x204.jpg 300w\" sizes=\"auto, (max-width: 420px) 100vw, 420px\" \/><\/a><p id=\"caption-attachment-2160\" class=\"wp-caption-text\">pr\u00e9sentation avec l&rsquo;ensemble des \u00e9tudiants de design graphique \u00a9 Sarah Fouquet<\/p><\/div>\n<div id=\"attachment_2161\" style=\"width: 430px\" class=\"wp-caption alignleft\"><a href=\"http:\/\/blogs.esam-c2.fr\/design-graphique\/files\/2014\/12\/AffSigna15_6.jpg\"><img loading=\"lazy\" decoding=\"async\" aria-describedby=\"caption-attachment-2161\" class=\"wp-image-2161\" src=\"http:\/\/blogs.esam-c2.fr\/design-graphique\/files\/2014\/12\/AffSigna15_6.jpg\" alt=\"ensemble des 18 projets d'affiches\" width=\"420\" height=\"287\" srcset=\"https:\/\/blogs.esam-c2.fr\/design-graphique\/files\/2014\/12\/AffSigna15_6.jpg 850w, https:\/\/blogs.esam-c2.fr\/design-graphique\/files\/2014\/12\/AffSigna15_6-300x204.jpg 300w\" sizes=\"auto, (max-width: 420px) 100vw, 420px\" \/><\/a><p id=\"caption-attachment-2161\" class=\"wp-caption-text\">ensemble des 18 projets d&rsquo;affiches \u00a9 Sarah Fouquet<\/p><\/div>\n<div id=\"attachment_2164\" style=\"width: 430px\" class=\"wp-caption alignleft\"><a href=\"http:\/\/blogs.esam-c2.fr\/design-graphique\/files\/2014\/12\/AffSigna15_9.jpg\"><img loading=\"lazy\" decoding=\"async\" aria-describedby=\"caption-attachment-2164\" class=\"wp-image-2164\" src=\"http:\/\/blogs.esam-c2.fr\/design-graphique\/files\/2014\/12\/AffSigna15_9.jpg\" alt=\"projet d'affiche pr\u00e9-s\u00e9lectionn\u00e9 (Jos\u00e9phine Daudiberti\u00e8re)\" width=\"420\" height=\"594\" srcset=\"https:\/\/blogs.esam-c2.fr\/design-graphique\/files\/2014\/12\/AffSigna15_9.jpg 601w, https:\/\/blogs.esam-c2.fr\/design-graphique\/files\/2014\/12\/AffSigna15_9-212x300.jpg 212w\" sizes=\"auto, (max-width: 420px) 100vw, 420px\" \/><\/a><p id=\"caption-attachment-2164\" class=\"wp-caption-text\">projet d&rsquo;affiche pr\u00e9-s\u00e9lectionn\u00e9 (Jos\u00e9phine Daudiberti\u00e8re)<\/p><\/div>\n<div id=\"attachment_2163\" style=\"width: 430px\" class=\"wp-caption alignleft\"><a href=\"http:\/\/blogs.esam-c2.fr\/design-graphique\/files\/2014\/12\/AffSigna15_8.jpg\"><img loading=\"lazy\" decoding=\"async\" aria-describedby=\"caption-attachment-2163\" class=\"wp-image-2163\" src=\"http:\/\/blogs.esam-c2.fr\/design-graphique\/files\/2014\/12\/AffSigna15_8.jpg\" alt=\"projet d'affiche pr\u00e9-s\u00e9lectionn\u00e9 (Laurie P\u00e9riss\u00e9)\" width=\"420\" height=\"594\" srcset=\"https:\/\/blogs.esam-c2.fr\/design-graphique\/files\/2014\/12\/AffSigna15_8.jpg 601w, https:\/\/blogs.esam-c2.fr\/design-graphique\/files\/2014\/12\/AffSigna15_8-212x300.jpg 212w\" sizes=\"auto, (max-width: 420px) 100vw, 420px\" \/><\/a><p id=\"caption-attachment-2163\" class=\"wp-caption-text\">affiche pr\u00e9-s\u00e9lectionn\u00e9e (Laurie P\u00e9riss\u00e9)<\/p><\/div>\n<div id=\"attachment_2162\" style=\"width: 430px\" class=\"wp-caption alignleft\"><a href=\"http:\/\/blogs.esam-c2.fr\/design-graphique\/files\/2014\/12\/AffSigna15_7.jpg\"><img loading=\"lazy\" decoding=\"async\" aria-describedby=\"caption-attachment-2162\" class=\"wp-image-2162\" src=\"http:\/\/blogs.esam-c2.fr\/design-graphique\/files\/2014\/12\/AffSigna15_7.jpg\" alt=\"projet d'affiche pr\u00e9-s\u00e9lectionn\u00e9 (Pauline Vidal)\" width=\"420\" height=\"594\" srcset=\"https:\/\/blogs.esam-c2.fr\/design-graphique\/files\/2014\/12\/AffSigna15_7.jpg 601w, https:\/\/blogs.esam-c2.fr\/design-graphique\/files\/2014\/12\/AffSigna15_7-212x300.jpg 212w\" sizes=\"auto, (max-width: 420px) 100vw, 420px\" \/><\/a><p id=\"caption-attachment-2162\" class=\"wp-caption-text\">projet d&rsquo;affiche pr\u00e9-s\u00e9lectionn\u00e9 (Pauline Vidal)<\/p><\/div>\n","protected":false},"excerpt":{"rendered":"<p>Apr\u00e8s une semaine de workshop avec Aur\u00e9lie Gasche les \u00e9tudiants ont pr\u00e9sent\u00e9 leurs diff\u00e9rents projets de signal\u00e9tique et d&rsquo;affiche pour les prochaines portes ouvertes de l&rsquo;\u00e9sam.<\/p>\n","protected":false},"author":7,"featured_media":0,"comment_status":"closed","ping_status":"open","sticky":false,"template":"","format":"standard","meta":{"footnotes":""},"categories":[60,32,33],"tags":[],"class_list":["post-2155","post","type-post","status-publish","format-standard","hentry","category-60","category-portes-ouvertes","category-workshop"],"yoast_head":"<!-- This site is optimized with the Yoast SEO plugin v27.2 - https:\/\/yoast.com\/product\/yoast-seo-wordpress\/ -->\n<title>Affiche &amp; signal\u00e9tique des portes ouvertes 2015 - \/\/\/design graphique\/\u00e9sam-c2\/<\/title>\n<meta name=\"robots\" content=\"index, follow, max-snippet:-1, max-image-preview:large, max-video-preview:-1\" \/>\n<link rel=\"canonical\" href=\"https:\/\/blogs.esam-c2.fr\/design-graphique\/affiche-signaletique-des-portes-ouvertes-2015\/\" \/>\n<meta property=\"og:locale\" content=\"fr_FR\" \/>\n<meta property=\"og:type\" content=\"article\" \/>\n<meta property=\"og:title\" content=\"Affiche &amp; signal\u00e9tique des portes ouvertes 2015 - \/\/\/design graphique\/\u00e9sam-c2\/\" \/>\n<meta property=\"og:description\" content=\"Apr\u00e8s une semaine de workshop avec Aur\u00e9lie Gasche les \u00e9tudiants ont pr\u00e9sent\u00e9 leurs diff\u00e9rents projets de signal\u00e9tique et d&rsquo;affiche pour les prochaines portes ouvertes de l&rsquo;\u00e9sam.\" \/>\n<meta property=\"og:url\" content=\"https:\/\/blogs.esam-c2.fr\/design-graphique\/affiche-signaletique-des-portes-ouvertes-2015\/\" \/>\n<meta property=\"og:site_name\" content=\"\/\/\/design graphique\/\u00e9sam-c2\/\" \/>\n<meta property=\"article:published_time\" content=\"2014-10-28T19:22:02+00:00\" \/>\n<meta property=\"article:modified_time\" content=\"2014-12-02T12:48:08+00:00\" \/>\n<meta property=\"og:image\" content=\"http:\/\/blogs.esam-c2.fr\/design-graphique\/files\/2014\/12\/AffSigna15_10.jpg\" \/>\n<meta name=\"author\" content=\"Sarah Fouquet\" \/>\n<meta name=\"twitter:card\" content=\"summary_large_image\" \/>\n<meta name=\"twitter:label1\" content=\"\u00c9crit par\" \/>\n\t<meta name=\"twitter:data1\" content=\"Sarah Fouquet\" \/>\n\t<meta name=\"twitter:label2\" content=\"Dur\u00e9e de lecture estim\u00e9e\" \/>\n\t<meta name=\"twitter:data2\" content=\"1 minute\" \/>\n<script type=\"application\/ld+json\" class=\"yoast-schema-graph\">{\"@context\":\"https:\/\/schema.org\",\"@graph\":[{\"@type\":\"Article\",\"@id\":\"https:\/\/blogs.esam-c2.fr\/design-graphique\/affiche-signaletique-des-portes-ouvertes-2015\/#article\",\"isPartOf\":{\"@id\":\"https:\/\/blogs.esam-c2.fr\/design-graphique\/affiche-signaletique-des-portes-ouvertes-2015\/\"},\"author\":{\"name\":\"Sarah Fouquet\",\"@id\":\"https:\/\/blogs.esam-c2.fr\/design-graphique\/#\/schema\/person\/6efbec67260ce9db24bba1e54d41e7c6\"},\"headline\":\"Affiche &amp; signal\u00e9tique des portes ouvertes 2015\",\"datePublished\":\"2014-10-28T19:22:02+00:00\",\"dateModified\":\"2014-12-02T12:48:08+00:00\",\"mainEntityOfPage\":{\"@id\":\"https:\/\/blogs.esam-c2.fr\/design-graphique\/affiche-signaletique-des-portes-ouvertes-2015\/\"},\"wordCount\":225,\"image\":{\"@id\":\"https:\/\/blogs.esam-c2.fr\/design-graphique\/affiche-signaletique-des-portes-ouvertes-2015\/#primaryimage\"},\"thumbnailUrl\":\"http:\/\/blogs.esam-c2.fr\/design-graphique\/files\/2014\/12\/AffSigna15_10.jpg\",\"articleSection\":[\"2014\",\"portes ouvertes\",\"workshop\"],\"inLanguage\":\"fr-FR\"},{\"@type\":\"WebPage\",\"@id\":\"https:\/\/blogs.esam-c2.fr\/design-graphique\/affiche-signaletique-des-portes-ouvertes-2015\/\",\"url\":\"https:\/\/blogs.esam-c2.fr\/design-graphique\/affiche-signaletique-des-portes-ouvertes-2015\/\",\"name\":\"Affiche &amp; signal\u00e9tique des portes ouvertes 2015 - \/\/\/design graphique\/\u00e9sam-c2\/\",\"isPartOf\":{\"@id\":\"https:\/\/blogs.esam-c2.fr\/design-graphique\/#website\"},\"primaryImageOfPage\":{\"@id\":\"https:\/\/blogs.esam-c2.fr\/design-graphique\/affiche-signaletique-des-portes-ouvertes-2015\/#primaryimage\"},\"image\":{\"@id\":\"https:\/\/blogs.esam-c2.fr\/design-graphique\/affiche-signaletique-des-portes-ouvertes-2015\/#primaryimage\"},\"thumbnailUrl\":\"http:\/\/blogs.esam-c2.fr\/design-graphique\/files\/2014\/12\/AffSigna15_10.jpg\",\"datePublished\":\"2014-10-28T19:22:02+00:00\",\"dateModified\":\"2014-12-02T12:48:08+00:00\",\"author\":{\"@id\":\"https:\/\/blogs.esam-c2.fr\/design-graphique\/#\/schema\/person\/6efbec67260ce9db24bba1e54d41e7c6\"},\"breadcrumb\":{\"@id\":\"https:\/\/blogs.esam-c2.fr\/design-graphique\/affiche-signaletique-des-portes-ouvertes-2015\/#breadcrumb\"},\"inLanguage\":\"fr-FR\",\"potentialAction\":[{\"@type\":\"ReadAction\",\"target\":[\"https:\/\/blogs.esam-c2.fr\/design-graphique\/affiche-signaletique-des-portes-ouvertes-2015\/\"]}]},{\"@type\":\"ImageObject\",\"inLanguage\":\"fr-FR\",\"@id\":\"https:\/\/blogs.esam-c2.fr\/design-graphique\/affiche-signaletique-des-portes-ouvertes-2015\/#primaryimage\",\"url\":\"http:\/\/blogs.esam-c2.fr\/design-graphique\/files\/2014\/12\/AffSigna15_10.jpg\",\"contentUrl\":\"http:\/\/blogs.esam-c2.fr\/design-graphique\/files\/2014\/12\/AffSigna15_10.jpg\"},{\"@type\":\"BreadcrumbList\",\"@id\":\"https:\/\/blogs.esam-c2.fr\/design-graphique\/affiche-signaletique-des-portes-ouvertes-2015\/#breadcrumb\",\"itemListElement\":[{\"@type\":\"ListItem\",\"position\":1,\"name\":\"Accueil\",\"item\":\"https:\/\/blogs.esam-c2.fr\/design-graphique\/\"},{\"@type\":\"ListItem\",\"position\":2,\"name\":\"Affiche &amp; signal\u00e9tique des portes ouvertes 2015\"}]},{\"@type\":\"WebSite\",\"@id\":\"https:\/\/blogs.esam-c2.fr\/design-graphique\/#website\",\"url\":\"https:\/\/blogs.esam-c2.fr\/design-graphique\/\",\"name\":\"\/\/\/design graphique\/\u00e9sam-c2\/\",\"description\":\"site d&#039;archives et d&#039;informations \/ cours de graphisme \/ Caen\",\"potentialAction\":[{\"@type\":\"SearchAction\",\"target\":{\"@type\":\"EntryPoint\",\"urlTemplate\":\"https:\/\/blogs.esam-c2.fr\/design-graphique\/?s={search_term_string}\"},\"query-input\":{\"@type\":\"PropertyValueSpecification\",\"valueRequired\":true,\"valueName\":\"search_term_string\"}}],\"inLanguage\":\"fr-FR\"},{\"@type\":\"Person\",\"@id\":\"https:\/\/blogs.esam-c2.fr\/design-graphique\/#\/schema\/person\/6efbec67260ce9db24bba1e54d41e7c6\",\"name\":\"Sarah Fouquet\",\"image\":{\"@type\":\"ImageObject\",\"inLanguage\":\"fr-FR\",\"@id\":\"https:\/\/secure.gravatar.com\/avatar\/626f51a6ce51986c9e9cb4180fd263979c686cef2e0eff37e4a86a5095755363?s=96&d=mm&r=g\",\"url\":\"https:\/\/secure.gravatar.com\/avatar\/626f51a6ce51986c9e9cb4180fd263979c686cef2e0eff37e4a86a5095755363?s=96&d=mm&r=g\",\"contentUrl\":\"https:\/\/secure.gravatar.com\/avatar\/626f51a6ce51986c9e9cb4180fd263979c686cef2e0eff37e4a86a5095755363?s=96&d=mm&r=g\",\"caption\":\"Sarah Fouquet\"},\"description\":\"Dessinatrice, graphiste, auto-\u00e9ditrice, enseigne l'image dans le d\u00e9partement design graphique de l'\u00e9cole sup\u00e9rieure d\u2019arts et m\u00e9dias de Caen\",\"url\":\"https:\/\/blogs.esam-c2.fr\/design-graphique\/author\/design-graphique\/\"}]}<\/script>\n<!-- \/ Yoast SEO plugin. -->","yoast_head_json":{"title":"Affiche &amp; signal\u00e9tique des portes ouvertes 2015 - \/\/\/design graphique\/\u00e9sam-c2\/","robots":{"index":"index","follow":"follow","max-snippet":"max-snippet:-1","max-image-preview":"max-image-preview:large","max-video-preview":"max-video-preview:-1"},"canonical":"https:\/\/blogs.esam-c2.fr\/design-graphique\/affiche-signaletique-des-portes-ouvertes-2015\/","og_locale":"fr_FR","og_type":"article","og_title":"Affiche &amp; signal\u00e9tique des portes ouvertes 2015 - \/\/\/design graphique\/\u00e9sam-c2\/","og_description":"Apr\u00e8s une semaine de workshop avec Aur\u00e9lie Gasche les \u00e9tudiants ont pr\u00e9sent\u00e9 leurs diff\u00e9rents projets de signal\u00e9tique et d&rsquo;affiche pour les prochaines portes ouvertes de l&rsquo;\u00e9sam.","og_url":"https:\/\/blogs.esam-c2.fr\/design-graphique\/affiche-signaletique-des-portes-ouvertes-2015\/","og_site_name":"\/\/\/design graphique\/\u00e9sam-c2\/","article_published_time":"2014-10-28T19:22:02+00:00","article_modified_time":"2014-12-02T12:48:08+00:00","og_image":[{"url":"http:\/\/blogs.esam-c2.fr\/design-graphique\/files\/2014\/12\/AffSigna15_10.jpg","type":"","width":"","height":""}],"author":"Sarah Fouquet","twitter_card":"summary_large_image","twitter_misc":{"\u00c9crit par":"Sarah Fouquet","Dur\u00e9e de lecture estim\u00e9e":"1 minute"},"schema":{"@context":"https:\/\/schema.org","@graph":[{"@type":"Article","@id":"https:\/\/blogs.esam-c2.fr\/design-graphique\/affiche-signaletique-des-portes-ouvertes-2015\/#article","isPartOf":{"@id":"https:\/\/blogs.esam-c2.fr\/design-graphique\/affiche-signaletique-des-portes-ouvertes-2015\/"},"author":{"name":"Sarah Fouquet","@id":"https:\/\/blogs.esam-c2.fr\/design-graphique\/#\/schema\/person\/6efbec67260ce9db24bba1e54d41e7c6"},"headline":"Affiche &amp; signal\u00e9tique des portes ouvertes 2015","datePublished":"2014-10-28T19:22:02+00:00","dateModified":"2014-12-02T12:48:08+00:00","mainEntityOfPage":{"@id":"https:\/\/blogs.esam-c2.fr\/design-graphique\/affiche-signaletique-des-portes-ouvertes-2015\/"},"wordCount":225,"image":{"@id":"https:\/\/blogs.esam-c2.fr\/design-graphique\/affiche-signaletique-des-portes-ouvertes-2015\/#primaryimage"},"thumbnailUrl":"http:\/\/blogs.esam-c2.fr\/design-graphique\/files\/2014\/12\/AffSigna15_10.jpg","articleSection":["2014","portes ouvertes","workshop"],"inLanguage":"fr-FR"},{"@type":"WebPage","@id":"https:\/\/blogs.esam-c2.fr\/design-graphique\/affiche-signaletique-des-portes-ouvertes-2015\/","url":"https:\/\/blogs.esam-c2.fr\/design-graphique\/affiche-signaletique-des-portes-ouvertes-2015\/","name":"Affiche &amp; signal\u00e9tique des portes ouvertes 2015 - \/\/\/design graphique\/\u00e9sam-c2\/","isPartOf":{"@id":"https:\/\/blogs.esam-c2.fr\/design-graphique\/#website"},"primaryImageOfPage":{"@id":"https:\/\/blogs.esam-c2.fr\/design-graphique\/affiche-signaletique-des-portes-ouvertes-2015\/#primaryimage"},"image":{"@id":"https:\/\/blogs.esam-c2.fr\/design-graphique\/affiche-signaletique-des-portes-ouvertes-2015\/#primaryimage"},"thumbnailUrl":"http:\/\/blogs.esam-c2.fr\/design-graphique\/files\/2014\/12\/AffSigna15_10.jpg","datePublished":"2014-10-28T19:22:02+00:00","dateModified":"2014-12-02T12:48:08+00:00","author":{"@id":"https:\/\/blogs.esam-c2.fr\/design-graphique\/#\/schema\/person\/6efbec67260ce9db24bba1e54d41e7c6"},"breadcrumb":{"@id":"https:\/\/blogs.esam-c2.fr\/design-graphique\/affiche-signaletique-des-portes-ouvertes-2015\/#breadcrumb"},"inLanguage":"fr-FR","potentialAction":[{"@type":"ReadAction","target":["https:\/\/blogs.esam-c2.fr\/design-graphique\/affiche-signaletique-des-portes-ouvertes-2015\/"]}]},{"@type":"ImageObject","inLanguage":"fr-FR","@id":"https:\/\/blogs.esam-c2.fr\/design-graphique\/affiche-signaletique-des-portes-ouvertes-2015\/#primaryimage","url":"http:\/\/blogs.esam-c2.fr\/design-graphique\/files\/2014\/12\/AffSigna15_10.jpg","contentUrl":"http:\/\/blogs.esam-c2.fr\/design-graphique\/files\/2014\/12\/AffSigna15_10.jpg"},{"@type":"BreadcrumbList","@id":"https:\/\/blogs.esam-c2.fr\/design-graphique\/affiche-signaletique-des-portes-ouvertes-2015\/#breadcrumb","itemListElement":[{"@type":"ListItem","position":1,"name":"Accueil","item":"https:\/\/blogs.esam-c2.fr\/design-graphique\/"},{"@type":"ListItem","position":2,"name":"Affiche &amp; signal\u00e9tique des portes ouvertes 2015"}]},{"@type":"WebSite","@id":"https:\/\/blogs.esam-c2.fr\/design-graphique\/#website","url":"https:\/\/blogs.esam-c2.fr\/design-graphique\/","name":"\/\/\/design graphique\/\u00e9sam-c2\/","description":"site d&#039;archives et d&#039;informations \/ cours de graphisme \/ Caen","potentialAction":[{"@type":"SearchAction","target":{"@type":"EntryPoint","urlTemplate":"https:\/\/blogs.esam-c2.fr\/design-graphique\/?s={search_term_string}"},"query-input":{"@type":"PropertyValueSpecification","valueRequired":true,"valueName":"search_term_string"}}],"inLanguage":"fr-FR"},{"@type":"Person","@id":"https:\/\/blogs.esam-c2.fr\/design-graphique\/#\/schema\/person\/6efbec67260ce9db24bba1e54d41e7c6","name":"Sarah Fouquet","image":{"@type":"ImageObject","inLanguage":"fr-FR","@id":"https:\/\/secure.gravatar.com\/avatar\/626f51a6ce51986c9e9cb4180fd263979c686cef2e0eff37e4a86a5095755363?s=96&d=mm&r=g","url":"https:\/\/secure.gravatar.com\/avatar\/626f51a6ce51986c9e9cb4180fd263979c686cef2e0eff37e4a86a5095755363?s=96&d=mm&r=g","contentUrl":"https:\/\/secure.gravatar.com\/avatar\/626f51a6ce51986c9e9cb4180fd263979c686cef2e0eff37e4a86a5095755363?s=96&d=mm&r=g","caption":"Sarah Fouquet"},"description":"Dessinatrice, graphiste, auto-\u00e9ditrice, enseigne l'image dans le d\u00e9partement design graphique de l'\u00e9cole sup\u00e9rieure d\u2019arts et m\u00e9dias de Caen","url":"https:\/\/blogs.esam-c2.fr\/design-graphique\/author\/design-graphique\/"}]}},"_links":{"self":[{"href":"https:\/\/blogs.esam-c2.fr\/design-graphique\/wp-json\/wp\/v2\/posts\/2155","targetHints":{"allow":["GET"]}}],"collection":[{"href":"https:\/\/blogs.esam-c2.fr\/design-graphique\/wp-json\/wp\/v2\/posts"}],"about":[{"href":"https:\/\/blogs.esam-c2.fr\/design-graphique\/wp-json\/wp\/v2\/types\/post"}],"author":[{"embeddable":true,"href":"https:\/\/blogs.esam-c2.fr\/design-graphique\/wp-json\/wp\/v2\/users\/7"}],"replies":[{"embeddable":true,"href":"https:\/\/blogs.esam-c2.fr\/design-graphique\/wp-json\/wp\/v2\/comments?post=2155"}],"version-history":[{"count":4,"href":"https:\/\/blogs.esam-c2.fr\/design-graphique\/wp-json\/wp\/v2\/posts\/2155\/revisions"}],"predecessor-version":[{"id":2203,"href":"https:\/\/blogs.esam-c2.fr\/design-graphique\/wp-json\/wp\/v2\/posts\/2155\/revisions\/2203"}],"wp:attachment":[{"href":"https:\/\/blogs.esam-c2.fr\/design-graphique\/wp-json\/wp\/v2\/media?parent=2155"}],"wp:term":[{"taxonomy":"category","embeddable":true,"href":"https:\/\/blogs.esam-c2.fr\/design-graphique\/wp-json\/wp\/v2\/categories?post=2155"},{"taxonomy":"post_tag","embeddable":true,"href":"https:\/\/blogs.esam-c2.fr\/design-graphique\/wp-json\/wp\/v2\/tags?post=2155"}],"curies":[{"name":"wp","href":"https:\/\/api.w.org\/{rel}","templated":true}]}}