{"id":268,"date":"2011-07-06T21:42:10","date_gmt":"2011-07-06T21:42:10","guid":{"rendered":"http:\/\/blogs.esamcaen.fr\/design-graphique\/?p=268"},"modified":"2011-11-14T08:52:13","modified_gmt":"2011-11-14T08:52:13","slug":"le-peuple-veut-exposition-a-paris","status":"publish","type":"post","link":"https:\/\/blogs.esam-c2.fr\/design-graphique\/le-peuple-veut-exposition-a-paris\/","title":{"rendered":"Le peuple veut &#8211; exposition \u00e0 Paris"},"content":{"rendered":"<p><a href=\"http:\/\/blogs.esam-c2.fr\/design-graphique\/files\/2011\/09\/AfficheParis2.jpg\"><img loading=\"lazy\" decoding=\"async\" width=\"427\" height=\"588\" class=\"size-full wp-image-270 alignleft\" src=\"http:\/\/blogs.esam-c2.fr\/design-graphique\/files\/2011\/09\/AfficheParis2.jpg\" alt=\"\" srcset=\"https:\/\/blogs.esam-c2.fr\/design-graphique\/files\/2011\/09\/AfficheParis2.jpg 427w, https:\/\/blogs.esam-c2.fr\/design-graphique\/files\/2011\/09\/AfficheParis2-217x300.jpg 217w\" sizes=\"auto, (max-width: 427px) 100vw, 427px\" \/><\/a><\/p>\n<p><strong>\/\/\/ Pr\u00e9sentation &gt;<\/strong><\/p>\n<p><strong>Mairie du 10e arrondissement, Paris, du 4 au 23 juillet et d\u00e9bat \u00abTunisie, de la r\u00e9volution \u00e0 la constituante: les enjeux\u00bb le 7 juillet. <\/strong>Le peuple veut est une exposition itin\u00e9rante, s\u00e9lection d\u2019affiches et de dessins de presse consacr\u00e9s \u00e0 la r\u00e9volution tunisienne\u00a0 par des artistes tunisiens et fran\u00e7ais, qui se tiendra \u00e0 Sfax, Tunis, Caen, Echirolles et Marrakech. Coproduction de l\u2019Ecole Sup\u00e9rieure des Arts et M\u00e9dias de Caen (<a href=\"http:\/\/caenactu.fr\/2011\/06\/08\/exposition-le-peuple-veut-a-lesam\/\">ESAM<\/a>), du Centre de graphisme d\u2019\u00c9chirolles et de l\u2019Institut Fran\u00e7ais de Coop\u00e9ration (IFC).<\/p>\n<p><a href=\"http:\/\/blogs.esam-c2.fr\/design-graphique\/files\/2011\/09\/ExpoParis1.jpg\"><img loading=\"lazy\" decoding=\"async\" width=\"624\" height=\"468\" class=\"alignleft size-full wp-image-271\" src=\"http:\/\/blogs.esam-c2.fr\/design-graphique\/files\/2011\/09\/ExpoParis1.jpg\" alt=\"\" srcset=\"https:\/\/blogs.esam-c2.fr\/design-graphique\/files\/2011\/09\/ExpoParis1.jpg 624w, https:\/\/blogs.esam-c2.fr\/design-graphique\/files\/2011\/09\/ExpoParis1-300x225.jpg 300w\" sizes=\"auto, (max-width: 624px) 100vw, 624px\" \/><\/a><\/p>\n<p>&nbsp;<\/p>\n<p><a href=\"http:\/\/blogs.esam-c2.fr\/design-graphique\/files\/2011\/09\/ExpoParis2.jpg\"><img loading=\"lazy\" decoding=\"async\" width=\"624\" height=\"468\" class=\"alignleft size-full wp-image-272\" src=\"http:\/\/blogs.esam-c2.fr\/design-graphique\/files\/2011\/09\/ExpoParis2.jpg\" alt=\"\" srcset=\"https:\/\/blogs.esam-c2.fr\/design-graphique\/files\/2011\/09\/ExpoParis2.jpg 624w, https:\/\/blogs.esam-c2.fr\/design-graphique\/files\/2011\/09\/ExpoParis2-300x225.jpg 300w\" sizes=\"auto, (max-width: 624px) 100vw, 624px\" \/><\/a><\/p>\n<p><a href=\"http:\/\/blogs.esam-c2.fr\/design-graphique\/files\/2011\/07\/ExpoParis3.jpg\"><img loading=\"lazy\" decoding=\"async\" width=\"624\" height=\"468\" class=\"alignleft size-full wp-image-280\" src=\"http:\/\/blogs.esam-c2.fr\/design-graphique\/files\/2011\/07\/ExpoParis3.jpg\" alt=\"\" srcset=\"https:\/\/blogs.esam-c2.fr\/design-graphique\/files\/2011\/07\/ExpoParis3.jpg 624w, https:\/\/blogs.esam-c2.fr\/design-graphique\/files\/2011\/07\/ExpoParis3-300x225.jpg 300w\" sizes=\"auto, (max-width: 624px) 100vw, 624px\" \/><\/a><\/p>\n<p><a href=\"http:\/\/blogs.esam-c2.fr\/design-graphique\/files\/2011\/07\/ExpoParis4.jpg\"><img loading=\"lazy\" decoding=\"async\" width=\"624\" height=\"433\" class=\"size-full wp-image-281 alignleft\" src=\"http:\/\/blogs.esam-c2.fr\/design-graphique\/files\/2011\/07\/ExpoParis4.jpg\" alt=\"\" srcset=\"https:\/\/blogs.esam-c2.fr\/design-graphique\/files\/2011\/07\/ExpoParis4.jpg 624w, https:\/\/blogs.esam-c2.fr\/design-graphique\/files\/2011\/07\/ExpoParis4-300x208.jpg 300w\" sizes=\"auto, (max-width: 624px) 100vw, 624px\" \/><\/a><\/p>\n<p>\u2014<\/p>\n<h6>Mairie du 10e, 72 rue du Faubourg Saint-Martin, Paris<br \/>\nMetro Ch\u00e2teau d&rsquo;Eau ou Jacques Bonsergent<br \/>\nhoraires : du lundi au vendredi de 8h30 \u00e0 17h, le jeudi jusqu&rsquo;\u00e0 19h30 et le samedi de 9h \u00e0 12h30.<\/h6>\n<h4><strong>\/\/\/ Texte de Thierry Sarfis extrait du catalogue d&rsquo;exposition &gt;<\/strong><\/h4>\n<address><strong>Toute histoire a un d\u00e9but<\/strong><\/address>\n<address><em>Tout d\u2019abord, il y a eu les Tunisiennes et les Tunisiens qui firent s\u2019enfuir le dictateur et s\u2019\u00e9crouler les structures de la tyrannie, suivis de mouvements avec les m\u00eames objectifs en \u00c9gypte, Libye, Y\u00e9men, Jordanie, Maroc, Alg\u00e9rie, Bahre\u00efn et Syrie. Puis il y a eu l\u2019envie de comprendre, d\u2019aider et de soutenir.<\/em><\/address>\n<address><em> Au d\u00e9but, Thierry Sarfis en a parl\u00e9 avec Raouf Karray de Sfax qui en a parl\u00e9 \u00e0 Mohammad Guiga de Tunis. Il fut d\u00e9cid\u00e9 de lancer un appel \u00e0 contribution aupr\u00e8s des graphistes sans trop savoir o\u00f9 l\u2019on allait. Des mails furent envoy\u00e9s, www.posterpage.ch le site de Ren\u00e9 Wanner fut mis \u00e0 contribution. Et c\u2019est parti. Amir, Ayadi, Liza Castres, Hassen Chaaban, Bruno Sou\u00eatre, Michel Stauss, Denise Lataste, Jean-Beno\u00eet Meybeck, J\u00e9r\u00e9my Vey, Bernard Fournier, Elsa Maillot, Ahmed Chardi, David Criado, Anne-Lise Boutin, Jean-Pol Rouard, Miklos Mesner, Paul Weber, Pascal Colrat, Andrea Rauch, S\u00e9bastien Marchal, \u00c9milie Bruy\u00e8re, Ivan Lira, Laurent Sciamma, Max Skorwider, Saad Hajo, Othman Selmi, Ossama Hajjaj, Mariam Meybeck, Imad Hajjaj, Maryline Tr\u00e9ol, Sarah Fouquet, Thierry Sarfis, Raouf Karray, Mohammad Guiga, Nathana\u00ebl Mikles, Kevin Lucbert, Jason Boyer, Anne Jacquinot, Cl\u00e9mence Estivals, \u00c9lise Bouis, Yann Bagot, Ensaders, C\u00e9cile Benoiton, Malte Martin, Philippe Bissi\u00e8res, Gis\u00e8le Bonin, Gabriel Alonso, Rapha\u00ebl Larre, Nous travaillons ensemble, Olivier Cabon, Faiza Jouaia, Houssama Chhih, Jihad Ritouni, Mohamad Lakhdar, Nayrouz , Nabil Sarih, Oria Pivard, Louise Houel, Sarah Poulain, Cl\u00e9mence Mignot, Abdessalem Miladi, Aziz Tnani, Wassim Ghozlani R\u00e9gis L\u00e9ger, Pierre Gar\u00e7on et Fran\u00e7ois Fr\u00e9d\u00e9ric Leroy r\u00e9pondirent avec passion.<\/em><\/address>\n<address><em><br \/>\n<\/em><\/address>\n<address><em> <strong>Et que vive l\u2019imaginaire collectif !<\/strong><\/em><\/address>\n<address><em><strong><br \/>\n<\/strong><\/em><\/address>\n<address><em> L\u00e0-dessus Dorotea Marciak, attach\u00e9e culturelle \u00e0 Tunis, nous fit conna\u00eetre une bande de dessinateurs de presse : Willis, Z, Selmen Nahdi, Kader Chelbi, Seif Nechi et Ali Nabz. L\u2019id\u00e9e de faire une exposition, des rencontres et peut-\u00eatre plus commen\u00e7a \u00e0 prendre forme.<\/em><\/address>\n<address><em> Il fallut trouver un premier lieu. Malte Martin donna les coordonn\u00e9es de l\u2019\u00e9nergique Sarah Fouquet, qui fit passer son enthousiasme \u00e0 l\u2019\u00e9cole sup\u00e9rieure d\u2019arts et m\u00e9dia de Caen, qui d\u00e9cida de monter l\u2019exposition. Trouver d\u2019autres lieux ! Au cours d\u2019une r\u00e9union des \u00ab graphistes en lutte \u00bb S\u00e9bastien Marchal fit part de ses contacts avec l\u2019association des Tunisiens de France et l\u2019association Travers\u00e9e. Rendez-vous fut pris et tout de suite un contact chaleureux s\u2019instaura. Durant cette r\u00e9union le titre de l\u2019exposition fut trouv\u00e9, ce sera \u00ab Le Peuple veut \u00bb et leurs contacts avec la mairie du dixi\u00e8me arrondissement de Paris se r\u00e9v\u00e9l\u00e8rent fructueux, l\u2019exposition sera aussi \u00e0 Paris en attendant d\u2019autres bonnes nouvelles. Puis le centre du Graphisme d\u2019\u00c9chirolles, toujours au rendez-vous des bonnes causes, d\u00e9cida de faire venir l\u2019exposition et d\u2019organiser des workshops. Maurice Martinez de la maison de la France \u00e0 Sfax, toujours en contact avec les forces vives de la cr\u00e9ation, proposa de faire des tirages num\u00e9riques pour que l\u2019exposition puisse tourner en Tunisie et au Maroc, car \u00e0 Marrakech, Florence Robert de l\u2019\u00e9cole sup\u00e9rieure des Arts visuels (d\u00e9par tement design graphique-media design) a cr\u00e9\u00e9 une dynamique p\u00e9dagogique autour des th\u00e8mes qui sont au coeur des mouvements populaires et d\u00e9cide de recevoir l\u2019exposition. De m\u00eame, Michel Strauss et ses amis artivistes de \u00ab D\u00e9fense d\u2019Afficher \u00bb se d\u00e9m\u00e8nent pour la faire venir \u00e0 Toulouse et en Midi-Pyr\u00e9n\u00e9es.<\/em><\/address>\n<address><em> D\u2019autres pistes sont en cours, elles forment les trois points qui nous laissent imaginer une suite \u00e0 l\u2019histoire\u2026<\/em><\/address>\n","protected":false},"excerpt":{"rendered":"<p>\/\/\/ Pr\u00e9sentation &gt; Mairie du 10e arrondissement, Paris, du 4 au 23 juillet et d\u00e9bat \u00abTunisie, de la r\u00e9volution \u00e0 la constituante: les enjeux\u00bb le 7 juillet. Le peuple veut est une exposition itin\u00e9rante, s\u00e9lection d\u2019affiches et de dessins de &hellip; <a href=\"https:\/\/blogs.esam-c2.fr\/design-graphique\/le-peuple-veut-exposition-a-paris\/\">Continuer la lecture <span class=\"meta-nav\">&rarr;<\/span><\/a><\/p>\n","protected":false},"author":7,"featured_media":0,"comment_status":"closed","ping_status":"open","sticky":false,"template":"","format":"standard","meta":{"footnotes":""},"categories":[30,39,38,15,25,9,7],"tags":[],"class_list":["post-268","post","type-post","status-publish","format-standard","hentry","category-30","category-affiche","category-dessin-de-presse","category-dg","category-divers","category-expo","category-info"],"yoast_head":"<!-- This site is optimized with the Yoast SEO plugin v27.2 - https:\/\/yoast.com\/product\/yoast-seo-wordpress\/ -->\n<title>Le peuple veut - exposition \u00e0 Paris - \/\/\/design graphique\/\u00e9sam-c2\/<\/title>\n<meta name=\"robots\" content=\"index, follow, max-snippet:-1, max-image-preview:large, max-video-preview:-1\" \/>\n<link rel=\"canonical\" href=\"https:\/\/blogs.esam-c2.fr\/design-graphique\/le-peuple-veut-exposition-a-paris\/\" \/>\n<meta property=\"og:locale\" content=\"fr_FR\" \/>\n<meta property=\"og:type\" content=\"article\" \/>\n<meta property=\"og:title\" content=\"Le peuple veut - exposition \u00e0 Paris - \/\/\/design graphique\/\u00e9sam-c2\/\" \/>\n<meta property=\"og:description\" content=\"\/\/\/ Pr\u00e9sentation &gt; Mairie du 10e arrondissement, Paris, du 4 au 23 juillet et d\u00e9bat \u00abTunisie, de la r\u00e9volution \u00e0 la constituante: les enjeux\u00bb le 7 juillet. Le peuple veut est une exposition itin\u00e9rante, s\u00e9lection d\u2019affiches et de dessins de &hellip; Continuer la lecture &rarr;\" \/>\n<meta property=\"og:url\" content=\"https:\/\/blogs.esam-c2.fr\/design-graphique\/le-peuple-veut-exposition-a-paris\/\" \/>\n<meta property=\"og:site_name\" content=\"\/\/\/design graphique\/\u00e9sam-c2\/\" \/>\n<meta property=\"article:published_time\" content=\"2011-07-06T21:42:10+00:00\" \/>\n<meta property=\"article:modified_time\" content=\"2011-11-14T08:52:13+00:00\" \/>\n<meta property=\"og:image\" content=\"http:\/\/blogs.esam-c2.fr\/design-graphique\/files\/2011\/09\/AfficheParis2.jpg\" \/>\n<meta name=\"author\" content=\"Sarah Fouquet\" \/>\n<meta name=\"twitter:card\" content=\"summary_large_image\" \/>\n<meta name=\"twitter:label1\" content=\"\u00c9crit par\" \/>\n\t<meta name=\"twitter:data1\" content=\"Sarah Fouquet\" \/>\n\t<meta name=\"twitter:label2\" content=\"Dur\u00e9e de lecture estim\u00e9e\" \/>\n\t<meta name=\"twitter:data2\" content=\"4 minutes\" \/>\n<script type=\"application\/ld+json\" class=\"yoast-schema-graph\">{\"@context\":\"https:\/\/schema.org\",\"@graph\":[{\"@type\":\"Article\",\"@id\":\"https:\/\/blogs.esam-c2.fr\/design-graphique\/le-peuple-veut-exposition-a-paris\/#article\",\"isPartOf\":{\"@id\":\"https:\/\/blogs.esam-c2.fr\/design-graphique\/le-peuple-veut-exposition-a-paris\/\"},\"author\":{\"name\":\"Sarah Fouquet\",\"@id\":\"https:\/\/blogs.esam-c2.fr\/design-graphique\/#\/schema\/person\/6efbec67260ce9db24bba1e54d41e7c6\"},\"headline\":\"Le peuple veut &#8211; exposition \u00e0 Paris\",\"datePublished\":\"2011-07-06T21:42:10+00:00\",\"dateModified\":\"2011-11-14T08:52:13+00:00\",\"mainEntityOfPage\":{\"@id\":\"https:\/\/blogs.esam-c2.fr\/design-graphique\/le-peuple-veut-exposition-a-paris\/\"},\"wordCount\":763,\"image\":{\"@id\":\"https:\/\/blogs.esam-c2.fr\/design-graphique\/le-peuple-veut-exposition-a-paris\/#primaryimage\"},\"thumbnailUrl\":\"http:\/\/blogs.esam-c2.fr\/design-graphique\/files\/2011\/09\/AfficheParis2.jpg\",\"articleSection\":[\"2011\",\"affiche\",\"dessin de presse\",\"DG\",\"Divers\",\"expo\",\"info\"],\"inLanguage\":\"fr-FR\"},{\"@type\":\"WebPage\",\"@id\":\"https:\/\/blogs.esam-c2.fr\/design-graphique\/le-peuple-veut-exposition-a-paris\/\",\"url\":\"https:\/\/blogs.esam-c2.fr\/design-graphique\/le-peuple-veut-exposition-a-paris\/\",\"name\":\"Le peuple veut - exposition \u00e0 Paris - \/\/\/design graphique\/\u00e9sam-c2\/\",\"isPartOf\":{\"@id\":\"https:\/\/blogs.esam-c2.fr\/design-graphique\/#website\"},\"primaryImageOfPage\":{\"@id\":\"https:\/\/blogs.esam-c2.fr\/design-graphique\/le-peuple-veut-exposition-a-paris\/#primaryimage\"},\"image\":{\"@id\":\"https:\/\/blogs.esam-c2.fr\/design-graphique\/le-peuple-veut-exposition-a-paris\/#primaryimage\"},\"thumbnailUrl\":\"http:\/\/blogs.esam-c2.fr\/design-graphique\/files\/2011\/09\/AfficheParis2.jpg\",\"datePublished\":\"2011-07-06T21:42:10+00:00\",\"dateModified\":\"2011-11-14T08:52:13+00:00\",\"author\":{\"@id\":\"https:\/\/blogs.esam-c2.fr\/design-graphique\/#\/schema\/person\/6efbec67260ce9db24bba1e54d41e7c6\"},\"breadcrumb\":{\"@id\":\"https:\/\/blogs.esam-c2.fr\/design-graphique\/le-peuple-veut-exposition-a-paris\/#breadcrumb\"},\"inLanguage\":\"fr-FR\",\"potentialAction\":[{\"@type\":\"ReadAction\",\"target\":[\"https:\/\/blogs.esam-c2.fr\/design-graphique\/le-peuple-veut-exposition-a-paris\/\"]}]},{\"@type\":\"ImageObject\",\"inLanguage\":\"fr-FR\",\"@id\":\"https:\/\/blogs.esam-c2.fr\/design-graphique\/le-peuple-veut-exposition-a-paris\/#primaryimage\",\"url\":\"http:\/\/blogs.esam-c2.fr\/design-graphique\/files\/2011\/09\/AfficheParis2.jpg\",\"contentUrl\":\"http:\/\/blogs.esam-c2.fr\/design-graphique\/files\/2011\/09\/AfficheParis2.jpg\"},{\"@type\":\"BreadcrumbList\",\"@id\":\"https:\/\/blogs.esam-c2.fr\/design-graphique\/le-peuple-veut-exposition-a-paris\/#breadcrumb\",\"itemListElement\":[{\"@type\":\"ListItem\",\"position\":1,\"name\":\"Accueil\",\"item\":\"https:\/\/blogs.esam-c2.fr\/design-graphique\/\"},{\"@type\":\"ListItem\",\"position\":2,\"name\":\"Le peuple veut &#8211; exposition \u00e0 Paris\"}]},{\"@type\":\"WebSite\",\"@id\":\"https:\/\/blogs.esam-c2.fr\/design-graphique\/#website\",\"url\":\"https:\/\/blogs.esam-c2.fr\/design-graphique\/\",\"name\":\"\/\/\/design graphique\/\u00e9sam-c2\/\",\"description\":\"site d&#039;archives et d&#039;informations \/ cours de graphisme \/ Caen\",\"potentialAction\":[{\"@type\":\"SearchAction\",\"target\":{\"@type\":\"EntryPoint\",\"urlTemplate\":\"https:\/\/blogs.esam-c2.fr\/design-graphique\/?s={search_term_string}\"},\"query-input\":{\"@type\":\"PropertyValueSpecification\",\"valueRequired\":true,\"valueName\":\"search_term_string\"}}],\"inLanguage\":\"fr-FR\"},{\"@type\":\"Person\",\"@id\":\"https:\/\/blogs.esam-c2.fr\/design-graphique\/#\/schema\/person\/6efbec67260ce9db24bba1e54d41e7c6\",\"name\":\"Sarah Fouquet\",\"image\":{\"@type\":\"ImageObject\",\"inLanguage\":\"fr-FR\",\"@id\":\"https:\/\/secure.gravatar.com\/avatar\/626f51a6ce51986c9e9cb4180fd263979c686cef2e0eff37e4a86a5095755363?s=96&d=mm&r=g\",\"url\":\"https:\/\/secure.gravatar.com\/avatar\/626f51a6ce51986c9e9cb4180fd263979c686cef2e0eff37e4a86a5095755363?s=96&d=mm&r=g\",\"contentUrl\":\"https:\/\/secure.gravatar.com\/avatar\/626f51a6ce51986c9e9cb4180fd263979c686cef2e0eff37e4a86a5095755363?s=96&d=mm&r=g\",\"caption\":\"Sarah Fouquet\"},\"description\":\"Dessinatrice, graphiste, auto-\u00e9ditrice, enseigne l'image dans le d\u00e9partement design graphique de l'\u00e9cole sup\u00e9rieure d\u2019arts et m\u00e9dias de Caen\",\"url\":\"https:\/\/blogs.esam-c2.fr\/design-graphique\/author\/design-graphique\/\"}]}<\/script>\n<!-- \/ Yoast SEO plugin. -->","yoast_head_json":{"title":"Le peuple veut - exposition \u00e0 Paris - \/\/\/design graphique\/\u00e9sam-c2\/","robots":{"index":"index","follow":"follow","max-snippet":"max-snippet:-1","max-image-preview":"max-image-preview:large","max-video-preview":"max-video-preview:-1"},"canonical":"https:\/\/blogs.esam-c2.fr\/design-graphique\/le-peuple-veut-exposition-a-paris\/","og_locale":"fr_FR","og_type":"article","og_title":"Le peuple veut - exposition \u00e0 Paris - \/\/\/design graphique\/\u00e9sam-c2\/","og_description":"\/\/\/ Pr\u00e9sentation &gt; Mairie du 10e arrondissement, Paris, du 4 au 23 juillet et d\u00e9bat \u00abTunisie, de la r\u00e9volution \u00e0 la constituante: les enjeux\u00bb le 7 juillet. Le peuple veut est une exposition itin\u00e9rante, s\u00e9lection d\u2019affiches et de dessins de &hellip; Continuer la lecture &rarr;","og_url":"https:\/\/blogs.esam-c2.fr\/design-graphique\/le-peuple-veut-exposition-a-paris\/","og_site_name":"\/\/\/design graphique\/\u00e9sam-c2\/","article_published_time":"2011-07-06T21:42:10+00:00","article_modified_time":"2011-11-14T08:52:13+00:00","og_image":[{"url":"http:\/\/blogs.esam-c2.fr\/design-graphique\/files\/2011\/09\/AfficheParis2.jpg","type":"","width":"","height":""}],"author":"Sarah Fouquet","twitter_card":"summary_large_image","twitter_misc":{"\u00c9crit par":"Sarah Fouquet","Dur\u00e9e de lecture estim\u00e9e":"4 minutes"},"schema":{"@context":"https:\/\/schema.org","@graph":[{"@type":"Article","@id":"https:\/\/blogs.esam-c2.fr\/design-graphique\/le-peuple-veut-exposition-a-paris\/#article","isPartOf":{"@id":"https:\/\/blogs.esam-c2.fr\/design-graphique\/le-peuple-veut-exposition-a-paris\/"},"author":{"name":"Sarah Fouquet","@id":"https:\/\/blogs.esam-c2.fr\/design-graphique\/#\/schema\/person\/6efbec67260ce9db24bba1e54d41e7c6"},"headline":"Le peuple veut &#8211; exposition \u00e0 Paris","datePublished":"2011-07-06T21:42:10+00:00","dateModified":"2011-11-14T08:52:13+00:00","mainEntityOfPage":{"@id":"https:\/\/blogs.esam-c2.fr\/design-graphique\/le-peuple-veut-exposition-a-paris\/"},"wordCount":763,"image":{"@id":"https:\/\/blogs.esam-c2.fr\/design-graphique\/le-peuple-veut-exposition-a-paris\/#primaryimage"},"thumbnailUrl":"http:\/\/blogs.esam-c2.fr\/design-graphique\/files\/2011\/09\/AfficheParis2.jpg","articleSection":["2011","affiche","dessin de presse","DG","Divers","expo","info"],"inLanguage":"fr-FR"},{"@type":"WebPage","@id":"https:\/\/blogs.esam-c2.fr\/design-graphique\/le-peuple-veut-exposition-a-paris\/","url":"https:\/\/blogs.esam-c2.fr\/design-graphique\/le-peuple-veut-exposition-a-paris\/","name":"Le peuple veut - exposition \u00e0 Paris - \/\/\/design graphique\/\u00e9sam-c2\/","isPartOf":{"@id":"https:\/\/blogs.esam-c2.fr\/design-graphique\/#website"},"primaryImageOfPage":{"@id":"https:\/\/blogs.esam-c2.fr\/design-graphique\/le-peuple-veut-exposition-a-paris\/#primaryimage"},"image":{"@id":"https:\/\/blogs.esam-c2.fr\/design-graphique\/le-peuple-veut-exposition-a-paris\/#primaryimage"},"thumbnailUrl":"http:\/\/blogs.esam-c2.fr\/design-graphique\/files\/2011\/09\/AfficheParis2.jpg","datePublished":"2011-07-06T21:42:10+00:00","dateModified":"2011-11-14T08:52:13+00:00","author":{"@id":"https:\/\/blogs.esam-c2.fr\/design-graphique\/#\/schema\/person\/6efbec67260ce9db24bba1e54d41e7c6"},"breadcrumb":{"@id":"https:\/\/blogs.esam-c2.fr\/design-graphique\/le-peuple-veut-exposition-a-paris\/#breadcrumb"},"inLanguage":"fr-FR","potentialAction":[{"@type":"ReadAction","target":["https:\/\/blogs.esam-c2.fr\/design-graphique\/le-peuple-veut-exposition-a-paris\/"]}]},{"@type":"ImageObject","inLanguage":"fr-FR","@id":"https:\/\/blogs.esam-c2.fr\/design-graphique\/le-peuple-veut-exposition-a-paris\/#primaryimage","url":"http:\/\/blogs.esam-c2.fr\/design-graphique\/files\/2011\/09\/AfficheParis2.jpg","contentUrl":"http:\/\/blogs.esam-c2.fr\/design-graphique\/files\/2011\/09\/AfficheParis2.jpg"},{"@type":"BreadcrumbList","@id":"https:\/\/blogs.esam-c2.fr\/design-graphique\/le-peuple-veut-exposition-a-paris\/#breadcrumb","itemListElement":[{"@type":"ListItem","position":1,"name":"Accueil","item":"https:\/\/blogs.esam-c2.fr\/design-graphique\/"},{"@type":"ListItem","position":2,"name":"Le peuple veut &#8211; exposition \u00e0 Paris"}]},{"@type":"WebSite","@id":"https:\/\/blogs.esam-c2.fr\/design-graphique\/#website","url":"https:\/\/blogs.esam-c2.fr\/design-graphique\/","name":"\/\/\/design graphique\/\u00e9sam-c2\/","description":"site d&#039;archives et d&#039;informations \/ cours de graphisme \/ Caen","potentialAction":[{"@type":"SearchAction","target":{"@type":"EntryPoint","urlTemplate":"https:\/\/blogs.esam-c2.fr\/design-graphique\/?s={search_term_string}"},"query-input":{"@type":"PropertyValueSpecification","valueRequired":true,"valueName":"search_term_string"}}],"inLanguage":"fr-FR"},{"@type":"Person","@id":"https:\/\/blogs.esam-c2.fr\/design-graphique\/#\/schema\/person\/6efbec67260ce9db24bba1e54d41e7c6","name":"Sarah Fouquet","image":{"@type":"ImageObject","inLanguage":"fr-FR","@id":"https:\/\/secure.gravatar.com\/avatar\/626f51a6ce51986c9e9cb4180fd263979c686cef2e0eff37e4a86a5095755363?s=96&d=mm&r=g","url":"https:\/\/secure.gravatar.com\/avatar\/626f51a6ce51986c9e9cb4180fd263979c686cef2e0eff37e4a86a5095755363?s=96&d=mm&r=g","contentUrl":"https:\/\/secure.gravatar.com\/avatar\/626f51a6ce51986c9e9cb4180fd263979c686cef2e0eff37e4a86a5095755363?s=96&d=mm&r=g","caption":"Sarah Fouquet"},"description":"Dessinatrice, graphiste, auto-\u00e9ditrice, enseigne l'image dans le d\u00e9partement design graphique de l'\u00e9cole sup\u00e9rieure d\u2019arts et m\u00e9dias de Caen","url":"https:\/\/blogs.esam-c2.fr\/design-graphique\/author\/design-graphique\/"}]}},"_links":{"self":[{"href":"https:\/\/blogs.esam-c2.fr\/design-graphique\/wp-json\/wp\/v2\/posts\/268","targetHints":{"allow":["GET"]}}],"collection":[{"href":"https:\/\/blogs.esam-c2.fr\/design-graphique\/wp-json\/wp\/v2\/posts"}],"about":[{"href":"https:\/\/blogs.esam-c2.fr\/design-graphique\/wp-json\/wp\/v2\/types\/post"}],"author":[{"embeddable":true,"href":"https:\/\/blogs.esam-c2.fr\/design-graphique\/wp-json\/wp\/v2\/users\/7"}],"replies":[{"embeddable":true,"href":"https:\/\/blogs.esam-c2.fr\/design-graphique\/wp-json\/wp\/v2\/comments?post=268"}],"version-history":[{"count":15,"href":"https:\/\/blogs.esam-c2.fr\/design-graphique\/wp-json\/wp\/v2\/posts\/268\/revisions"}],"predecessor-version":[{"id":1015,"href":"https:\/\/blogs.esam-c2.fr\/design-graphique\/wp-json\/wp\/v2\/posts\/268\/revisions\/1015"}],"wp:attachment":[{"href":"https:\/\/blogs.esam-c2.fr\/design-graphique\/wp-json\/wp\/v2\/media?parent=268"}],"wp:term":[{"taxonomy":"category","embeddable":true,"href":"https:\/\/blogs.esam-c2.fr\/design-graphique\/wp-json\/wp\/v2\/categories?post=268"},{"taxonomy":"post_tag","embeddable":true,"href":"https:\/\/blogs.esam-c2.fr\/design-graphique\/wp-json\/wp\/v2\/tags?post=268"}],"curies":[{"name":"wp","href":"https:\/\/api.w.org\/{rel}","templated":true}]}}