{"id":2824,"date":"2016-11-07T17:38:35","date_gmt":"2016-11-07T17:38:35","guid":{"rendered":"http:\/\/blogs.esam-c2.fr\/design-graphique\/?p=2824"},"modified":"2016-11-07T18:05:33","modified_gmt":"2016-11-07T18:05:33","slug":"colloque-henri-raynal-imec","status":"publish","type":"post","link":"https:\/\/blogs.esam-c2.fr\/design-graphique\/colloque-henri-raynal-imec\/","title":{"rendered":"Colloque Henri Raynal \/ Imec"},"content":{"rendered":"<div id=\"attachment_2825\" style=\"width: 430px\" class=\"wp-caption alignleft\"><a href=\"http:\/\/blogs.esam-c2.fr\/design-graphique\/files\/2016\/11\/RaynalAffiche_Lee.jpg\"><img loading=\"lazy\" decoding=\"async\" aria-describedby=\"caption-attachment-2825\" class=\"wp-image-2825\" src=\"http:\/\/blogs.esam-c2.fr\/design-graphique\/files\/2016\/11\/RaynalAffiche_Lee.jpg\" alt=\"Affiche r\u00e9alis\u00e9e par Kyungmin Lee, \u00e9tudiante de 5e ann\u00e9e \u00c9ditions \u00a9 2016\" width=\"420\" height=\"594\" srcset=\"https:\/\/blogs.esam-c2.fr\/design-graphique\/files\/2016\/11\/RaynalAffiche_Lee.jpg 425w, https:\/\/blogs.esam-c2.fr\/design-graphique\/files\/2016\/11\/RaynalAffiche_Lee-212x300.jpg 212w\" sizes=\"auto, (max-width: 420px) 100vw, 420px\" \/><\/a><p id=\"caption-attachment-2825\" class=\"wp-caption-text\">Affiche r\u00e9alis\u00e9e par Kyungmin Lee, \u00e9tudiante de 5e ann\u00e9e \u00c9ditions \u00a9 2016<\/p><\/div>\n<h2 class=\"entry-title entry-title-agenda\"><\/h2>\n<h2 class=\"entry-title entry-title-agenda\"><\/h2>\n<h2 class=\"entry-title entry-title-agenda\"><\/h2>\n<h2 class=\"entry-title entry-title-agenda\"><\/h2>\n<h2 class=\"entry-title entry-title-agenda\"><\/h2>\n<h2 class=\"entry-title entry-title-agenda\"><\/h2>\n<h2 class=\"entry-title entry-title-agenda\"><\/h2>\n<h2 class=\"entry-title entry-title-agenda\"><\/h2>\n<h2 class=\"entry-title entry-title-agenda\"><\/h2>\n<h2 class=\"entry-title entry-title-agenda\"><\/h2>\n<h4 class=\"entry-title entry-title-agenda\">Colloque \u00ab\u00a0Nouvelles locales du Tout. Henri Raynal\u00a0\u00bb<\/h4>\n<div class=\"agenda_chapeau\"><span style=\"color: #808080\">Colloque international organis\u00e9 par le LASLAR et le CERReV de l&rsquo;universit\u00e9 de Caen Normandie en partenariat avec l&rsquo;IMEC et l&rsquo;\u00e9sam<\/span><\/div>\n<p>Henri Raynal est un auteur prolifique qui ne cesse d\u2019\u00e9crire depuis 50 ans. Sa production concerne aussi bien le roman que la philosophie, la critique d\u2019art et l\u2019essai litt\u00e9raire. Sa route a crois\u00e9 celle d\u2019auteurs tr\u00e8s c\u00e9l\u00e8bres (de Sollers \u00e0 Breton ou Munier), et cependant, du fait de sa profonde originalit\u00e9, il est demeur\u00e9 mal connu, toujours aux marges du milieu litt\u00e9raire o\u00f9 il a pourtant quelques admirateurs inconditionnels. Or, il est important que l\u2019universit\u00e9 assure sa vocation de t\u00eate-chercheuse en mettant au jour des \u0153uvres destin\u00e9es \u00e0 se d\u00e9ployer dans le patrimoine national.<\/p>\n<p>Ce colloque s\u2019inscrit dans deux axes du LASLAR : la valorisation des archives de l\u2019IMEC et du patrimoine normand et la r\u00e9flexion sur l\u2019image qui, dans la diversit\u00e9 de l\u2019\u0153uvre de Raynal, occupe une place importante.<\/p>\n<p><a href=\"http:\/\/www.imec-archives.com\/agenda\/colloque-nouvelles-locales-henri-raynal\/#prettyPhoto\">T\u00e9l\u00e9charger le programme<\/a><\/p>\n<p>17 (\u00e0 partir de 10h) &amp; 18 novembre 2016 (\u00e0 partir de 9h30)<br \/>\n<span id=\"date_evenement_lieu\" class=\"googlemaps_ok\"><i class=\"icon-map-marker\"><\/i> IMEC, abbaye d&rsquo;Ardenne, 14280 Saint-Germain-la-Blanche-Herbe<\/span><\/p>\n<p><span style=\"text-indent: 20px;width: auto;padding: 0px 4px 0px 0px;text-align: center;font: bold 11px\/20px 'Helvetica Neue',Helvetica,sans-serif;color: #ffffff;background: #bd081c  no-repeat scroll 3px 50% \/ 14px 14px;cursor: pointer\">Enregistrer<\/span><\/p>\n","protected":false},"excerpt":{"rendered":"<p>Colloque \u00ab\u00a0Nouvelles locales du Tout. Henri Raynal\u00a0\u00bb Colloque international organis\u00e9 par le LASLAR et le CERReV de l&rsquo;universit\u00e9 de Caen Normandie en partenariat avec l&rsquo;IMEC et l&rsquo;\u00e9sam Henri Raynal est un auteur prolifique qui ne cesse d\u2019\u00e9crire depuis 50 ans. &hellip; <a href=\"https:\/\/blogs.esam-c2.fr\/design-graphique\/colloque-henri-raynal-imec\/\">Continuer la lecture <span class=\"meta-nav\">&rarr;<\/span><\/a><\/p>\n","protected":false},"author":7,"featured_media":0,"comment_status":"closed","ping_status":"open","sticky":false,"template":"","format":"standard","meta":{"footnotes":""},"categories":[67,44,22,57,42,9,59,63],"tags":[],"class_list":["post-2824","post","type-post","status-publish","format-standard","hentry","category-67","category-actu","category-conf","category-edition","category-evenement","category-expo","category-partenariat","category-recherche"],"yoast_head":"<!-- This site is optimized with the Yoast SEO plugin v27.2 - https:\/\/yoast.com\/product\/yoast-seo-wordpress\/ -->\n<title>Colloque Henri Raynal \/ Imec - \/\/\/design graphique\/\u00e9sam-c2\/<\/title>\n<meta name=\"robots\" content=\"index, follow, max-snippet:-1, max-image-preview:large, max-video-preview:-1\" \/>\n<link rel=\"canonical\" href=\"https:\/\/blogs.esam-c2.fr\/design-graphique\/colloque-henri-raynal-imec\/\" \/>\n<meta property=\"og:locale\" content=\"fr_FR\" \/>\n<meta property=\"og:type\" content=\"article\" \/>\n<meta property=\"og:title\" content=\"Colloque Henri Raynal \/ Imec - \/\/\/design graphique\/\u00e9sam-c2\/\" \/>\n<meta property=\"og:description\" content=\"Colloque \u00ab\u00a0Nouvelles locales du Tout. Henri Raynal\u00a0\u00bb Colloque international organis\u00e9 par le LASLAR et le CERReV de l&rsquo;universit\u00e9 de Caen Normandie en partenariat avec l&rsquo;IMEC et l&rsquo;\u00e9sam Henri Raynal est un auteur prolifique qui ne cesse d\u2019\u00e9crire depuis 50 ans. &hellip; Continuer la lecture &rarr;\" \/>\n<meta property=\"og:url\" content=\"https:\/\/blogs.esam-c2.fr\/design-graphique\/colloque-henri-raynal-imec\/\" \/>\n<meta property=\"og:site_name\" content=\"\/\/\/design graphique\/\u00e9sam-c2\/\" \/>\n<meta property=\"article:published_time\" content=\"2016-11-07T17:38:35+00:00\" \/>\n<meta property=\"article:modified_time\" content=\"2016-11-07T18:05:33+00:00\" \/>\n<meta property=\"og:image\" content=\"http:\/\/blogs.esam-c2.fr\/design-graphique\/files\/2016\/11\/RaynalAffiche_Lee.jpg\" \/>\n<meta name=\"author\" content=\"Sarah Fouquet\" \/>\n<meta name=\"twitter:card\" content=\"summary_large_image\" \/>\n<meta name=\"twitter:label1\" content=\"\u00c9crit par\" \/>\n\t<meta name=\"twitter:data1\" content=\"Sarah Fouquet\" \/>\n\t<meta name=\"twitter:label2\" content=\"Dur\u00e9e de lecture estim\u00e9e\" \/>\n\t<meta name=\"twitter:data2\" content=\"1 minute\" \/>\n<script type=\"application\/ld+json\" class=\"yoast-schema-graph\">{\"@context\":\"https:\/\/schema.org\",\"@graph\":[{\"@type\":\"Article\",\"@id\":\"https:\/\/blogs.esam-c2.fr\/design-graphique\/colloque-henri-raynal-imec\/#article\",\"isPartOf\":{\"@id\":\"https:\/\/blogs.esam-c2.fr\/design-graphique\/colloque-henri-raynal-imec\/\"},\"author\":{\"name\":\"Sarah Fouquet\",\"@id\":\"https:\/\/blogs.esam-c2.fr\/design-graphique\/#\/schema\/person\/6efbec67260ce9db24bba1e54d41e7c6\"},\"headline\":\"Colloque Henri Raynal \/ Imec\",\"datePublished\":\"2016-11-07T17:38:35+00:00\",\"dateModified\":\"2016-11-07T18:05:33+00:00\",\"mainEntityOfPage\":{\"@id\":\"https:\/\/blogs.esam-c2.fr\/design-graphique\/colloque-henri-raynal-imec\/\"},\"wordCount\":217,\"image\":{\"@id\":\"https:\/\/blogs.esam-c2.fr\/design-graphique\/colloque-henri-raynal-imec\/#primaryimage\"},\"thumbnailUrl\":\"http:\/\/blogs.esam-c2.fr\/design-graphique\/files\/2016\/11\/RaynalAffiche_Lee.jpg\",\"articleSection\":[\"2016\",\"actu\",\"Conf\",\"\u00e9dition\",\"\u00e9v\u00e8nement\",\"expo\",\"partenariat\",\"recherche\"],\"inLanguage\":\"fr-FR\"},{\"@type\":\"WebPage\",\"@id\":\"https:\/\/blogs.esam-c2.fr\/design-graphique\/colloque-henri-raynal-imec\/\",\"url\":\"https:\/\/blogs.esam-c2.fr\/design-graphique\/colloque-henri-raynal-imec\/\",\"name\":\"Colloque Henri Raynal \/ Imec - \/\/\/design graphique\/\u00e9sam-c2\/\",\"isPartOf\":{\"@id\":\"https:\/\/blogs.esam-c2.fr\/design-graphique\/#website\"},\"primaryImageOfPage\":{\"@id\":\"https:\/\/blogs.esam-c2.fr\/design-graphique\/colloque-henri-raynal-imec\/#primaryimage\"},\"image\":{\"@id\":\"https:\/\/blogs.esam-c2.fr\/design-graphique\/colloque-henri-raynal-imec\/#primaryimage\"},\"thumbnailUrl\":\"http:\/\/blogs.esam-c2.fr\/design-graphique\/files\/2016\/11\/RaynalAffiche_Lee.jpg\",\"datePublished\":\"2016-11-07T17:38:35+00:00\",\"dateModified\":\"2016-11-07T18:05:33+00:00\",\"author\":{\"@id\":\"https:\/\/blogs.esam-c2.fr\/design-graphique\/#\/schema\/person\/6efbec67260ce9db24bba1e54d41e7c6\"},\"breadcrumb\":{\"@id\":\"https:\/\/blogs.esam-c2.fr\/design-graphique\/colloque-henri-raynal-imec\/#breadcrumb\"},\"inLanguage\":\"fr-FR\",\"potentialAction\":[{\"@type\":\"ReadAction\",\"target\":[\"https:\/\/blogs.esam-c2.fr\/design-graphique\/colloque-henri-raynal-imec\/\"]}]},{\"@type\":\"ImageObject\",\"inLanguage\":\"fr-FR\",\"@id\":\"https:\/\/blogs.esam-c2.fr\/design-graphique\/colloque-henri-raynal-imec\/#primaryimage\",\"url\":\"http:\/\/blogs.esam-c2.fr\/design-graphique\/files\/2016\/11\/RaynalAffiche_Lee.jpg\",\"contentUrl\":\"http:\/\/blogs.esam-c2.fr\/design-graphique\/files\/2016\/11\/RaynalAffiche_Lee.jpg\"},{\"@type\":\"BreadcrumbList\",\"@id\":\"https:\/\/blogs.esam-c2.fr\/design-graphique\/colloque-henri-raynal-imec\/#breadcrumb\",\"itemListElement\":[{\"@type\":\"ListItem\",\"position\":1,\"name\":\"Accueil\",\"item\":\"https:\/\/blogs.esam-c2.fr\/design-graphique\/\"},{\"@type\":\"ListItem\",\"position\":2,\"name\":\"Colloque Henri Raynal \/ Imec\"}]},{\"@type\":\"WebSite\",\"@id\":\"https:\/\/blogs.esam-c2.fr\/design-graphique\/#website\",\"url\":\"https:\/\/blogs.esam-c2.fr\/design-graphique\/\",\"name\":\"\/\/\/design graphique\/\u00e9sam-c2\/\",\"description\":\"site d&#039;archives et d&#039;informations \/ cours de graphisme \/ Caen\",\"potentialAction\":[{\"@type\":\"SearchAction\",\"target\":{\"@type\":\"EntryPoint\",\"urlTemplate\":\"https:\/\/blogs.esam-c2.fr\/design-graphique\/?s={search_term_string}\"},\"query-input\":{\"@type\":\"PropertyValueSpecification\",\"valueRequired\":true,\"valueName\":\"search_term_string\"}}],\"inLanguage\":\"fr-FR\"},{\"@type\":\"Person\",\"@id\":\"https:\/\/blogs.esam-c2.fr\/design-graphique\/#\/schema\/person\/6efbec67260ce9db24bba1e54d41e7c6\",\"name\":\"Sarah Fouquet\",\"image\":{\"@type\":\"ImageObject\",\"inLanguage\":\"fr-FR\",\"@id\":\"https:\/\/secure.gravatar.com\/avatar\/626f51a6ce51986c9e9cb4180fd263979c686cef2e0eff37e4a86a5095755363?s=96&d=mm&r=g\",\"url\":\"https:\/\/secure.gravatar.com\/avatar\/626f51a6ce51986c9e9cb4180fd263979c686cef2e0eff37e4a86a5095755363?s=96&d=mm&r=g\",\"contentUrl\":\"https:\/\/secure.gravatar.com\/avatar\/626f51a6ce51986c9e9cb4180fd263979c686cef2e0eff37e4a86a5095755363?s=96&d=mm&r=g\",\"caption\":\"Sarah Fouquet\"},\"description\":\"Dessinatrice, graphiste, auto-\u00e9ditrice, enseigne l'image dans le d\u00e9partement design graphique de l'\u00e9cole sup\u00e9rieure d\u2019arts et m\u00e9dias de Caen\",\"url\":\"https:\/\/blogs.esam-c2.fr\/design-graphique\/author\/design-graphique\/\"}]}<\/script>\n<!-- \/ Yoast SEO plugin. -->","yoast_head_json":{"title":"Colloque Henri Raynal \/ Imec - \/\/\/design graphique\/\u00e9sam-c2\/","robots":{"index":"index","follow":"follow","max-snippet":"max-snippet:-1","max-image-preview":"max-image-preview:large","max-video-preview":"max-video-preview:-1"},"canonical":"https:\/\/blogs.esam-c2.fr\/design-graphique\/colloque-henri-raynal-imec\/","og_locale":"fr_FR","og_type":"article","og_title":"Colloque Henri Raynal \/ Imec - \/\/\/design graphique\/\u00e9sam-c2\/","og_description":"Colloque \u00ab\u00a0Nouvelles locales du Tout. Henri Raynal\u00a0\u00bb Colloque international organis\u00e9 par le LASLAR et le CERReV de l&rsquo;universit\u00e9 de Caen Normandie en partenariat avec l&rsquo;IMEC et l&rsquo;\u00e9sam Henri Raynal est un auteur prolifique qui ne cesse d\u2019\u00e9crire depuis 50 ans. &hellip; Continuer la lecture &rarr;","og_url":"https:\/\/blogs.esam-c2.fr\/design-graphique\/colloque-henri-raynal-imec\/","og_site_name":"\/\/\/design graphique\/\u00e9sam-c2\/","article_published_time":"2016-11-07T17:38:35+00:00","article_modified_time":"2016-11-07T18:05:33+00:00","og_image":[{"url":"http:\/\/blogs.esam-c2.fr\/design-graphique\/files\/2016\/11\/RaynalAffiche_Lee.jpg","type":"","width":"","height":""}],"author":"Sarah Fouquet","twitter_card":"summary_large_image","twitter_misc":{"\u00c9crit par":"Sarah Fouquet","Dur\u00e9e de lecture estim\u00e9e":"1 minute"},"schema":{"@context":"https:\/\/schema.org","@graph":[{"@type":"Article","@id":"https:\/\/blogs.esam-c2.fr\/design-graphique\/colloque-henri-raynal-imec\/#article","isPartOf":{"@id":"https:\/\/blogs.esam-c2.fr\/design-graphique\/colloque-henri-raynal-imec\/"},"author":{"name":"Sarah Fouquet","@id":"https:\/\/blogs.esam-c2.fr\/design-graphique\/#\/schema\/person\/6efbec67260ce9db24bba1e54d41e7c6"},"headline":"Colloque Henri Raynal \/ Imec","datePublished":"2016-11-07T17:38:35+00:00","dateModified":"2016-11-07T18:05:33+00:00","mainEntityOfPage":{"@id":"https:\/\/blogs.esam-c2.fr\/design-graphique\/colloque-henri-raynal-imec\/"},"wordCount":217,"image":{"@id":"https:\/\/blogs.esam-c2.fr\/design-graphique\/colloque-henri-raynal-imec\/#primaryimage"},"thumbnailUrl":"http:\/\/blogs.esam-c2.fr\/design-graphique\/files\/2016\/11\/RaynalAffiche_Lee.jpg","articleSection":["2016","actu","Conf","\u00e9dition","\u00e9v\u00e8nement","expo","partenariat","recherche"],"inLanguage":"fr-FR"},{"@type":"WebPage","@id":"https:\/\/blogs.esam-c2.fr\/design-graphique\/colloque-henri-raynal-imec\/","url":"https:\/\/blogs.esam-c2.fr\/design-graphique\/colloque-henri-raynal-imec\/","name":"Colloque Henri Raynal \/ Imec - \/\/\/design graphique\/\u00e9sam-c2\/","isPartOf":{"@id":"https:\/\/blogs.esam-c2.fr\/design-graphique\/#website"},"primaryImageOfPage":{"@id":"https:\/\/blogs.esam-c2.fr\/design-graphique\/colloque-henri-raynal-imec\/#primaryimage"},"image":{"@id":"https:\/\/blogs.esam-c2.fr\/design-graphique\/colloque-henri-raynal-imec\/#primaryimage"},"thumbnailUrl":"http:\/\/blogs.esam-c2.fr\/design-graphique\/files\/2016\/11\/RaynalAffiche_Lee.jpg","datePublished":"2016-11-07T17:38:35+00:00","dateModified":"2016-11-07T18:05:33+00:00","author":{"@id":"https:\/\/blogs.esam-c2.fr\/design-graphique\/#\/schema\/person\/6efbec67260ce9db24bba1e54d41e7c6"},"breadcrumb":{"@id":"https:\/\/blogs.esam-c2.fr\/design-graphique\/colloque-henri-raynal-imec\/#breadcrumb"},"inLanguage":"fr-FR","potentialAction":[{"@type":"ReadAction","target":["https:\/\/blogs.esam-c2.fr\/design-graphique\/colloque-henri-raynal-imec\/"]}]},{"@type":"ImageObject","inLanguage":"fr-FR","@id":"https:\/\/blogs.esam-c2.fr\/design-graphique\/colloque-henri-raynal-imec\/#primaryimage","url":"http:\/\/blogs.esam-c2.fr\/design-graphique\/files\/2016\/11\/RaynalAffiche_Lee.jpg","contentUrl":"http:\/\/blogs.esam-c2.fr\/design-graphique\/files\/2016\/11\/RaynalAffiche_Lee.jpg"},{"@type":"BreadcrumbList","@id":"https:\/\/blogs.esam-c2.fr\/design-graphique\/colloque-henri-raynal-imec\/#breadcrumb","itemListElement":[{"@type":"ListItem","position":1,"name":"Accueil","item":"https:\/\/blogs.esam-c2.fr\/design-graphique\/"},{"@type":"ListItem","position":2,"name":"Colloque Henri Raynal \/ Imec"}]},{"@type":"WebSite","@id":"https:\/\/blogs.esam-c2.fr\/design-graphique\/#website","url":"https:\/\/blogs.esam-c2.fr\/design-graphique\/","name":"\/\/\/design graphique\/\u00e9sam-c2\/","description":"site d&#039;archives et d&#039;informations \/ cours de graphisme \/ Caen","potentialAction":[{"@type":"SearchAction","target":{"@type":"EntryPoint","urlTemplate":"https:\/\/blogs.esam-c2.fr\/design-graphique\/?s={search_term_string}"},"query-input":{"@type":"PropertyValueSpecification","valueRequired":true,"valueName":"search_term_string"}}],"inLanguage":"fr-FR"},{"@type":"Person","@id":"https:\/\/blogs.esam-c2.fr\/design-graphique\/#\/schema\/person\/6efbec67260ce9db24bba1e54d41e7c6","name":"Sarah Fouquet","image":{"@type":"ImageObject","inLanguage":"fr-FR","@id":"https:\/\/secure.gravatar.com\/avatar\/626f51a6ce51986c9e9cb4180fd263979c686cef2e0eff37e4a86a5095755363?s=96&d=mm&r=g","url":"https:\/\/secure.gravatar.com\/avatar\/626f51a6ce51986c9e9cb4180fd263979c686cef2e0eff37e4a86a5095755363?s=96&d=mm&r=g","contentUrl":"https:\/\/secure.gravatar.com\/avatar\/626f51a6ce51986c9e9cb4180fd263979c686cef2e0eff37e4a86a5095755363?s=96&d=mm&r=g","caption":"Sarah Fouquet"},"description":"Dessinatrice, graphiste, auto-\u00e9ditrice, enseigne l'image dans le d\u00e9partement design graphique de l'\u00e9cole sup\u00e9rieure d\u2019arts et m\u00e9dias de Caen","url":"https:\/\/blogs.esam-c2.fr\/design-graphique\/author\/design-graphique\/"}]}},"_links":{"self":[{"href":"https:\/\/blogs.esam-c2.fr\/design-graphique\/wp-json\/wp\/v2\/posts\/2824","targetHints":{"allow":["GET"]}}],"collection":[{"href":"https:\/\/blogs.esam-c2.fr\/design-graphique\/wp-json\/wp\/v2\/posts"}],"about":[{"href":"https:\/\/blogs.esam-c2.fr\/design-graphique\/wp-json\/wp\/v2\/types\/post"}],"author":[{"embeddable":true,"href":"https:\/\/blogs.esam-c2.fr\/design-graphique\/wp-json\/wp\/v2\/users\/7"}],"replies":[{"embeddable":true,"href":"https:\/\/blogs.esam-c2.fr\/design-graphique\/wp-json\/wp\/v2\/comments?post=2824"}],"version-history":[{"count":7,"href":"https:\/\/blogs.esam-c2.fr\/design-graphique\/wp-json\/wp\/v2\/posts\/2824\/revisions"}],"predecessor-version":[{"id":2827,"href":"https:\/\/blogs.esam-c2.fr\/design-graphique\/wp-json\/wp\/v2\/posts\/2824\/revisions\/2827"}],"wp:attachment":[{"href":"https:\/\/blogs.esam-c2.fr\/design-graphique\/wp-json\/wp\/v2\/media?parent=2824"}],"wp:term":[{"taxonomy":"category","embeddable":true,"href":"https:\/\/blogs.esam-c2.fr\/design-graphique\/wp-json\/wp\/v2\/categories?post=2824"},{"taxonomy":"post_tag","embeddable":true,"href":"https:\/\/blogs.esam-c2.fr\/design-graphique\/wp-json\/wp\/v2\/tags?post=2824"}],"curies":[{"name":"wp","href":"https:\/\/api.w.org\/{rel}","templated":true}]}}