{"id":2833,"date":"2016-11-07T18:12:24","date_gmt":"2016-11-07T18:12:24","guid":{"rendered":"http:\/\/blogs.esam-c2.fr\/design-graphique\/?p=2833"},"modified":"2016-11-07T18:12:24","modified_gmt":"2016-11-07T18:12:24","slug":"colloque-henri-raynal-atelier-en-marge-des-archives","status":"publish","type":"post","link":"https:\/\/blogs.esam-c2.fr\/design-graphique\/colloque-henri-raynal-atelier-en-marge-des-archives\/","title":{"rendered":"Colloque Henri Raynal \/ atelier \u00ab\u00a0En marge des archives\u00a0\u00bb"},"content":{"rendered":"<p>Suite \u00e0 l&rsquo;atelier propos\u00e9 par la mention \u00c9ditions, \u00ab\u00a0En marge des archives\u00a0\u00bb, en partenariat avec l&rsquo;Imec, les \u00e9tudiantes de 4\u00e8me et 5\u00e8me ann\u00e9e Eunbi Cho, Cl\u00e9mentine Graci\u00e8s, Kyungmin Lee, Louise Robin et Mathilde Sevaux exposeront leurs ouvrages et pr\u00e9senteront leurs travaux lors du colloque Henri Raynal les 17 et 18 novembre prochains.<\/p>\n<p>Apr\u00e8s avoir travaill\u00e9 sur les archives de l&rsquo;auteur, chacune ont choisi d&rsquo;explorer son \u0153uvre d&rsquo;une mani\u00e8re aussi sensible que singuli\u00e8re, faisant se croiser leurs propres pratiques de l&rsquo;image, de la typographie et de l&rsquo;\u00e9dition.<\/p>\n<div id=\"attachment_2834\" style=\"width: 430px\" class=\"wp-caption alignleft\"><a href=\"http:\/\/blogs.esam-c2.fr\/design-graphique\/files\/2016\/11\/EnMarge_1.jpg\"><img loading=\"lazy\" decoding=\"async\" aria-describedby=\"caption-attachment-2834\" class=\"wp-image-2834\" src=\"http:\/\/blogs.esam-c2.fr\/design-graphique\/files\/2016\/11\/EnMarge_1.jpg\" alt=\"Ouvrages r\u00e9alis\u00e9s dans l'atelier en juin 2016 \u00a9 Sarah Fouquet\" width=\"420\" height=\"313\" srcset=\"https:\/\/blogs.esam-c2.fr\/design-graphique\/files\/2016\/11\/EnMarge_1.jpg 567w, https:\/\/blogs.esam-c2.fr\/design-graphique\/files\/2016\/11\/EnMarge_1-300x224.jpg 300w\" sizes=\"auto, (max-width: 420px) 100vw, 420px\" \/><\/a><p id=\"caption-attachment-2834\" class=\"wp-caption-text\">Ouvrages r\u00e9alis\u00e9s dans l&rsquo;atelier en juin 2016 \u00a9<\/p><\/div>\n<div id=\"attachment_2839\" style=\"width: 430px\" class=\"wp-caption alignleft\"><a href=\"http:\/\/blogs.esam-c2.fr\/design-graphique\/files\/2016\/11\/EnMarge_6.jpg\"><img loading=\"lazy\" decoding=\"async\" aria-describedby=\"caption-attachment-2839\" class=\"wp-image-2839\" src=\"http:\/\/blogs.esam-c2.fr\/design-graphique\/files\/2016\/11\/EnMarge_6.jpg\" alt=\"Ouvrage r\u00e9alis\u00e9 par Eunbi Cho \u00a9 2016\" width=\"420\" height=\"313\" srcset=\"https:\/\/blogs.esam-c2.fr\/design-graphique\/files\/2016\/11\/EnMarge_6.jpg 567w, https:\/\/blogs.esam-c2.fr\/design-graphique\/files\/2016\/11\/EnMarge_6-300x224.jpg 300w\" sizes=\"auto, (max-width: 420px) 100vw, 420px\" \/><\/a><p id=\"caption-attachment-2839\" class=\"wp-caption-text\">Ouvrage r\u00e9alis\u00e9 par Eunbi Cho \u00a9 2016<\/p><\/div>\n<div id=\"attachment_2835\" style=\"width: 430px\" class=\"wp-caption alignleft\"><a href=\"http:\/\/blogs.esam-c2.fr\/design-graphique\/files\/2016\/11\/EnMarge_2.jpg\"><img loading=\"lazy\" decoding=\"async\" aria-describedby=\"caption-attachment-2835\" class=\"wp-image-2835\" src=\"http:\/\/blogs.esam-c2.fr\/design-graphique\/files\/2016\/11\/EnMarge_2.jpg\" alt=\"Ouvrage r\u00e9alis\u00e9 par Cl\u00e9mentine Graci\u00e8s \u00a9 2016\" width=\"420\" height=\"313\" srcset=\"https:\/\/blogs.esam-c2.fr\/design-graphique\/files\/2016\/11\/EnMarge_2.jpg 567w, https:\/\/blogs.esam-c2.fr\/design-graphique\/files\/2016\/11\/EnMarge_2-300x224.jpg 300w\" sizes=\"auto, (max-width: 420px) 100vw, 420px\" \/><\/a><p id=\"caption-attachment-2835\" class=\"wp-caption-text\">Ouvrage r\u00e9alis\u00e9 par Cl\u00e9mentine Graci\u00e8s \u00a9 2016<\/p><\/div>\n<div id=\"attachment_2836\" style=\"width: 430px\" class=\"wp-caption alignleft\"><a href=\"http:\/\/blogs.esam-c2.fr\/design-graphique\/files\/2016\/11\/EnMarge_3.jpg\"><img loading=\"lazy\" decoding=\"async\" aria-describedby=\"caption-attachment-2836\" class=\"wp-image-2836\" src=\"http:\/\/blogs.esam-c2.fr\/design-graphique\/files\/2016\/11\/EnMarge_3.jpg\" alt=\"Ouvrage r\u00e9alis\u00e9 par Kyungmin Lee \u00a9 2016\" width=\"420\" height=\"305\" srcset=\"https:\/\/blogs.esam-c2.fr\/design-graphique\/files\/2016\/11\/EnMarge_3.jpg 567w, https:\/\/blogs.esam-c2.fr\/design-graphique\/files\/2016\/11\/EnMarge_3-300x218.jpg 300w\" sizes=\"auto, (max-width: 420px) 100vw, 420px\" \/><\/a><p id=\"caption-attachment-2836\" class=\"wp-caption-text\">Ouvrage r\u00e9alis\u00e9 par Kyungmin Lee \u00a9 2016<\/p><\/div>\n<div id=\"attachment_2838\" style=\"width: 430px\" class=\"wp-caption alignleft\"><a href=\"http:\/\/blogs.esam-c2.fr\/design-graphique\/files\/2016\/11\/EnMarge_5.jpg\"><img loading=\"lazy\" decoding=\"async\" aria-describedby=\"caption-attachment-2838\" class=\"wp-image-2838\" src=\"http:\/\/blogs.esam-c2.fr\/design-graphique\/files\/2016\/11\/EnMarge_5.jpg\" alt=\"Ouvrage r\u00e9alis\u00e9 par Louise Robin \u00a9 2016\" width=\"420\" height=\"313\" srcset=\"https:\/\/blogs.esam-c2.fr\/design-graphique\/files\/2016\/11\/EnMarge_5.jpg 567w, https:\/\/blogs.esam-c2.fr\/design-graphique\/files\/2016\/11\/EnMarge_5-300x224.jpg 300w\" sizes=\"auto, (max-width: 420px) 100vw, 420px\" \/><\/a><p id=\"caption-attachment-2838\" class=\"wp-caption-text\">Ouvrage r\u00e9alis\u00e9 par Louise Robin \u00a9 2016<\/p><\/div>\n<div id=\"attachment_2837\" style=\"width: 430px\" class=\"wp-caption alignleft\"><a href=\"http:\/\/blogs.esam-c2.fr\/design-graphique\/files\/2016\/11\/EnMarge_4.jpg\"><img loading=\"lazy\" decoding=\"async\" aria-describedby=\"caption-attachment-2837\" class=\"wp-image-2837\" src=\"http:\/\/blogs.esam-c2.fr\/design-graphique\/files\/2016\/11\/EnMarge_4.jpg\" alt=\"Ouvrage r\u00e9alis\u00e9 par Mathilde Sevaux \u00a9 2016\" width=\"420\" height=\"313\" srcset=\"https:\/\/blogs.esam-c2.fr\/design-graphique\/files\/2016\/11\/EnMarge_4.jpg 567w, https:\/\/blogs.esam-c2.fr\/design-graphique\/files\/2016\/11\/EnMarge_4-300x224.jpg 300w\" sizes=\"auto, (max-width: 420px) 100vw, 420px\" \/><\/a><p id=\"caption-attachment-2837\" class=\"wp-caption-text\">Ouvrage r\u00e9alis\u00e9 par Mathilde Sevaux \u00a9 2016<\/p><\/div>\n","protected":false},"excerpt":{"rendered":"<p>Suite \u00e0 l&rsquo;atelier propos\u00e9 par la mention \u00c9ditions, \u00ab\u00a0En marge des archives\u00a0\u00bb, en partenariat avec l&rsquo;Imec, les \u00e9tudiantes de 4\u00e8me et 5\u00e8me ann\u00e9e Eunbi Cho, Cl\u00e9mentine Graci\u00e8s, Kyungmin Lee, Louise Robin et Mathilde Sevaux exposeront leurs ouvrages et pr\u00e9senteront leurs &hellip; <a href=\"https:\/\/blogs.esam-c2.fr\/design-graphique\/colloque-henri-raynal-atelier-en-marge-des-archives\/\">Continuer la lecture <span class=\"meta-nav\">&rarr;<\/span><\/a><\/p>\n","protected":false},"author":7,"featured_media":0,"comment_status":"closed","ping_status":"open","sticky":false,"template":"","format":"standard","meta":{"footnotes":""},"categories":[67,44,57,42,9,59,63],"tags":[],"class_list":["post-2833","post","type-post","status-publish","format-standard","hentry","category-67","category-actu","category-edition","category-evenement","category-expo","category-partenariat","category-recherche"],"yoast_head":"<!-- This site is optimized with the Yoast SEO plugin v27.2 - https:\/\/yoast.com\/product\/yoast-seo-wordpress\/ -->\n<title>Colloque Henri Raynal \/ atelier &quot;En marge des archives&quot; - \/\/\/design graphique\/\u00e9sam-c2\/<\/title>\n<meta name=\"robots\" content=\"index, follow, max-snippet:-1, max-image-preview:large, max-video-preview:-1\" \/>\n<link rel=\"canonical\" href=\"https:\/\/blogs.esam-c2.fr\/design-graphique\/colloque-henri-raynal-atelier-en-marge-des-archives\/\" \/>\n<meta property=\"og:locale\" content=\"fr_FR\" \/>\n<meta property=\"og:type\" content=\"article\" \/>\n<meta property=\"og:title\" content=\"Colloque Henri Raynal \/ atelier &quot;En marge des archives&quot; - \/\/\/design graphique\/\u00e9sam-c2\/\" \/>\n<meta property=\"og:description\" content=\"Suite \u00e0 l&rsquo;atelier propos\u00e9 par la mention \u00c9ditions, \u00ab\u00a0En marge des archives\u00a0\u00bb, en partenariat avec l&rsquo;Imec, les \u00e9tudiantes de 4\u00e8me et 5\u00e8me ann\u00e9e Eunbi Cho, Cl\u00e9mentine Graci\u00e8s, Kyungmin Lee, Louise Robin et Mathilde Sevaux exposeront leurs ouvrages et pr\u00e9senteront leurs &hellip; Continuer la lecture &rarr;\" \/>\n<meta property=\"og:url\" content=\"https:\/\/blogs.esam-c2.fr\/design-graphique\/colloque-henri-raynal-atelier-en-marge-des-archives\/\" \/>\n<meta property=\"og:site_name\" content=\"\/\/\/design graphique\/\u00e9sam-c2\/\" \/>\n<meta property=\"article:published_time\" content=\"2016-11-07T18:12:24+00:00\" \/>\n<meta property=\"og:image\" content=\"http:\/\/blogs.esam-c2.fr\/design-graphique\/files\/2016\/11\/EnMarge_1.jpg\" \/>\n<meta name=\"author\" content=\"Sarah Fouquet\" \/>\n<meta name=\"twitter:card\" content=\"summary_large_image\" \/>\n<meta name=\"twitter:label1\" content=\"\u00c9crit par\" \/>\n\t<meta name=\"twitter:data1\" content=\"Sarah Fouquet\" \/>\n\t<meta name=\"twitter:label2\" content=\"Dur\u00e9e de lecture estim\u00e9e\" \/>\n\t<meta name=\"twitter:data2\" content=\"1 minute\" \/>\n<script type=\"application\/ld+json\" class=\"yoast-schema-graph\">{\"@context\":\"https:\/\/schema.org\",\"@graph\":[{\"@type\":\"Article\",\"@id\":\"https:\/\/blogs.esam-c2.fr\/design-graphique\/colloque-henri-raynal-atelier-en-marge-des-archives\/#article\",\"isPartOf\":{\"@id\":\"https:\/\/blogs.esam-c2.fr\/design-graphique\/colloque-henri-raynal-atelier-en-marge-des-archives\/\"},\"author\":{\"name\":\"Sarah Fouquet\",\"@id\":\"https:\/\/blogs.esam-c2.fr\/design-graphique\/#\/schema\/person\/6efbec67260ce9db24bba1e54d41e7c6\"},\"headline\":\"Colloque Henri Raynal \/ atelier \u00ab\u00a0En marge des archives\u00a0\u00bb\",\"datePublished\":\"2016-11-07T18:12:24+00:00\",\"mainEntityOfPage\":{\"@id\":\"https:\/\/blogs.esam-c2.fr\/design-graphique\/colloque-henri-raynal-atelier-en-marge-des-archives\/\"},\"wordCount\":188,\"image\":{\"@id\":\"https:\/\/blogs.esam-c2.fr\/design-graphique\/colloque-henri-raynal-atelier-en-marge-des-archives\/#primaryimage\"},\"thumbnailUrl\":\"http:\/\/blogs.esam-c2.fr\/design-graphique\/files\/2016\/11\/EnMarge_1.jpg\",\"articleSection\":[\"2016\",\"actu\",\"\u00e9dition\",\"\u00e9v\u00e8nement\",\"expo\",\"partenariat\",\"recherche\"],\"inLanguage\":\"fr-FR\"},{\"@type\":\"WebPage\",\"@id\":\"https:\/\/blogs.esam-c2.fr\/design-graphique\/colloque-henri-raynal-atelier-en-marge-des-archives\/\",\"url\":\"https:\/\/blogs.esam-c2.fr\/design-graphique\/colloque-henri-raynal-atelier-en-marge-des-archives\/\",\"name\":\"Colloque Henri Raynal \/ atelier \\\"En marge des archives\\\" - \/\/\/design graphique\/\u00e9sam-c2\/\",\"isPartOf\":{\"@id\":\"https:\/\/blogs.esam-c2.fr\/design-graphique\/#website\"},\"primaryImageOfPage\":{\"@id\":\"https:\/\/blogs.esam-c2.fr\/design-graphique\/colloque-henri-raynal-atelier-en-marge-des-archives\/#primaryimage\"},\"image\":{\"@id\":\"https:\/\/blogs.esam-c2.fr\/design-graphique\/colloque-henri-raynal-atelier-en-marge-des-archives\/#primaryimage\"},\"thumbnailUrl\":\"http:\/\/blogs.esam-c2.fr\/design-graphique\/files\/2016\/11\/EnMarge_1.jpg\",\"datePublished\":\"2016-11-07T18:12:24+00:00\",\"author\":{\"@id\":\"https:\/\/blogs.esam-c2.fr\/design-graphique\/#\/schema\/person\/6efbec67260ce9db24bba1e54d41e7c6\"},\"breadcrumb\":{\"@id\":\"https:\/\/blogs.esam-c2.fr\/design-graphique\/colloque-henri-raynal-atelier-en-marge-des-archives\/#breadcrumb\"},\"inLanguage\":\"fr-FR\",\"potentialAction\":[{\"@type\":\"ReadAction\",\"target\":[\"https:\/\/blogs.esam-c2.fr\/design-graphique\/colloque-henri-raynal-atelier-en-marge-des-archives\/\"]}]},{\"@type\":\"ImageObject\",\"inLanguage\":\"fr-FR\",\"@id\":\"https:\/\/blogs.esam-c2.fr\/design-graphique\/colloque-henri-raynal-atelier-en-marge-des-archives\/#primaryimage\",\"url\":\"http:\/\/blogs.esam-c2.fr\/design-graphique\/files\/2016\/11\/EnMarge_1.jpg\",\"contentUrl\":\"http:\/\/blogs.esam-c2.fr\/design-graphique\/files\/2016\/11\/EnMarge_1.jpg\"},{\"@type\":\"BreadcrumbList\",\"@id\":\"https:\/\/blogs.esam-c2.fr\/design-graphique\/colloque-henri-raynal-atelier-en-marge-des-archives\/#breadcrumb\",\"itemListElement\":[{\"@type\":\"ListItem\",\"position\":1,\"name\":\"Accueil\",\"item\":\"https:\/\/blogs.esam-c2.fr\/design-graphique\/\"},{\"@type\":\"ListItem\",\"position\":2,\"name\":\"Colloque Henri Raynal \/ atelier \u00ab\u00a0En marge des archives\u00a0\u00bb\"}]},{\"@type\":\"WebSite\",\"@id\":\"https:\/\/blogs.esam-c2.fr\/design-graphique\/#website\",\"url\":\"https:\/\/blogs.esam-c2.fr\/design-graphique\/\",\"name\":\"\/\/\/design graphique\/\u00e9sam-c2\/\",\"description\":\"site d&#039;archives et d&#039;informations \/ cours de graphisme \/ Caen\",\"potentialAction\":[{\"@type\":\"SearchAction\",\"target\":{\"@type\":\"EntryPoint\",\"urlTemplate\":\"https:\/\/blogs.esam-c2.fr\/design-graphique\/?s={search_term_string}\"},\"query-input\":{\"@type\":\"PropertyValueSpecification\",\"valueRequired\":true,\"valueName\":\"search_term_string\"}}],\"inLanguage\":\"fr-FR\"},{\"@type\":\"Person\",\"@id\":\"https:\/\/blogs.esam-c2.fr\/design-graphique\/#\/schema\/person\/6efbec67260ce9db24bba1e54d41e7c6\",\"name\":\"Sarah Fouquet\",\"image\":{\"@type\":\"ImageObject\",\"inLanguage\":\"fr-FR\",\"@id\":\"https:\/\/secure.gravatar.com\/avatar\/626f51a6ce51986c9e9cb4180fd263979c686cef2e0eff37e4a86a5095755363?s=96&d=mm&r=g\",\"url\":\"https:\/\/secure.gravatar.com\/avatar\/626f51a6ce51986c9e9cb4180fd263979c686cef2e0eff37e4a86a5095755363?s=96&d=mm&r=g\",\"contentUrl\":\"https:\/\/secure.gravatar.com\/avatar\/626f51a6ce51986c9e9cb4180fd263979c686cef2e0eff37e4a86a5095755363?s=96&d=mm&r=g\",\"caption\":\"Sarah Fouquet\"},\"description\":\"Dessinatrice, graphiste, auto-\u00e9ditrice, enseigne l'image dans le d\u00e9partement design graphique de l'\u00e9cole sup\u00e9rieure d\u2019arts et m\u00e9dias de Caen\",\"url\":\"https:\/\/blogs.esam-c2.fr\/design-graphique\/author\/design-graphique\/\"}]}<\/script>\n<!-- \/ Yoast SEO plugin. -->","yoast_head_json":{"title":"Colloque Henri Raynal \/ atelier \"En marge des archives\" - \/\/\/design graphique\/\u00e9sam-c2\/","robots":{"index":"index","follow":"follow","max-snippet":"max-snippet:-1","max-image-preview":"max-image-preview:large","max-video-preview":"max-video-preview:-1"},"canonical":"https:\/\/blogs.esam-c2.fr\/design-graphique\/colloque-henri-raynal-atelier-en-marge-des-archives\/","og_locale":"fr_FR","og_type":"article","og_title":"Colloque Henri Raynal \/ atelier \"En marge des archives\" - \/\/\/design graphique\/\u00e9sam-c2\/","og_description":"Suite \u00e0 l&rsquo;atelier propos\u00e9 par la mention \u00c9ditions, \u00ab\u00a0En marge des archives\u00a0\u00bb, en partenariat avec l&rsquo;Imec, les \u00e9tudiantes de 4\u00e8me et 5\u00e8me ann\u00e9e Eunbi Cho, Cl\u00e9mentine Graci\u00e8s, Kyungmin Lee, Louise Robin et Mathilde Sevaux exposeront leurs ouvrages et pr\u00e9senteront leurs &hellip; Continuer la lecture &rarr;","og_url":"https:\/\/blogs.esam-c2.fr\/design-graphique\/colloque-henri-raynal-atelier-en-marge-des-archives\/","og_site_name":"\/\/\/design graphique\/\u00e9sam-c2\/","article_published_time":"2016-11-07T18:12:24+00:00","og_image":[{"url":"http:\/\/blogs.esam-c2.fr\/design-graphique\/files\/2016\/11\/EnMarge_1.jpg","type":"","width":"","height":""}],"author":"Sarah Fouquet","twitter_card":"summary_large_image","twitter_misc":{"\u00c9crit par":"Sarah Fouquet","Dur\u00e9e de lecture estim\u00e9e":"1 minute"},"schema":{"@context":"https:\/\/schema.org","@graph":[{"@type":"Article","@id":"https:\/\/blogs.esam-c2.fr\/design-graphique\/colloque-henri-raynal-atelier-en-marge-des-archives\/#article","isPartOf":{"@id":"https:\/\/blogs.esam-c2.fr\/design-graphique\/colloque-henri-raynal-atelier-en-marge-des-archives\/"},"author":{"name":"Sarah Fouquet","@id":"https:\/\/blogs.esam-c2.fr\/design-graphique\/#\/schema\/person\/6efbec67260ce9db24bba1e54d41e7c6"},"headline":"Colloque Henri Raynal \/ atelier \u00ab\u00a0En marge des archives\u00a0\u00bb","datePublished":"2016-11-07T18:12:24+00:00","mainEntityOfPage":{"@id":"https:\/\/blogs.esam-c2.fr\/design-graphique\/colloque-henri-raynal-atelier-en-marge-des-archives\/"},"wordCount":188,"image":{"@id":"https:\/\/blogs.esam-c2.fr\/design-graphique\/colloque-henri-raynal-atelier-en-marge-des-archives\/#primaryimage"},"thumbnailUrl":"http:\/\/blogs.esam-c2.fr\/design-graphique\/files\/2016\/11\/EnMarge_1.jpg","articleSection":["2016","actu","\u00e9dition","\u00e9v\u00e8nement","expo","partenariat","recherche"],"inLanguage":"fr-FR"},{"@type":"WebPage","@id":"https:\/\/blogs.esam-c2.fr\/design-graphique\/colloque-henri-raynal-atelier-en-marge-des-archives\/","url":"https:\/\/blogs.esam-c2.fr\/design-graphique\/colloque-henri-raynal-atelier-en-marge-des-archives\/","name":"Colloque Henri Raynal \/ atelier \"En marge des archives\" - \/\/\/design graphique\/\u00e9sam-c2\/","isPartOf":{"@id":"https:\/\/blogs.esam-c2.fr\/design-graphique\/#website"},"primaryImageOfPage":{"@id":"https:\/\/blogs.esam-c2.fr\/design-graphique\/colloque-henri-raynal-atelier-en-marge-des-archives\/#primaryimage"},"image":{"@id":"https:\/\/blogs.esam-c2.fr\/design-graphique\/colloque-henri-raynal-atelier-en-marge-des-archives\/#primaryimage"},"thumbnailUrl":"http:\/\/blogs.esam-c2.fr\/design-graphique\/files\/2016\/11\/EnMarge_1.jpg","datePublished":"2016-11-07T18:12:24+00:00","author":{"@id":"https:\/\/blogs.esam-c2.fr\/design-graphique\/#\/schema\/person\/6efbec67260ce9db24bba1e54d41e7c6"},"breadcrumb":{"@id":"https:\/\/blogs.esam-c2.fr\/design-graphique\/colloque-henri-raynal-atelier-en-marge-des-archives\/#breadcrumb"},"inLanguage":"fr-FR","potentialAction":[{"@type":"ReadAction","target":["https:\/\/blogs.esam-c2.fr\/design-graphique\/colloque-henri-raynal-atelier-en-marge-des-archives\/"]}]},{"@type":"ImageObject","inLanguage":"fr-FR","@id":"https:\/\/blogs.esam-c2.fr\/design-graphique\/colloque-henri-raynal-atelier-en-marge-des-archives\/#primaryimage","url":"http:\/\/blogs.esam-c2.fr\/design-graphique\/files\/2016\/11\/EnMarge_1.jpg","contentUrl":"http:\/\/blogs.esam-c2.fr\/design-graphique\/files\/2016\/11\/EnMarge_1.jpg"},{"@type":"BreadcrumbList","@id":"https:\/\/blogs.esam-c2.fr\/design-graphique\/colloque-henri-raynal-atelier-en-marge-des-archives\/#breadcrumb","itemListElement":[{"@type":"ListItem","position":1,"name":"Accueil","item":"https:\/\/blogs.esam-c2.fr\/design-graphique\/"},{"@type":"ListItem","position":2,"name":"Colloque Henri Raynal \/ atelier \u00ab\u00a0En marge des archives\u00a0\u00bb"}]},{"@type":"WebSite","@id":"https:\/\/blogs.esam-c2.fr\/design-graphique\/#website","url":"https:\/\/blogs.esam-c2.fr\/design-graphique\/","name":"\/\/\/design graphique\/\u00e9sam-c2\/","description":"site d&#039;archives et d&#039;informations \/ cours de graphisme \/ Caen","potentialAction":[{"@type":"SearchAction","target":{"@type":"EntryPoint","urlTemplate":"https:\/\/blogs.esam-c2.fr\/design-graphique\/?s={search_term_string}"},"query-input":{"@type":"PropertyValueSpecification","valueRequired":true,"valueName":"search_term_string"}}],"inLanguage":"fr-FR"},{"@type":"Person","@id":"https:\/\/blogs.esam-c2.fr\/design-graphique\/#\/schema\/person\/6efbec67260ce9db24bba1e54d41e7c6","name":"Sarah Fouquet","image":{"@type":"ImageObject","inLanguage":"fr-FR","@id":"https:\/\/secure.gravatar.com\/avatar\/626f51a6ce51986c9e9cb4180fd263979c686cef2e0eff37e4a86a5095755363?s=96&d=mm&r=g","url":"https:\/\/secure.gravatar.com\/avatar\/626f51a6ce51986c9e9cb4180fd263979c686cef2e0eff37e4a86a5095755363?s=96&d=mm&r=g","contentUrl":"https:\/\/secure.gravatar.com\/avatar\/626f51a6ce51986c9e9cb4180fd263979c686cef2e0eff37e4a86a5095755363?s=96&d=mm&r=g","caption":"Sarah Fouquet"},"description":"Dessinatrice, graphiste, auto-\u00e9ditrice, enseigne l'image dans le d\u00e9partement design graphique de l'\u00e9cole sup\u00e9rieure d\u2019arts et m\u00e9dias de Caen","url":"https:\/\/blogs.esam-c2.fr\/design-graphique\/author\/design-graphique\/"}]}},"_links":{"self":[{"href":"https:\/\/blogs.esam-c2.fr\/design-graphique\/wp-json\/wp\/v2\/posts\/2833","targetHints":{"allow":["GET"]}}],"collection":[{"href":"https:\/\/blogs.esam-c2.fr\/design-graphique\/wp-json\/wp\/v2\/posts"}],"about":[{"href":"https:\/\/blogs.esam-c2.fr\/design-graphique\/wp-json\/wp\/v2\/types\/post"}],"author":[{"embeddable":true,"href":"https:\/\/blogs.esam-c2.fr\/design-graphique\/wp-json\/wp\/v2\/users\/7"}],"replies":[{"embeddable":true,"href":"https:\/\/blogs.esam-c2.fr\/design-graphique\/wp-json\/wp\/v2\/comments?post=2833"}],"version-history":[{"count":2,"href":"https:\/\/blogs.esam-c2.fr\/design-graphique\/wp-json\/wp\/v2\/posts\/2833\/revisions"}],"predecessor-version":[{"id":2841,"href":"https:\/\/blogs.esam-c2.fr\/design-graphique\/wp-json\/wp\/v2\/posts\/2833\/revisions\/2841"}],"wp:attachment":[{"href":"https:\/\/blogs.esam-c2.fr\/design-graphique\/wp-json\/wp\/v2\/media?parent=2833"}],"wp:term":[{"taxonomy":"category","embeddable":true,"href":"https:\/\/blogs.esam-c2.fr\/design-graphique\/wp-json\/wp\/v2\/categories?post=2833"},{"taxonomy":"post_tag","embeddable":true,"href":"https:\/\/blogs.esam-c2.fr\/design-graphique\/wp-json\/wp\/v2\/tags?post=2833"}],"curies":[{"name":"wp","href":"https:\/\/api.w.org\/{rel}","templated":true}]}}