{"id":2843,"date":"2016-11-21T20:22:22","date_gmt":"2016-11-21T20:22:22","guid":{"rendered":"http:\/\/blogs.esam-c2.fr\/design-graphique\/?p=2843"},"modified":"2016-11-21T20:34:14","modified_gmt":"2016-11-21T20:34:14","slug":"rencontre-avec-henri-raynal","status":"publish","type":"post","link":"https:\/\/blogs.esam-c2.fr\/design-graphique\/rencontre-avec-henri-raynal\/","title":{"rendered":"Rencontre avec Henri Raynal"},"content":{"rendered":"<p>Le colloque consacr\u00e9 \u00e0 l&rsquo;\u0153uvre d&rsquo;Henri Raynal s&rsquo;est tenu en pr\u00e9sence de l&rsquo;auteur \u00e0 l&rsquo;Imec, les 17 et 18 novembre derniers. Sur invitation de Fran\u00e7ois Bordes (charg\u00e9 de mission sciences humaines \u00e0 l&rsquo;Imec) et Jean-Paul Rogues (ma\u00eetre de conf\u00e9rences \u00e0 l&rsquo;Universit\u00e9 de Caen, membre de l&rsquo;\u00e9quipe <a href=\"http:\/\/www.unicaen.fr\/recherche\/mrsh\/laslar\/\" target=\"_blank\">LASLAR<\/a>, sp\u00e9cialiste de l&rsquo;\u0153uvre d&rsquo;Henri Raynal), les \u00e9tudiantes de l&rsquo;\u00e9sam ont pu pr\u00e9senter les projets men\u00e9s lors de l&rsquo;atelier \u00ab\u00a0En marge des archives\u00a0\u00bb . Elles ont pu exposer leurs exp\u00e9rimentations graphiques et expliquer leur cheminement de pens\u00e9e devant une assembl\u00e9e compos\u00e9e de chercheurs avertis mais surtout devant Henri Raynal dont l&rsquo;\u0153uvre les a mobilis\u00e9es et passionn\u00e9es des mois durant.<\/p>\n<p>Leurs ouvrages ont pu \u00eatre expos\u00e9s au public le temps du colloque. Leurs interventions et la qualit\u00e9 de leurs r\u00e9alisations ont \u00e9t\u00e9 remarqu\u00e9es et salu\u00e9es par le public et Henri Raynal lui-m\u00eame. L&rsquo;atelier s&rsquo;est donc officiellement clos avec cette belle restitution et l&rsquo;accueil chaleureux qui lui a \u00e9t\u00e9 fait.<\/p>\n<p>Bravo \u00e0 Eunbi Cho, Cl\u00e9mentine Graci\u00e8s, Kyungmin Lee, Louise Robin, Mathilde Sevaux pour leurs r\u00e9alisations et merci \u00e0 Amalia Vargas pour son pr\u00eat du module d&rsquo;exposition.<\/p>\n<p>&nbsp;<\/p>\n<div id=\"attachment_2844\" style=\"width: 430px\" class=\"wp-caption alignleft\"><a href=\"http:\/\/blogs.esam-c2.fr\/design-graphique\/files\/2016\/11\/ColloqueRaynal_1.jpg\"><img loading=\"lazy\" decoding=\"async\" aria-describedby=\"caption-attachment-2844\" class=\"wp-image-2844\" src=\"http:\/\/blogs.esam-c2.fr\/design-graphique\/files\/2016\/11\/ColloqueRaynal_1.jpg\" alt=\"Projection de l'ouvrage de Cl\u00e9mentine Graci\u00e8s durant la discussion \u00a9 Sarah Fouquet, 2016\" width=\"420\" height=\"315\" srcset=\"https:\/\/blogs.esam-c2.fr\/design-graphique\/files\/2016\/11\/ColloqueRaynal_1.jpg 567w, https:\/\/blogs.esam-c2.fr\/design-graphique\/files\/2016\/11\/ColloqueRaynal_1-300x225.jpg 300w\" sizes=\"auto, (max-width: 420px) 100vw, 420px\" \/><\/a><p id=\"caption-attachment-2844\" class=\"wp-caption-text\">Projection de l&rsquo;ouvrage de Cl\u00e9mentine Graci\u00e8s durant la discussion \u00a9 Sarah Fouquet, 2016<\/p><\/div>\n<div id=\"attachment_2845\" style=\"width: 430px\" class=\"wp-caption alignleft\"><a href=\"http:\/\/blogs.esam-c2.fr\/design-graphique\/files\/2016\/11\/ColloqueRaynal_2.jpg\"><img loading=\"lazy\" decoding=\"async\" aria-describedby=\"caption-attachment-2845\" class=\"wp-image-2845\" src=\"http:\/\/blogs.esam-c2.fr\/design-graphique\/files\/2016\/11\/ColloqueRaynal_2.jpg\" alt=\"Les intervenants d\u00e9couvrent les ouvrages \u00a9 Sarah Fouquet, 2016\" width=\"420\" height=\"315\" srcset=\"https:\/\/blogs.esam-c2.fr\/design-graphique\/files\/2016\/11\/ColloqueRaynal_2.jpg 567w, https:\/\/blogs.esam-c2.fr\/design-graphique\/files\/2016\/11\/ColloqueRaynal_2-300x225.jpg 300w\" sizes=\"auto, (max-width: 420px) 100vw, 420px\" \/><\/a><p id=\"caption-attachment-2845\" class=\"wp-caption-text\">Les intervenants consultent les diff\u00e9rents ouvrages \u00a9 Sarah Fouquet, 2016<\/p><\/div>\n<div id=\"attachment_2846\" style=\"width: 430px\" class=\"wp-caption alignleft\"><a href=\"http:\/\/blogs.esam-c2.fr\/design-graphique\/files\/2016\/11\/ColloqueRaynal_3.jpg\"><img loading=\"lazy\" decoding=\"async\" aria-describedby=\"caption-attachment-2846\" class=\"wp-image-2846\" src=\"http:\/\/blogs.esam-c2.fr\/design-graphique\/files\/2016\/11\/ColloqueRaynal_3.jpg\" alt=\"Henri Raynal d\u00e9couvrant les ouvrages \u00a9 Sarah Fouquet, 2016\" width=\"420\" height=\"315\" srcset=\"https:\/\/blogs.esam-c2.fr\/design-graphique\/files\/2016\/11\/ColloqueRaynal_3.jpg 567w, https:\/\/blogs.esam-c2.fr\/design-graphique\/files\/2016\/11\/ColloqueRaynal_3-300x225.jpg 300w\" sizes=\"auto, (max-width: 420px) 100vw, 420px\" \/><\/a><p id=\"caption-attachment-2846\" class=\"wp-caption-text\">Henri Raynal d\u00e9couvrant les ouvrages \u00a9 Sarah Fouquet, 2016<\/p><\/div>\n<p>&nbsp;<\/p>\n<p><span style=\"text-indent: 20px;width: auto;padding: 0px 4px 0px 0px;text-align: center;font: bold 11px\/20px 'Helvetica Neue',Helvetica,sans-serif;color: #ffffff;background: #bd081c no-repeat scroll 3px 50% \/ 14px 14px;cursor: pointer\">Enregistrer<\/span><\/p>\n<p><span style=\"text-indent: 20px;width: auto;padding: 0px 4px 0px 0px;text-align: center;font: bold 11px\/20px 'Helvetica Neue',Helvetica,sans-serif;color: #ffffff;background: #bd081c no-repeat scroll 3px 50% \/ 14px 14px;cursor: pointer\">Enregistrer<\/span><\/p>\n<p><span style=\"text-indent: 20px;width: auto;padding: 0px 4px 0px 0px;text-align: center;font: bold 11px\/20px 'Helvetica Neue',Helvetica,sans-serif;color: #ffffff;background: #bd081c no-repeat scroll 3px 50% \/ 14px 14px;cursor: pointer\">Enregistrer<\/span><\/p>\n<p><span style=\"text-indent: 20px;width: auto;padding: 0px 4px 0px 0px;text-align: center;font: bold 11px\/20px 'Helvetica Neue',Helvetica,sans-serif;color: #ffffff;background: #bd081c  no-repeat scroll 3px 50% \/ 14px 14px;cursor: pointer\">Enregistrer<\/span><\/p>\n","protected":false},"excerpt":{"rendered":"<p>Le colloque consacr\u00e9 \u00e0 l&rsquo;\u0153uvre d&rsquo;Henri Raynal s&rsquo;est tenu en pr\u00e9sence de l&rsquo;auteur \u00e0 l&rsquo;Imec, les 17 et 18 novembre derniers. Sur invitation de Fran\u00e7ois Bordes (charg\u00e9 de mission sciences humaines \u00e0 l&rsquo;Imec) et Jean-Paul Rogues (ma\u00eetre de conf\u00e9rences \u00e0 &hellip; <a href=\"https:\/\/blogs.esam-c2.fr\/design-graphique\/rencontre-avec-henri-raynal\/\">Continuer la lecture <span class=\"meta-nav\">&rarr;<\/span><\/a><\/p>\n","protected":false},"author":7,"featured_media":0,"comment_status":"closed","ping_status":"open","sticky":false,"template":"","format":"standard","meta":{"footnotes":""},"categories":[67,22,57,42,9,59,63],"tags":[],"class_list":["post-2843","post","type-post","status-publish","format-standard","hentry","category-67","category-conf","category-edition","category-evenement","category-expo","category-partenariat","category-recherche"],"yoast_head":"<!-- This site is optimized with the Yoast SEO plugin v27.2 - https:\/\/yoast.com\/product\/yoast-seo-wordpress\/ -->\n<title>Rencontre avec Henri Raynal - \/\/\/design graphique\/\u00e9sam-c2\/<\/title>\n<meta name=\"robots\" content=\"index, follow, max-snippet:-1, max-image-preview:large, max-video-preview:-1\" \/>\n<link rel=\"canonical\" href=\"https:\/\/blogs.esam-c2.fr\/design-graphique\/rencontre-avec-henri-raynal\/\" \/>\n<meta property=\"og:locale\" content=\"fr_FR\" \/>\n<meta property=\"og:type\" content=\"article\" \/>\n<meta property=\"og:title\" content=\"Rencontre avec Henri Raynal - \/\/\/design graphique\/\u00e9sam-c2\/\" \/>\n<meta property=\"og:description\" content=\"Le colloque consacr\u00e9 \u00e0 l&rsquo;\u0153uvre d&rsquo;Henri Raynal s&rsquo;est tenu en pr\u00e9sence de l&rsquo;auteur \u00e0 l&rsquo;Imec, les 17 et 18 novembre derniers. Sur invitation de Fran\u00e7ois Bordes (charg\u00e9 de mission sciences humaines \u00e0 l&rsquo;Imec) et Jean-Paul Rogues (ma\u00eetre de conf\u00e9rences \u00e0 &hellip; Continuer la lecture &rarr;\" \/>\n<meta property=\"og:url\" content=\"https:\/\/blogs.esam-c2.fr\/design-graphique\/rencontre-avec-henri-raynal\/\" \/>\n<meta property=\"og:site_name\" content=\"\/\/\/design graphique\/\u00e9sam-c2\/\" \/>\n<meta property=\"article:published_time\" content=\"2016-11-21T20:22:22+00:00\" \/>\n<meta property=\"article:modified_time\" content=\"2016-11-21T20:34:14+00:00\" \/>\n<meta property=\"og:image\" content=\"http:\/\/blogs.esam-c2.fr\/design-graphique\/files\/2016\/11\/ColloqueRaynal_1.jpg\" \/>\n<meta name=\"author\" content=\"Sarah Fouquet\" \/>\n<meta name=\"twitter:card\" content=\"summary_large_image\" \/>\n<meta name=\"twitter:label1\" content=\"\u00c9crit par\" \/>\n\t<meta name=\"twitter:data1\" content=\"Sarah Fouquet\" \/>\n\t<meta name=\"twitter:label2\" content=\"Dur\u00e9e de lecture estim\u00e9e\" \/>\n\t<meta name=\"twitter:data2\" content=\"1 minute\" \/>\n<script type=\"application\/ld+json\" class=\"yoast-schema-graph\">{\"@context\":\"https:\/\/schema.org\",\"@graph\":[{\"@type\":\"Article\",\"@id\":\"https:\/\/blogs.esam-c2.fr\/design-graphique\/rencontre-avec-henri-raynal\/#article\",\"isPartOf\":{\"@id\":\"https:\/\/blogs.esam-c2.fr\/design-graphique\/rencontre-avec-henri-raynal\/\"},\"author\":{\"name\":\"Sarah Fouquet\",\"@id\":\"https:\/\/blogs.esam-c2.fr\/design-graphique\/#\/schema\/person\/6efbec67260ce9db24bba1e54d41e7c6\"},\"headline\":\"Rencontre avec Henri Raynal\",\"datePublished\":\"2016-11-21T20:22:22+00:00\",\"dateModified\":\"2016-11-21T20:34:14+00:00\",\"mainEntityOfPage\":{\"@id\":\"https:\/\/blogs.esam-c2.fr\/design-graphique\/rencontre-avec-henri-raynal\/\"},\"wordCount\":272,\"image\":{\"@id\":\"https:\/\/blogs.esam-c2.fr\/design-graphique\/rencontre-avec-henri-raynal\/#primaryimage\"},\"thumbnailUrl\":\"http:\/\/blogs.esam-c2.fr\/design-graphique\/files\/2016\/11\/ColloqueRaynal_1.jpg\",\"articleSection\":[\"2016\",\"Conf\",\"\u00e9dition\",\"\u00e9v\u00e8nement\",\"expo\",\"partenariat\",\"recherche\"],\"inLanguage\":\"fr-FR\"},{\"@type\":\"WebPage\",\"@id\":\"https:\/\/blogs.esam-c2.fr\/design-graphique\/rencontre-avec-henri-raynal\/\",\"url\":\"https:\/\/blogs.esam-c2.fr\/design-graphique\/rencontre-avec-henri-raynal\/\",\"name\":\"Rencontre avec Henri Raynal - \/\/\/design graphique\/\u00e9sam-c2\/\",\"isPartOf\":{\"@id\":\"https:\/\/blogs.esam-c2.fr\/design-graphique\/#website\"},\"primaryImageOfPage\":{\"@id\":\"https:\/\/blogs.esam-c2.fr\/design-graphique\/rencontre-avec-henri-raynal\/#primaryimage\"},\"image\":{\"@id\":\"https:\/\/blogs.esam-c2.fr\/design-graphique\/rencontre-avec-henri-raynal\/#primaryimage\"},\"thumbnailUrl\":\"http:\/\/blogs.esam-c2.fr\/design-graphique\/files\/2016\/11\/ColloqueRaynal_1.jpg\",\"datePublished\":\"2016-11-21T20:22:22+00:00\",\"dateModified\":\"2016-11-21T20:34:14+00:00\",\"author\":{\"@id\":\"https:\/\/blogs.esam-c2.fr\/design-graphique\/#\/schema\/person\/6efbec67260ce9db24bba1e54d41e7c6\"},\"breadcrumb\":{\"@id\":\"https:\/\/blogs.esam-c2.fr\/design-graphique\/rencontre-avec-henri-raynal\/#breadcrumb\"},\"inLanguage\":\"fr-FR\",\"potentialAction\":[{\"@type\":\"ReadAction\",\"target\":[\"https:\/\/blogs.esam-c2.fr\/design-graphique\/rencontre-avec-henri-raynal\/\"]}]},{\"@type\":\"ImageObject\",\"inLanguage\":\"fr-FR\",\"@id\":\"https:\/\/blogs.esam-c2.fr\/design-graphique\/rencontre-avec-henri-raynal\/#primaryimage\",\"url\":\"http:\/\/blogs.esam-c2.fr\/design-graphique\/files\/2016\/11\/ColloqueRaynal_1.jpg\",\"contentUrl\":\"http:\/\/blogs.esam-c2.fr\/design-graphique\/files\/2016\/11\/ColloqueRaynal_1.jpg\"},{\"@type\":\"BreadcrumbList\",\"@id\":\"https:\/\/blogs.esam-c2.fr\/design-graphique\/rencontre-avec-henri-raynal\/#breadcrumb\",\"itemListElement\":[{\"@type\":\"ListItem\",\"position\":1,\"name\":\"Accueil\",\"item\":\"https:\/\/blogs.esam-c2.fr\/design-graphique\/\"},{\"@type\":\"ListItem\",\"position\":2,\"name\":\"Rencontre avec Henri Raynal\"}]},{\"@type\":\"WebSite\",\"@id\":\"https:\/\/blogs.esam-c2.fr\/design-graphique\/#website\",\"url\":\"https:\/\/blogs.esam-c2.fr\/design-graphique\/\",\"name\":\"\/\/\/design graphique\/\u00e9sam-c2\/\",\"description\":\"site d&#039;archives et d&#039;informations \/ cours de graphisme \/ Caen\",\"potentialAction\":[{\"@type\":\"SearchAction\",\"target\":{\"@type\":\"EntryPoint\",\"urlTemplate\":\"https:\/\/blogs.esam-c2.fr\/design-graphique\/?s={search_term_string}\"},\"query-input\":{\"@type\":\"PropertyValueSpecification\",\"valueRequired\":true,\"valueName\":\"search_term_string\"}}],\"inLanguage\":\"fr-FR\"},{\"@type\":\"Person\",\"@id\":\"https:\/\/blogs.esam-c2.fr\/design-graphique\/#\/schema\/person\/6efbec67260ce9db24bba1e54d41e7c6\",\"name\":\"Sarah Fouquet\",\"image\":{\"@type\":\"ImageObject\",\"inLanguage\":\"fr-FR\",\"@id\":\"https:\/\/secure.gravatar.com\/avatar\/626f51a6ce51986c9e9cb4180fd263979c686cef2e0eff37e4a86a5095755363?s=96&d=mm&r=g\",\"url\":\"https:\/\/secure.gravatar.com\/avatar\/626f51a6ce51986c9e9cb4180fd263979c686cef2e0eff37e4a86a5095755363?s=96&d=mm&r=g\",\"contentUrl\":\"https:\/\/secure.gravatar.com\/avatar\/626f51a6ce51986c9e9cb4180fd263979c686cef2e0eff37e4a86a5095755363?s=96&d=mm&r=g\",\"caption\":\"Sarah Fouquet\"},\"description\":\"Dessinatrice, graphiste, auto-\u00e9ditrice, enseigne l'image dans le d\u00e9partement design graphique de l'\u00e9cole sup\u00e9rieure d\u2019arts et m\u00e9dias de Caen\",\"url\":\"https:\/\/blogs.esam-c2.fr\/design-graphique\/author\/design-graphique\/\"}]}<\/script>\n<!-- \/ Yoast SEO plugin. -->","yoast_head_json":{"title":"Rencontre avec Henri Raynal - \/\/\/design graphique\/\u00e9sam-c2\/","robots":{"index":"index","follow":"follow","max-snippet":"max-snippet:-1","max-image-preview":"max-image-preview:large","max-video-preview":"max-video-preview:-1"},"canonical":"https:\/\/blogs.esam-c2.fr\/design-graphique\/rencontre-avec-henri-raynal\/","og_locale":"fr_FR","og_type":"article","og_title":"Rencontre avec Henri Raynal - \/\/\/design graphique\/\u00e9sam-c2\/","og_description":"Le colloque consacr\u00e9 \u00e0 l&rsquo;\u0153uvre d&rsquo;Henri Raynal s&rsquo;est tenu en pr\u00e9sence de l&rsquo;auteur \u00e0 l&rsquo;Imec, les 17 et 18 novembre derniers. Sur invitation de Fran\u00e7ois Bordes (charg\u00e9 de mission sciences humaines \u00e0 l&rsquo;Imec) et Jean-Paul Rogues (ma\u00eetre de conf\u00e9rences \u00e0 &hellip; Continuer la lecture &rarr;","og_url":"https:\/\/blogs.esam-c2.fr\/design-graphique\/rencontre-avec-henri-raynal\/","og_site_name":"\/\/\/design graphique\/\u00e9sam-c2\/","article_published_time":"2016-11-21T20:22:22+00:00","article_modified_time":"2016-11-21T20:34:14+00:00","og_image":[{"url":"http:\/\/blogs.esam-c2.fr\/design-graphique\/files\/2016\/11\/ColloqueRaynal_1.jpg","type":"","width":"","height":""}],"author":"Sarah Fouquet","twitter_card":"summary_large_image","twitter_misc":{"\u00c9crit par":"Sarah Fouquet","Dur\u00e9e de lecture estim\u00e9e":"1 minute"},"schema":{"@context":"https:\/\/schema.org","@graph":[{"@type":"Article","@id":"https:\/\/blogs.esam-c2.fr\/design-graphique\/rencontre-avec-henri-raynal\/#article","isPartOf":{"@id":"https:\/\/blogs.esam-c2.fr\/design-graphique\/rencontre-avec-henri-raynal\/"},"author":{"name":"Sarah Fouquet","@id":"https:\/\/blogs.esam-c2.fr\/design-graphique\/#\/schema\/person\/6efbec67260ce9db24bba1e54d41e7c6"},"headline":"Rencontre avec Henri Raynal","datePublished":"2016-11-21T20:22:22+00:00","dateModified":"2016-11-21T20:34:14+00:00","mainEntityOfPage":{"@id":"https:\/\/blogs.esam-c2.fr\/design-graphique\/rencontre-avec-henri-raynal\/"},"wordCount":272,"image":{"@id":"https:\/\/blogs.esam-c2.fr\/design-graphique\/rencontre-avec-henri-raynal\/#primaryimage"},"thumbnailUrl":"http:\/\/blogs.esam-c2.fr\/design-graphique\/files\/2016\/11\/ColloqueRaynal_1.jpg","articleSection":["2016","Conf","\u00e9dition","\u00e9v\u00e8nement","expo","partenariat","recherche"],"inLanguage":"fr-FR"},{"@type":"WebPage","@id":"https:\/\/blogs.esam-c2.fr\/design-graphique\/rencontre-avec-henri-raynal\/","url":"https:\/\/blogs.esam-c2.fr\/design-graphique\/rencontre-avec-henri-raynal\/","name":"Rencontre avec Henri Raynal - \/\/\/design graphique\/\u00e9sam-c2\/","isPartOf":{"@id":"https:\/\/blogs.esam-c2.fr\/design-graphique\/#website"},"primaryImageOfPage":{"@id":"https:\/\/blogs.esam-c2.fr\/design-graphique\/rencontre-avec-henri-raynal\/#primaryimage"},"image":{"@id":"https:\/\/blogs.esam-c2.fr\/design-graphique\/rencontre-avec-henri-raynal\/#primaryimage"},"thumbnailUrl":"http:\/\/blogs.esam-c2.fr\/design-graphique\/files\/2016\/11\/ColloqueRaynal_1.jpg","datePublished":"2016-11-21T20:22:22+00:00","dateModified":"2016-11-21T20:34:14+00:00","author":{"@id":"https:\/\/blogs.esam-c2.fr\/design-graphique\/#\/schema\/person\/6efbec67260ce9db24bba1e54d41e7c6"},"breadcrumb":{"@id":"https:\/\/blogs.esam-c2.fr\/design-graphique\/rencontre-avec-henri-raynal\/#breadcrumb"},"inLanguage":"fr-FR","potentialAction":[{"@type":"ReadAction","target":["https:\/\/blogs.esam-c2.fr\/design-graphique\/rencontre-avec-henri-raynal\/"]}]},{"@type":"ImageObject","inLanguage":"fr-FR","@id":"https:\/\/blogs.esam-c2.fr\/design-graphique\/rencontre-avec-henri-raynal\/#primaryimage","url":"http:\/\/blogs.esam-c2.fr\/design-graphique\/files\/2016\/11\/ColloqueRaynal_1.jpg","contentUrl":"http:\/\/blogs.esam-c2.fr\/design-graphique\/files\/2016\/11\/ColloqueRaynal_1.jpg"},{"@type":"BreadcrumbList","@id":"https:\/\/blogs.esam-c2.fr\/design-graphique\/rencontre-avec-henri-raynal\/#breadcrumb","itemListElement":[{"@type":"ListItem","position":1,"name":"Accueil","item":"https:\/\/blogs.esam-c2.fr\/design-graphique\/"},{"@type":"ListItem","position":2,"name":"Rencontre avec Henri Raynal"}]},{"@type":"WebSite","@id":"https:\/\/blogs.esam-c2.fr\/design-graphique\/#website","url":"https:\/\/blogs.esam-c2.fr\/design-graphique\/","name":"\/\/\/design graphique\/\u00e9sam-c2\/","description":"site d&#039;archives et d&#039;informations \/ cours de graphisme \/ Caen","potentialAction":[{"@type":"SearchAction","target":{"@type":"EntryPoint","urlTemplate":"https:\/\/blogs.esam-c2.fr\/design-graphique\/?s={search_term_string}"},"query-input":{"@type":"PropertyValueSpecification","valueRequired":true,"valueName":"search_term_string"}}],"inLanguage":"fr-FR"},{"@type":"Person","@id":"https:\/\/blogs.esam-c2.fr\/design-graphique\/#\/schema\/person\/6efbec67260ce9db24bba1e54d41e7c6","name":"Sarah Fouquet","image":{"@type":"ImageObject","inLanguage":"fr-FR","@id":"https:\/\/secure.gravatar.com\/avatar\/626f51a6ce51986c9e9cb4180fd263979c686cef2e0eff37e4a86a5095755363?s=96&d=mm&r=g","url":"https:\/\/secure.gravatar.com\/avatar\/626f51a6ce51986c9e9cb4180fd263979c686cef2e0eff37e4a86a5095755363?s=96&d=mm&r=g","contentUrl":"https:\/\/secure.gravatar.com\/avatar\/626f51a6ce51986c9e9cb4180fd263979c686cef2e0eff37e4a86a5095755363?s=96&d=mm&r=g","caption":"Sarah Fouquet"},"description":"Dessinatrice, graphiste, auto-\u00e9ditrice, enseigne l'image dans le d\u00e9partement design graphique de l'\u00e9cole sup\u00e9rieure d\u2019arts et m\u00e9dias de Caen","url":"https:\/\/blogs.esam-c2.fr\/design-graphique\/author\/design-graphique\/"}]}},"_links":{"self":[{"href":"https:\/\/blogs.esam-c2.fr\/design-graphique\/wp-json\/wp\/v2\/posts\/2843","targetHints":{"allow":["GET"]}}],"collection":[{"href":"https:\/\/blogs.esam-c2.fr\/design-graphique\/wp-json\/wp\/v2\/posts"}],"about":[{"href":"https:\/\/blogs.esam-c2.fr\/design-graphique\/wp-json\/wp\/v2\/types\/post"}],"author":[{"embeddable":true,"href":"https:\/\/blogs.esam-c2.fr\/design-graphique\/wp-json\/wp\/v2\/users\/7"}],"replies":[{"embeddable":true,"href":"https:\/\/blogs.esam-c2.fr\/design-graphique\/wp-json\/wp\/v2\/comments?post=2843"}],"version-history":[{"count":6,"href":"https:\/\/blogs.esam-c2.fr\/design-graphique\/wp-json\/wp\/v2\/posts\/2843\/revisions"}],"predecessor-version":[{"id":2848,"href":"https:\/\/blogs.esam-c2.fr\/design-graphique\/wp-json\/wp\/v2\/posts\/2843\/revisions\/2848"}],"wp:attachment":[{"href":"https:\/\/blogs.esam-c2.fr\/design-graphique\/wp-json\/wp\/v2\/media?parent=2843"}],"wp:term":[{"taxonomy":"category","embeddable":true,"href":"https:\/\/blogs.esam-c2.fr\/design-graphique\/wp-json\/wp\/v2\/categories?post=2843"},{"taxonomy":"post_tag","embeddable":true,"href":"https:\/\/blogs.esam-c2.fr\/design-graphique\/wp-json\/wp\/v2\/tags?post=2843"}],"curies":[{"name":"wp","href":"https:\/\/api.w.org\/{rel}","templated":true}]}}