{"id":3337,"date":"2019-10-25T10:46:35","date_gmt":"2019-10-25T10:46:35","guid":{"rendered":"https:\/\/blogs.esam-c2.fr\/design-graphique\/?p=3337"},"modified":"2021-03-16T14:55:32","modified_gmt":"2021-03-16T14:55:32","slug":"workshop-bologne-avec-helene-rajcak","status":"publish","type":"post","link":"https:\/\/blogs.esam-c2.fr\/design-graphique\/workshop-bologne-avec-helene-rajcak\/","title":{"rendered":"Workshop Bologne avec H\u00e9l\u00e8ne Rajcak"},"content":{"rendered":"\n<p>Les \u00e9tudiant.e.s de 3e ann\u00e9e Design Graphique et de 4e\/5e ann\u00e9es Design \u00c9ditions ont eu 5j pour r\u00e9aliser 5 images \u00e0 envoyer au concours du Salon international du livre jeunesse de Bologne, aussi bien en fiction qu&rsquo;en non fiction. Ce travail d&rsquo;atelier a \u00e9t\u00e9 encadr\u00e9 par H\u00e9l\u00e8ne Rajcak, illustratrice, Sarah Fouquet et Thierry Weyd en partenariat avec l&rsquo;<a href=\"http:\/\/www.ababo.it\/ABA\/\">Accademia du Belle Arti di Bologna<\/a> et l&rsquo;association <a href=\"https:\/\/hamelin.net\">Hamelin<\/a>.<\/p>\n\n\n\n<figure class=\"wp-block-gallery columns-1 is-cropped wp-block-gallery-1 is-layout-flex wp-block-gallery-is-layout-flex\"><ul class=\"blocks-gallery-grid\"><li class=\"blocks-gallery-item\"><figure><img loading=\"lazy\" decoding=\"async\" width=\"567\" height=\"425\" src=\"https:\/\/blogs.esam-c2.fr\/design-graphique\/files\/2019\/11\/Bologne2019_14.jpg\" alt=\"\" data-id=\"3339\" class=\"wp-image-3339\" srcset=\"https:\/\/blogs.esam-c2.fr\/design-graphique\/files\/2019\/11\/Bologne2019_14.jpg 567w, https:\/\/blogs.esam-c2.fr\/design-graphique\/files\/2019\/11\/Bologne2019_14-300x225.jpg 300w\" sizes=\"auto, (max-width: 567px) 100vw, 567px\" \/><figcaption class=\"blocks-gallery-item__caption\">Travail d&rsquo;Isidora Avraam sur des ha\u00efkus, 4e Design \u00c9ditions<\/figcaption><\/figure><\/li><\/ul><\/figure>\n\n\n\n<figure class=\"wp-block-gallery columns-1 is-cropped wp-block-gallery-2 is-layout-flex wp-block-gallery-is-layout-flex\"><ul class=\"blocks-gallery-grid\"><li class=\"blocks-gallery-item\"><figure><img loading=\"lazy\" decoding=\"async\" width=\"567\" height=\"425\" src=\"https:\/\/blogs.esam-c2.fr\/design-graphique\/files\/2019\/11\/Bologne2019_15-1.jpg\" alt=\"\" data-id=\"3340\" class=\"wp-image-3340\" srcset=\"https:\/\/blogs.esam-c2.fr\/design-graphique\/files\/2019\/11\/Bologne2019_15-1.jpg 567w, https:\/\/blogs.esam-c2.fr\/design-graphique\/files\/2019\/11\/Bologne2019_15-1-300x225.jpg 300w\" sizes=\"auto, (max-width: 567px) 100vw, 567px\" \/><figcaption class=\"blocks-gallery-item__caption\">Travail d&rsquo;Isidora Avraam sur des ha\u00efkus, 4e Design \u00c9ditions<\/figcaption><\/figure><\/li><\/ul><\/figure>\n\n\n\n<figure class=\"wp-block-gallery columns-1 is-cropped wp-block-gallery-3 is-layout-flex wp-block-gallery-is-layout-flex\"><ul class=\"blocks-gallery-grid\"><li class=\"blocks-gallery-item\"><figure><img loading=\"lazy\" decoding=\"async\" width=\"567\" height=\"425\" src=\"https:\/\/blogs.esam-c2.fr\/design-graphique\/files\/2019\/11\/Bologne2019_13.jpg\" alt=\"\" data-id=\"3341\" class=\"wp-image-3341\" srcset=\"https:\/\/blogs.esam-c2.fr\/design-graphique\/files\/2019\/11\/Bologne2019_13.jpg 567w, https:\/\/blogs.esam-c2.fr\/design-graphique\/files\/2019\/11\/Bologne2019_13-300x225.jpg 300w\" sizes=\"auto, (max-width: 567px) 100vw, 567px\" \/><figcaption class=\"blocks-gallery-item__caption\">Travail de Valentin Guesdon sur des ha\u00efkus, 5e Design \u00c9ditions<\/figcaption><\/figure><\/li><\/ul><\/figure>\n\n\n\n<figure class=\"wp-block-gallery columns-1 is-cropped wp-block-gallery-4 is-layout-flex wp-block-gallery-is-layout-flex\"><ul class=\"blocks-gallery-grid\"><li class=\"blocks-gallery-item\"><figure><img loading=\"lazy\" decoding=\"async\" width=\"567\" height=\"425\" src=\"https:\/\/blogs.esam-c2.fr\/design-graphique\/files\/2019\/11\/Bologne2019_12.jpg\" alt=\"\" data-id=\"3342\" class=\"wp-image-3342\" srcset=\"https:\/\/blogs.esam-c2.fr\/design-graphique\/files\/2019\/11\/Bologne2019_12.jpg 567w, https:\/\/blogs.esam-c2.fr\/design-graphique\/files\/2019\/11\/Bologne2019_12-300x225.jpg 300w\" sizes=\"auto, (max-width: 567px) 100vw, 567px\" \/><figcaption class=\"blocks-gallery-item__caption\">Travail de Sijia Wong sur \u00ab&nbsp;Soudain dans la for\u00eat profonde&nbsp;\u00bb d&rsquo;Amos Oz, 4e Design \u00c9ditions<\/figcaption><\/figure><\/li><\/ul><\/figure>\n\n\n\n<figure class=\"wp-block-gallery columns-1 is-cropped wp-block-gallery-5 is-layout-flex wp-block-gallery-is-layout-flex\"><ul class=\"blocks-gallery-grid\"><li class=\"blocks-gallery-item\"><figure><img loading=\"lazy\" decoding=\"async\" width=\"567\" height=\"425\" src=\"https:\/\/blogs.esam-c2.fr\/design-graphique\/files\/2019\/11\/Bologne2019_11.jpg\" alt=\"\" data-id=\"3343\" class=\"wp-image-3343\" srcset=\"https:\/\/blogs.esam-c2.fr\/design-graphique\/files\/2019\/11\/Bologne2019_11.jpg 567w, https:\/\/blogs.esam-c2.fr\/design-graphique\/files\/2019\/11\/Bologne2019_11-300x225.jpg 300w\" sizes=\"auto, (max-width: 567px) 100vw, 567px\" \/><figcaption class=\"blocks-gallery-item__caption\">Travail de Ying Zheng sur \u00ab La vie dans les bois&nbsp;\u00bb de Henry David Thoreau, 4e Design \u00c9ditions<\/figcaption><\/figure><\/li><\/ul><\/figure>\n\n\n\n<figure class=\"wp-block-gallery columns-1 is-cropped wp-block-gallery-6 is-layout-flex wp-block-gallery-is-layout-flex\"><ul class=\"blocks-gallery-grid\"><li class=\"blocks-gallery-item\"><figure><img loading=\"lazy\" decoding=\"async\" width=\"567\" height=\"425\" src=\"https:\/\/blogs.esam-c2.fr\/design-graphique\/files\/2019\/11\/Bologne2019_10.jpg\" alt=\"\" data-id=\"3344\" class=\"wp-image-3344\" srcset=\"https:\/\/blogs.esam-c2.fr\/design-graphique\/files\/2019\/11\/Bologne2019_10.jpg 567w, https:\/\/blogs.esam-c2.fr\/design-graphique\/files\/2019\/11\/Bologne2019_10-300x225.jpg 300w\" sizes=\"auto, (max-width: 567px) 100vw, 567px\" \/><figcaption class=\"blocks-gallery-item__caption\">Travail de Manon Desmarles sur \u00ab&nbsp;Le poids du papillon&nbsp;\u00bb de Erri de Luca, 4e Design \u00c9ditions<\/figcaption><\/figure><\/li><\/ul><\/figure>\n\n\n\n<figure class=\"wp-block-gallery columns-1 is-cropped wp-block-gallery-7 is-layout-flex wp-block-gallery-is-layout-flex\"><ul class=\"blocks-gallery-grid\"><li class=\"blocks-gallery-item\"><figure><img loading=\"lazy\" decoding=\"async\" width=\"567\" height=\"425\" src=\"https:\/\/blogs.esam-c2.fr\/design-graphique\/files\/2019\/11\/Bologne2019_9.jpg\" alt=\"\" data-id=\"3345\" class=\"wp-image-3345\" srcset=\"https:\/\/blogs.esam-c2.fr\/design-graphique\/files\/2019\/11\/Bologne2019_9.jpg 567w, https:\/\/blogs.esam-c2.fr\/design-graphique\/files\/2019\/11\/Bologne2019_9-300x225.jpg 300w\" sizes=\"auto, (max-width: 567px) 100vw, 567px\" \/><figcaption class=\"blocks-gallery-item__caption\">Travail d&rsquo;\u00c9lisa Martin sur \u00ab&nbsp;Les enfants sauvages&nbsp;\u00bb de Louis Nowra, 3e Design Graphique<\/figcaption><\/figure><\/li><\/ul><\/figure>\n\n\n\n<figure class=\"wp-block-gallery columns-1 is-cropped wp-block-gallery-8 is-layout-flex wp-block-gallery-is-layout-flex\"><ul class=\"blocks-gallery-grid\"><li class=\"blocks-gallery-item\"><figure><img loading=\"lazy\" decoding=\"async\" width=\"567\" height=\"425\" src=\"https:\/\/blogs.esam-c2.fr\/design-graphique\/files\/2019\/11\/Bologne2019_8.jpg\" alt=\"\" data-id=\"3346\" class=\"wp-image-3346\" srcset=\"https:\/\/blogs.esam-c2.fr\/design-graphique\/files\/2019\/11\/Bologne2019_8.jpg 567w, https:\/\/blogs.esam-c2.fr\/design-graphique\/files\/2019\/11\/Bologne2019_8-300x225.jpg 300w\" sizes=\"auto, (max-width: 567px) 100vw, 567px\" \/><figcaption class=\"blocks-gallery-item__caption\">Travail de Jos\u00e9 Kangodia sur \u00ab&nbsp;Manifeste du tiers paysage&nbsp;\u00bb de Gilles Cl\u00e9ment, 3e Design Graphique<\/figcaption><\/figure><\/li><\/ul><\/figure>\n\n\n\n<figure class=\"wp-block-gallery columns-1 is-cropped wp-block-gallery-9 is-layout-flex wp-block-gallery-is-layout-flex\"><ul class=\"blocks-gallery-grid\"><li class=\"blocks-gallery-item\"><figure><img loading=\"lazy\" decoding=\"async\" width=\"567\" height=\"704\" src=\"https:\/\/blogs.esam-c2.fr\/design-graphique\/files\/2019\/11\/Bologne2019_5.jpg\" alt=\"\" data-id=\"3347\" class=\"wp-image-3347\" srcset=\"https:\/\/blogs.esam-c2.fr\/design-graphique\/files\/2019\/11\/Bologne2019_5.jpg 567w, https:\/\/blogs.esam-c2.fr\/design-graphique\/files\/2019\/11\/Bologne2019_5-242x300.jpg 242w\" sizes=\"auto, (max-width: 567px) 100vw, 567px\" \/><figcaption class=\"blocks-gallery-item__caption\">Restitution \u00e0 la fin de l&rsquo;atelier.<\/figcaption><\/figure><\/li><\/ul><\/figure>\n\n\n\n<figure class=\"wp-block-gallery columns-1 is-cropped wp-block-gallery-10 is-layout-flex wp-block-gallery-is-layout-flex\"><ul class=\"blocks-gallery-grid\"><li class=\"blocks-gallery-item\"><figure><img loading=\"lazy\" decoding=\"async\" width=\"567\" height=\"425\" src=\"https:\/\/blogs.esam-c2.fr\/design-graphique\/files\/2019\/11\/Bologne2019_7.jpg\" alt=\"\" data-id=\"3348\" class=\"wp-image-3348\" srcset=\"https:\/\/blogs.esam-c2.fr\/design-graphique\/files\/2019\/11\/Bologne2019_7.jpg 567w, https:\/\/blogs.esam-c2.fr\/design-graphique\/files\/2019\/11\/Bologne2019_7-300x225.jpg 300w\" sizes=\"auto, (max-width: 567px) 100vw, 567px\" \/><figcaption class=\"blocks-gallery-item__caption\">Restitution \u00e0 la fin de l&rsquo;atelier.<\/figcaption><\/figure><\/li><\/ul><\/figure>\n\n\n\n<figure class=\"wp-block-gallery columns-1 is-cropped wp-block-gallery-11 is-layout-flex wp-block-gallery-is-layout-flex\"><ul class=\"blocks-gallery-grid\"><li class=\"blocks-gallery-item\"><figure><img loading=\"lazy\" decoding=\"async\" width=\"567\" height=\"371\" src=\"https:\/\/blogs.esam-c2.fr\/design-graphique\/files\/2019\/11\/Bologne2019_2.jpg\" alt=\"\" data-id=\"3349\" class=\"wp-image-3349\" srcset=\"https:\/\/blogs.esam-c2.fr\/design-graphique\/files\/2019\/11\/Bologne2019_2.jpg 567w, https:\/\/blogs.esam-c2.fr\/design-graphique\/files\/2019\/11\/Bologne2019_2-300x196.jpg 300w\" sizes=\"auto, (max-width: 567px) 100vw, 567px\" \/><figcaption class=\"blocks-gallery-item__caption\">Restitution \u00e0 la fin de l&rsquo;atelier.<\/figcaption><\/figure><\/li><\/ul><\/figure>\n\n\n\n<figure class=\"wp-block-gallery columns-1 is-cropped wp-block-gallery-12 is-layout-flex wp-block-gallery-is-layout-flex\"><ul class=\"blocks-gallery-grid\"><li class=\"blocks-gallery-item\"><figure><img loading=\"lazy\" decoding=\"async\" width=\"567\" height=\"425\" src=\"https:\/\/blogs.esam-c2.fr\/design-graphique\/files\/2019\/11\/Bologne2019_1.jpg\" alt=\"\" data-id=\"3350\" class=\"wp-image-3350\" srcset=\"https:\/\/blogs.esam-c2.fr\/design-graphique\/files\/2019\/11\/Bologne2019_1.jpg 567w, https:\/\/blogs.esam-c2.fr\/design-graphique\/files\/2019\/11\/Bologne2019_1-300x225.jpg 300w\" sizes=\"auto, (max-width: 567px) 100vw, 567px\" \/><figcaption class=\"blocks-gallery-item__caption\">Restitution \u00e0 la fin de l&rsquo;atelier.<\/figcaption><\/figure><\/li><\/ul><\/figure>\n\n\n\n<figure class=\"wp-block-gallery columns-1 is-cropped wp-block-gallery-13 is-layout-flex wp-block-gallery-is-layout-flex\"><ul class=\"blocks-gallery-grid\"><li class=\"blocks-gallery-item\"><figure><img loading=\"lazy\" decoding=\"async\" width=\"567\" height=\"383\" src=\"https:\/\/blogs.esam-c2.fr\/design-graphique\/files\/2019\/11\/Bologne2019_3.jpg\" alt=\"\" data-id=\"3351\" class=\"wp-image-3351\" srcset=\"https:\/\/blogs.esam-c2.fr\/design-graphique\/files\/2019\/11\/Bologne2019_3.jpg 567w, https:\/\/blogs.esam-c2.fr\/design-graphique\/files\/2019\/11\/Bologne2019_3-300x203.jpg 300w\" sizes=\"auto, (max-width: 567px) 100vw, 567px\" \/><figcaption class=\"blocks-gallery-item__caption\">Restitution \u00e0 la fin de l&rsquo;atelier.<\/figcaption><\/figure><\/li><\/ul><\/figure>\n\n\n\n<figure class=\"wp-block-gallery columns-1 is-cropped wp-block-gallery-14 is-layout-flex wp-block-gallery-is-layout-flex\"><ul class=\"blocks-gallery-grid\"><li class=\"blocks-gallery-item\"><figure><img loading=\"lazy\" decoding=\"async\" width=\"567\" height=\"425\" src=\"https:\/\/blogs.esam-c2.fr\/design-graphique\/files\/2019\/11\/Bologne2019_4.jpg\" alt=\"\" data-id=\"3352\" class=\"wp-image-3352\" srcset=\"https:\/\/blogs.esam-c2.fr\/design-graphique\/files\/2019\/11\/Bologne2019_4.jpg 567w, https:\/\/blogs.esam-c2.fr\/design-graphique\/files\/2019\/11\/Bologne2019_4-300x225.jpg 300w\" sizes=\"auto, (max-width: 567px) 100vw, 567px\" \/><figcaption class=\"blocks-gallery-item__caption\">Restitution \u00e0 la fin de l&rsquo;atelier.<\/figcaption><\/figure><\/li><\/ul><\/figure>\n\n\n\n<figure class=\"wp-block-gallery columns-1 is-cropped wp-block-gallery-15 is-layout-flex wp-block-gallery-is-layout-flex\"><ul class=\"blocks-gallery-grid\"><li class=\"blocks-gallery-item\"><figure><img loading=\"lazy\" decoding=\"async\" width=\"567\" height=\"269\" src=\"https:\/\/blogs.esam-c2.fr\/design-graphique\/files\/2019\/11\/Bologne2019_6.jpg\" alt=\"\" data-id=\"3353\" class=\"wp-image-3353\" srcset=\"https:\/\/blogs.esam-c2.fr\/design-graphique\/files\/2019\/11\/Bologne2019_6.jpg 567w, https:\/\/blogs.esam-c2.fr\/design-graphique\/files\/2019\/11\/Bologne2019_6-300x142.jpg 300w\" sizes=\"auto, (max-width: 567px) 100vw, 567px\" \/><figcaption class=\"blocks-gallery-item__caption\">Restitution \u00e0 la fin de l&rsquo;atelier.<\/figcaption><\/figure><\/li><\/ul><\/figure>\n","protected":false},"excerpt":{"rendered":"<p>Les \u00e9tudiant.e.s de 3e ann\u00e9e Design Graphique et de 4e\/5e ann\u00e9es Design \u00c9ditions ont eu 5j pour r\u00e9aliser 5 images \u00e0 envoyer au concours du Salon international du livre jeunesse de Bologne, aussi bien en fiction qu&rsquo;en non fiction. Ce &hellip; <a href=\"https:\/\/blogs.esam-c2.fr\/design-graphique\/workshop-bologne-avec-helene-rajcak\/\">Continuer la lecture <span class=\"meta-nav\">&rarr;<\/span><\/a><\/p>\n","protected":false},"author":7,"featured_media":0,"comment_status":"closed","ping_status":"open","sticky":false,"template":"","format":"standard","meta":{"footnotes":""},"categories":[1],"tags":[],"class_list":["post-3337","post","type-post","status-publish","format-standard","hentry","category-non-classe"],"yoast_head":"<!-- This site is optimized with the Yoast SEO plugin v27.2 - https:\/\/yoast.com\/product\/yoast-seo-wordpress\/ -->\n<title>Workshop Bologne avec H\u00e9l\u00e8ne Rajcak - \/\/\/design graphique\/\u00e9sam-c2\/<\/title>\n<meta name=\"robots\" content=\"index, follow, max-snippet:-1, max-image-preview:large, max-video-preview:-1\" \/>\n<link rel=\"canonical\" href=\"https:\/\/blogs.esam-c2.fr\/design-graphique\/workshop-bologne-avec-helene-rajcak\/\" \/>\n<meta property=\"og:locale\" content=\"fr_FR\" \/>\n<meta property=\"og:type\" content=\"article\" \/>\n<meta property=\"og:title\" content=\"Workshop Bologne avec H\u00e9l\u00e8ne Rajcak - \/\/\/design graphique\/\u00e9sam-c2\/\" \/>\n<meta property=\"og:description\" content=\"Les \u00e9tudiant.e.s de 3e ann\u00e9e Design Graphique et de 4e\/5e ann\u00e9es Design \u00c9ditions ont eu 5j pour r\u00e9aliser 5 images \u00e0 envoyer au concours du Salon international du livre jeunesse de Bologne, aussi bien en fiction qu&rsquo;en non fiction. Ce &hellip; Continuer la lecture &rarr;\" \/>\n<meta property=\"og:url\" content=\"https:\/\/blogs.esam-c2.fr\/design-graphique\/workshop-bologne-avec-helene-rajcak\/\" \/>\n<meta property=\"og:site_name\" content=\"\/\/\/design graphique\/\u00e9sam-c2\/\" \/>\n<meta property=\"article:published_time\" content=\"2019-10-25T10:46:35+00:00\" \/>\n<meta property=\"article:modified_time\" content=\"2021-03-16T14:55:32+00:00\" \/>\n<meta property=\"og:image\" content=\"https:\/\/blogs.esam-c2.fr\/design-graphique\/files\/2019\/11\/Bologne2019_14.jpg\" \/>\n<meta name=\"author\" content=\"Sarah Fouquet\" \/>\n<meta name=\"twitter:card\" content=\"summary_large_image\" \/>\n<meta name=\"twitter:label1\" content=\"\u00c9crit par\" \/>\n\t<meta name=\"twitter:data1\" content=\"Sarah Fouquet\" \/>\n\t<meta name=\"twitter:label2\" content=\"Dur\u00e9e de lecture estim\u00e9e\" \/>\n\t<meta name=\"twitter:data2\" content=\"4 minutes\" \/>\n<script type=\"application\/ld+json\" class=\"yoast-schema-graph\">{\"@context\":\"https:\/\/schema.org\",\"@graph\":[{\"@type\":\"Article\",\"@id\":\"https:\/\/blogs.esam-c2.fr\/design-graphique\/workshop-bologne-avec-helene-rajcak\/#article\",\"isPartOf\":{\"@id\":\"https:\/\/blogs.esam-c2.fr\/design-graphique\/workshop-bologne-avec-helene-rajcak\/\"},\"author\":{\"name\":\"Sarah Fouquet\",\"@id\":\"https:\/\/blogs.esam-c2.fr\/design-graphique\/#\/schema\/person\/6efbec67260ce9db24bba1e54d41e7c6\"},\"headline\":\"Workshop Bologne avec H\u00e9l\u00e8ne Rajcak\",\"datePublished\":\"2019-10-25T10:46:35+00:00\",\"dateModified\":\"2021-03-16T14:55:32+00:00\",\"mainEntityOfPage\":{\"@id\":\"https:\/\/blogs.esam-c2.fr\/design-graphique\/workshop-bologne-avec-helene-rajcak\/\"},\"wordCount\":247,\"image\":{\"@id\":\"https:\/\/blogs.esam-c2.fr\/design-graphique\/workshop-bologne-avec-helene-rajcak\/#primaryimage\"},\"thumbnailUrl\":\"https:\/\/blogs.esam-c2.fr\/design-graphique\/files\/2019\/11\/Bologne2019_14.jpg\",\"inLanguage\":\"fr-FR\"},{\"@type\":\"WebPage\",\"@id\":\"https:\/\/blogs.esam-c2.fr\/design-graphique\/workshop-bologne-avec-helene-rajcak\/\",\"url\":\"https:\/\/blogs.esam-c2.fr\/design-graphique\/workshop-bologne-avec-helene-rajcak\/\",\"name\":\"Workshop Bologne avec H\u00e9l\u00e8ne Rajcak - \/\/\/design graphique\/\u00e9sam-c2\/\",\"isPartOf\":{\"@id\":\"https:\/\/blogs.esam-c2.fr\/design-graphique\/#website\"},\"primaryImageOfPage\":{\"@id\":\"https:\/\/blogs.esam-c2.fr\/design-graphique\/workshop-bologne-avec-helene-rajcak\/#primaryimage\"},\"image\":{\"@id\":\"https:\/\/blogs.esam-c2.fr\/design-graphique\/workshop-bologne-avec-helene-rajcak\/#primaryimage\"},\"thumbnailUrl\":\"https:\/\/blogs.esam-c2.fr\/design-graphique\/files\/2019\/11\/Bologne2019_14.jpg\",\"datePublished\":\"2019-10-25T10:46:35+00:00\",\"dateModified\":\"2021-03-16T14:55:32+00:00\",\"author\":{\"@id\":\"https:\/\/blogs.esam-c2.fr\/design-graphique\/#\/schema\/person\/6efbec67260ce9db24bba1e54d41e7c6\"},\"breadcrumb\":{\"@id\":\"https:\/\/blogs.esam-c2.fr\/design-graphique\/workshop-bologne-avec-helene-rajcak\/#breadcrumb\"},\"inLanguage\":\"fr-FR\",\"potentialAction\":[{\"@type\":\"ReadAction\",\"target\":[\"https:\/\/blogs.esam-c2.fr\/design-graphique\/workshop-bologne-avec-helene-rajcak\/\"]}]},{\"@type\":\"ImageObject\",\"inLanguage\":\"fr-FR\",\"@id\":\"https:\/\/blogs.esam-c2.fr\/design-graphique\/workshop-bologne-avec-helene-rajcak\/#primaryimage\",\"url\":\"https:\/\/blogs.esam-c2.fr\/design-graphique\/files\/2019\/11\/Bologne2019_14.jpg\",\"contentUrl\":\"https:\/\/blogs.esam-c2.fr\/design-graphique\/files\/2019\/11\/Bologne2019_14.jpg\",\"width\":567,\"height\":425},{\"@type\":\"BreadcrumbList\",\"@id\":\"https:\/\/blogs.esam-c2.fr\/design-graphique\/workshop-bologne-avec-helene-rajcak\/#breadcrumb\",\"itemListElement\":[{\"@type\":\"ListItem\",\"position\":1,\"name\":\"Accueil\",\"item\":\"https:\/\/blogs.esam-c2.fr\/design-graphique\/\"},{\"@type\":\"ListItem\",\"position\":2,\"name\":\"Workshop Bologne avec H\u00e9l\u00e8ne Rajcak\"}]},{\"@type\":\"WebSite\",\"@id\":\"https:\/\/blogs.esam-c2.fr\/design-graphique\/#website\",\"url\":\"https:\/\/blogs.esam-c2.fr\/design-graphique\/\",\"name\":\"\/\/\/design graphique\/\u00e9sam-c2\/\",\"description\":\"site d&#039;archives et d&#039;informations \/ cours de graphisme \/ Caen\",\"potentialAction\":[{\"@type\":\"SearchAction\",\"target\":{\"@type\":\"EntryPoint\",\"urlTemplate\":\"https:\/\/blogs.esam-c2.fr\/design-graphique\/?s={search_term_string}\"},\"query-input\":{\"@type\":\"PropertyValueSpecification\",\"valueRequired\":true,\"valueName\":\"search_term_string\"}}],\"inLanguage\":\"fr-FR\"},{\"@type\":\"Person\",\"@id\":\"https:\/\/blogs.esam-c2.fr\/design-graphique\/#\/schema\/person\/6efbec67260ce9db24bba1e54d41e7c6\",\"name\":\"Sarah Fouquet\",\"image\":{\"@type\":\"ImageObject\",\"inLanguage\":\"fr-FR\",\"@id\":\"https:\/\/secure.gravatar.com\/avatar\/626f51a6ce51986c9e9cb4180fd263979c686cef2e0eff37e4a86a5095755363?s=96&d=mm&r=g\",\"url\":\"https:\/\/secure.gravatar.com\/avatar\/626f51a6ce51986c9e9cb4180fd263979c686cef2e0eff37e4a86a5095755363?s=96&d=mm&r=g\",\"contentUrl\":\"https:\/\/secure.gravatar.com\/avatar\/626f51a6ce51986c9e9cb4180fd263979c686cef2e0eff37e4a86a5095755363?s=96&d=mm&r=g\",\"caption\":\"Sarah Fouquet\"},\"description\":\"Dessinatrice, graphiste, auto-\u00e9ditrice, enseigne l'image dans le d\u00e9partement design graphique de l'\u00e9cole sup\u00e9rieure d\u2019arts et m\u00e9dias de Caen\",\"url\":\"https:\/\/blogs.esam-c2.fr\/design-graphique\/author\/design-graphique\/\"}]}<\/script>\n<!-- \/ Yoast SEO plugin. -->","yoast_head_json":{"title":"Workshop Bologne avec H\u00e9l\u00e8ne Rajcak - \/\/\/design graphique\/\u00e9sam-c2\/","robots":{"index":"index","follow":"follow","max-snippet":"max-snippet:-1","max-image-preview":"max-image-preview:large","max-video-preview":"max-video-preview:-1"},"canonical":"https:\/\/blogs.esam-c2.fr\/design-graphique\/workshop-bologne-avec-helene-rajcak\/","og_locale":"fr_FR","og_type":"article","og_title":"Workshop Bologne avec H\u00e9l\u00e8ne Rajcak - \/\/\/design graphique\/\u00e9sam-c2\/","og_description":"Les \u00e9tudiant.e.s de 3e ann\u00e9e Design Graphique et de 4e\/5e ann\u00e9es Design \u00c9ditions ont eu 5j pour r\u00e9aliser 5 images \u00e0 envoyer au concours du Salon international du livre jeunesse de Bologne, aussi bien en fiction qu&rsquo;en non fiction. Ce &hellip; Continuer la lecture &rarr;","og_url":"https:\/\/blogs.esam-c2.fr\/design-graphique\/workshop-bologne-avec-helene-rajcak\/","og_site_name":"\/\/\/design graphique\/\u00e9sam-c2\/","article_published_time":"2019-10-25T10:46:35+00:00","article_modified_time":"2021-03-16T14:55:32+00:00","og_image":[{"url":"https:\/\/blogs.esam-c2.fr\/design-graphique\/files\/2019\/11\/Bologne2019_14.jpg","type":"","width":"","height":""}],"author":"Sarah Fouquet","twitter_card":"summary_large_image","twitter_misc":{"\u00c9crit par":"Sarah Fouquet","Dur\u00e9e de lecture estim\u00e9e":"4 minutes"},"schema":{"@context":"https:\/\/schema.org","@graph":[{"@type":"Article","@id":"https:\/\/blogs.esam-c2.fr\/design-graphique\/workshop-bologne-avec-helene-rajcak\/#article","isPartOf":{"@id":"https:\/\/blogs.esam-c2.fr\/design-graphique\/workshop-bologne-avec-helene-rajcak\/"},"author":{"name":"Sarah Fouquet","@id":"https:\/\/blogs.esam-c2.fr\/design-graphique\/#\/schema\/person\/6efbec67260ce9db24bba1e54d41e7c6"},"headline":"Workshop Bologne avec H\u00e9l\u00e8ne Rajcak","datePublished":"2019-10-25T10:46:35+00:00","dateModified":"2021-03-16T14:55:32+00:00","mainEntityOfPage":{"@id":"https:\/\/blogs.esam-c2.fr\/design-graphique\/workshop-bologne-avec-helene-rajcak\/"},"wordCount":247,"image":{"@id":"https:\/\/blogs.esam-c2.fr\/design-graphique\/workshop-bologne-avec-helene-rajcak\/#primaryimage"},"thumbnailUrl":"https:\/\/blogs.esam-c2.fr\/design-graphique\/files\/2019\/11\/Bologne2019_14.jpg","inLanguage":"fr-FR"},{"@type":"WebPage","@id":"https:\/\/blogs.esam-c2.fr\/design-graphique\/workshop-bologne-avec-helene-rajcak\/","url":"https:\/\/blogs.esam-c2.fr\/design-graphique\/workshop-bologne-avec-helene-rajcak\/","name":"Workshop Bologne avec H\u00e9l\u00e8ne Rajcak - \/\/\/design graphique\/\u00e9sam-c2\/","isPartOf":{"@id":"https:\/\/blogs.esam-c2.fr\/design-graphique\/#website"},"primaryImageOfPage":{"@id":"https:\/\/blogs.esam-c2.fr\/design-graphique\/workshop-bologne-avec-helene-rajcak\/#primaryimage"},"image":{"@id":"https:\/\/blogs.esam-c2.fr\/design-graphique\/workshop-bologne-avec-helene-rajcak\/#primaryimage"},"thumbnailUrl":"https:\/\/blogs.esam-c2.fr\/design-graphique\/files\/2019\/11\/Bologne2019_14.jpg","datePublished":"2019-10-25T10:46:35+00:00","dateModified":"2021-03-16T14:55:32+00:00","author":{"@id":"https:\/\/blogs.esam-c2.fr\/design-graphique\/#\/schema\/person\/6efbec67260ce9db24bba1e54d41e7c6"},"breadcrumb":{"@id":"https:\/\/blogs.esam-c2.fr\/design-graphique\/workshop-bologne-avec-helene-rajcak\/#breadcrumb"},"inLanguage":"fr-FR","potentialAction":[{"@type":"ReadAction","target":["https:\/\/blogs.esam-c2.fr\/design-graphique\/workshop-bologne-avec-helene-rajcak\/"]}]},{"@type":"ImageObject","inLanguage":"fr-FR","@id":"https:\/\/blogs.esam-c2.fr\/design-graphique\/workshop-bologne-avec-helene-rajcak\/#primaryimage","url":"https:\/\/blogs.esam-c2.fr\/design-graphique\/files\/2019\/11\/Bologne2019_14.jpg","contentUrl":"https:\/\/blogs.esam-c2.fr\/design-graphique\/files\/2019\/11\/Bologne2019_14.jpg","width":567,"height":425},{"@type":"BreadcrumbList","@id":"https:\/\/blogs.esam-c2.fr\/design-graphique\/workshop-bologne-avec-helene-rajcak\/#breadcrumb","itemListElement":[{"@type":"ListItem","position":1,"name":"Accueil","item":"https:\/\/blogs.esam-c2.fr\/design-graphique\/"},{"@type":"ListItem","position":2,"name":"Workshop Bologne avec H\u00e9l\u00e8ne Rajcak"}]},{"@type":"WebSite","@id":"https:\/\/blogs.esam-c2.fr\/design-graphique\/#website","url":"https:\/\/blogs.esam-c2.fr\/design-graphique\/","name":"\/\/\/design graphique\/\u00e9sam-c2\/","description":"site d&#039;archives et d&#039;informations \/ cours de graphisme \/ Caen","potentialAction":[{"@type":"SearchAction","target":{"@type":"EntryPoint","urlTemplate":"https:\/\/blogs.esam-c2.fr\/design-graphique\/?s={search_term_string}"},"query-input":{"@type":"PropertyValueSpecification","valueRequired":true,"valueName":"search_term_string"}}],"inLanguage":"fr-FR"},{"@type":"Person","@id":"https:\/\/blogs.esam-c2.fr\/design-graphique\/#\/schema\/person\/6efbec67260ce9db24bba1e54d41e7c6","name":"Sarah Fouquet","image":{"@type":"ImageObject","inLanguage":"fr-FR","@id":"https:\/\/secure.gravatar.com\/avatar\/626f51a6ce51986c9e9cb4180fd263979c686cef2e0eff37e4a86a5095755363?s=96&d=mm&r=g","url":"https:\/\/secure.gravatar.com\/avatar\/626f51a6ce51986c9e9cb4180fd263979c686cef2e0eff37e4a86a5095755363?s=96&d=mm&r=g","contentUrl":"https:\/\/secure.gravatar.com\/avatar\/626f51a6ce51986c9e9cb4180fd263979c686cef2e0eff37e4a86a5095755363?s=96&d=mm&r=g","caption":"Sarah Fouquet"},"description":"Dessinatrice, graphiste, auto-\u00e9ditrice, enseigne l'image dans le d\u00e9partement design graphique de l'\u00e9cole sup\u00e9rieure d\u2019arts et m\u00e9dias de Caen","url":"https:\/\/blogs.esam-c2.fr\/design-graphique\/author\/design-graphique\/"}]}},"_links":{"self":[{"href":"https:\/\/blogs.esam-c2.fr\/design-graphique\/wp-json\/wp\/v2\/posts\/3337","targetHints":{"allow":["GET"]}}],"collection":[{"href":"https:\/\/blogs.esam-c2.fr\/design-graphique\/wp-json\/wp\/v2\/posts"}],"about":[{"href":"https:\/\/blogs.esam-c2.fr\/design-graphique\/wp-json\/wp\/v2\/types\/post"}],"author":[{"embeddable":true,"href":"https:\/\/blogs.esam-c2.fr\/design-graphique\/wp-json\/wp\/v2\/users\/7"}],"replies":[{"embeddable":true,"href":"https:\/\/blogs.esam-c2.fr\/design-graphique\/wp-json\/wp\/v2\/comments?post=3337"}],"version-history":[{"count":4,"href":"https:\/\/blogs.esam-c2.fr\/design-graphique\/wp-json\/wp\/v2\/posts\/3337\/revisions"}],"predecessor-version":[{"id":3529,"href":"https:\/\/blogs.esam-c2.fr\/design-graphique\/wp-json\/wp\/v2\/posts\/3337\/revisions\/3529"}],"wp:attachment":[{"href":"https:\/\/blogs.esam-c2.fr\/design-graphique\/wp-json\/wp\/v2\/media?parent=3337"}],"wp:term":[{"taxonomy":"category","embeddable":true,"href":"https:\/\/blogs.esam-c2.fr\/design-graphique\/wp-json\/wp\/v2\/categories?post=3337"},{"taxonomy":"post_tag","embeddable":true,"href":"https:\/\/blogs.esam-c2.fr\/design-graphique\/wp-json\/wp\/v2\/tags?post=3337"}],"curies":[{"name":"wp","href":"https:\/\/api.w.org\/{rel}","templated":true}]}}