{"id":3430,"date":"2021-01-13T16:16:04","date_gmt":"2021-01-13T16:16:04","guid":{"rendered":"https:\/\/blogs.esam-c2.fr\/design-graphique\/?p=3430"},"modified":"2021-01-13T17:02:35","modified_gmt":"2021-01-13T17:02:35","slug":"programme-dessin-dg2-2e-semestre-20-21","status":"publish","type":"post","link":"https:\/\/blogs.esam-c2.fr\/design-graphique\/programme-dessin-dg2-2e-semestre-20-21\/","title":{"rendered":"Programme dessin DG2 2e semestre 20\/21"},"content":{"rendered":"\n<p><strong><span class=\"has-inline-color has-vivid-green-cyan-color\">1\/3 lundi 15 f\u00e9vrier G1\u00a0<\/span><\/strong><\/p>\n\n\n\n<p><span class=\"has-inline-color has-vivid-green-cyan-color\"><strong>&#8211; Matin\u00a0: Dessin mod\u00e8le vivant<\/strong><br>S\u00e9quence 1\u00a0: \u00c9chauffement 45 min poses de 5 min \/ un outil diff\u00e9rent par pose<br>S\u00e9quence 2\u00a0: 3 poses de 15 min<br>S\u00e9quence 3\u00a0: 2 poses de 20 min<br>S\u00e9quence 4\u00a0: 1 pose de 45 min<br>Prise de note dessin\u00e9e de plus en plus compl\u00e8te et d\u00e9taill\u00e9e pour collecter de la mati\u00e8re \u00e0 partir de laquelle travailler la peinture dans un second temps. Ces premi\u00e8res recherches d&rsquo;apr\u00e8s mod\u00e8les permettront de d\u00e9marrer la couleur par des outils simples.<\/span><\/p>\n\n\n\n<p><span class=\"has-inline-color has-vivid-green-cyan-color\">mat\u00e9riel requis = carnets de dessin, grandes feuilles de grammages diff\u00e9rents, encres de couleurs, crayons de couleur, pastels secs ou gars de couleur, aquarelles, papiers de couleurs \u00e0 d\u00e9couper&#8230;<br><br><strong>&#8211; Apr\u00e8s-midi\u00a0:<\/strong> Peinture\/couleur<br>\u00c0 partir des prises de note d&rsquo;apr\u00e8s mod\u00e8le vivant le matin, il s&rsquo;agira de r\u00e9aliser une composition personnelle en peinture, \u00e0 l&rsquo;aide de son nuancier. Le nuancier permettra d&rsquo;explorer les rapports color\u00e9s et les principes de composition il doit permettre de mettre de complexifier, au-del\u00e0 du simple coloriage ou harmonie \u00e9l\u00e9mentaire, l&rsquo;usage de la couleur dans l&rsquo;image, de composer par la couleur.<br><\/span><\/p>\n\n\n\n<p><span class=\"has-inline-color has-vivid-green-cyan-color\">Enjeux\u00a0: composition, choix de format non standard, cadrages, contrastes, vibrations&#8230;<br><br>mat\u00e9riel requis = nuancier, gouaches, pinceaux, brosses, papier \u00e9pais, scotch de masquage&#8230;<\/span><\/p>\n\n\n\n<p><em><span class=\"has-inline-color has-vivid-green-cyan-color\">&gt; poursuivre le dessin dans ses carnets + finir la composition pour la s\u00e9ance suivante<\/span><\/em><\/p>\n\n\n\n<p>\u2014<\/p>\n\n\n\n<p><strong>1\/3 mardi 16 f\u00e9vrier G2<\/strong><\/p>\n\n\n\n<p><strong>&#8211; Matin\u00a0: Dessin mod\u00e8le vivant<br><\/strong>S\u00e9quence 1\u00a0: \u00c9chauffement 45 min poses de 5 min \/ un outil diff\u00e9rent par pose<br>S\u00e9quence 2\u00a0: 3 poses de 15 min<br>S\u00e9quence 3\u00a0: 2 poses de 20 min<br>S\u00e9quence 4\u00a0: 1 pose de 45 min<br>Prise de note dessin\u00e9e de plus en plus compl\u00e8te et d\u00e9taill\u00e9e pour collecter de la mati\u00e8re \u00e0 partir de laquelle travailler la peinture dans un second temps. Ces premi\u00e8res recherches d&rsquo;apr\u00e8s mod\u00e8les permettront de d\u00e9marrer la couleur par des outils simples.<\/p>\n\n\n\n<p>mat\u00e9riel requis = carnets de dessin, grandes feuilles de grammages diff\u00e9rents, encres de couleurs, crayons de couleur, pastels secs ou gars de couleur, aquarelles, papiers de couleurs \u00e0 d\u00e9couper&#8230;<br><br>&#8211; Apr\u00e8s-midi&nbsp;: Peinture\/couleur<br>\u00c0 partir des prises de note d&rsquo;apr\u00e8s mod\u00e8le vivant le matin, il s&rsquo;agira de r\u00e9aliser une composition personnelle en peinture, \u00e0 l&rsquo;aide de son nuancier. Le nuancier permettra d&rsquo;explorer les rapports color\u00e9s et les principes de composition il doit permettre de mettre de complexifier, au-del\u00e0 du simple coloriage ou harmonie \u00e9l\u00e9mentaire, l&rsquo;usage de la couleur dans l&rsquo;image, de composer par la couleur.<br><\/p>\n\n\n\n<p>Enjeux&nbsp;: composition, choix de format non standard, cadrages, contrastes, vibrations&#8230;<br><br>mat\u00e9riel requis = nuancier, gouaches, pinceaux, brosses, papier \u00e9pais, scotch de masquage&#8230;<\/p>\n\n\n\n<p><em>&gt; poursuivre le dessin dans ses carnets + finir la composition pour la s\u00e9ance suivante<\/em><\/p>\n\n\n\n<p><strong><span class=\"has-inline-color has-vivid-green-cyan-color\">2\/3 mercredi 3 mars G1\u00a0<\/span><\/strong><\/p>\n\n\n\n<p><span class=\"has-inline-color has-vivid-green-cyan-color\"><strong>&#8211; Matin\u00a0: Dessin mod\u00e8le vivant<br><\/strong>S\u00e9quence 1\u00a0: \u00c9chauffement 45 min poses de 5 min \/ un outil diff\u00e9rent par pose<br>S\u00e9quence 2\u00a0: 4 poses de 10 min (2 cadrages par pause)<br>S\u00e9quence 3\u00a0: 3 poses de 15 min (3 cadrages par pause)<br>S\u00e9quence 4\u00a0: 1 pose de 45 min (10 cadrages)<br>R\u00e9aliser 3 fen\u00eatres dans des feuilles de papier un peu rigides, faciles \u00e0 tenir pour travailler le cadrage et l&rsquo;\u00e9quilibre des masses (par exemple une fen\u00eatre 8 x 8 cm, 6 x 12 cm et 10 x 7 cm&#8230;) et varier les proportions des images.<br>Cette s\u00e9ance insistera sur les principes de composition pour aller vers de l&rsquo;abstraction formelle.\u00a0<br>Traduction des cadrages uniquement avec des masses en noir et blanc pour une transcrtiption plus libre en couleur.<\/span><\/p>\n\n\n\n<p><span class=\"has-inline-color has-vivid-green-cyan-color\">mat\u00e9riel requis = fen\u00eatres en papier, carnets de dessin, grandes feuilles de grammages diff\u00e9rents, encre de chine, gros pinceau, markers, papier noir, gouaches, acrylique, fusain&#8230;<br><br><strong>&#8211; Apr\u00e8s-midi\u00a0: Peinture\/couleur<br><\/strong>D&rsquo;apr\u00e8s les cadrages de la matin\u00e9e, identifier une s\u00e9rie de trois vignettes pour construire un triptyque en couleur qui d\u00e9cline et varie une gamme de couleur. L&rsquo;abstraction du corps ici permet de construire des compositions plus simples qui valorisent l&rsquo;usage d&rsquo;une m\u00eame gamme de couleur.<br><\/span><\/p>\n\n\n\n<p><span class=\"has-inline-color has-vivid-green-cyan-color\">Enjeux\u00a0: composition, harmonisation du format, cadrages, rythmes, s\u00e9rie&#8230;<br><br>mat\u00e9riel requis = nuancier, gouaches, pinceaux, brosses, papier \u00e9pais, scotch de masquage&#8230;<\/span><\/p>\n\n\n\n<p><em><span class=\"has-inline-color has-vivid-green-cyan-color\">&gt; poursuivre le dessin dans ses carnets + finir la composition pour la s\u00e9ance suivante<\/span><\/em><\/p>\n\n\n\n<p><strong>2\/3 mercredi 10 mars G2<\/strong><\/p>\n\n\n\n<p><strong>&#8211; Matin\u00a0: Dessin mod\u00e8le vivant<br><\/strong>S\u00e9quence 1\u00a0: \u00c9chauffement 45 min poses de 5 min \/ un outil diff\u00e9rent par pose<br>S\u00e9quence 2\u00a0: 4 poses de 10 min (2 cadrages par pause)<br>S\u00e9quence 3\u00a0: 3 poses de 15 min (3 cadrages par pause)<br>S\u00e9quence 4\u00a0: 1 pose de 45 min (10 cadrages)<br>R\u00e9aliser 3 fen\u00eatres dans des feuilles de papier un peu rigides, faciles \u00e0 tenir pour travailler le cadrage et l&rsquo;\u00e9quilibre des masses (par exemple une fen\u00eatre 8 x 8 cm, 6 x 12 cm et 10 x 7 cm&#8230;) et varier les proportions des images.<br>Cette s\u00e9ance insistera sur les principes de composition pour aller vers de l&rsquo;abstraction formelle.\u00a0<br>Traduction des cadrages uniquement avec des masses en noir et blanc pour une transcrtiption plus libre en couleur.<\/p>\n\n\n\n<p>mat\u00e9riel requis = fen\u00eatres en papier, carnets de dessin, grandes feuilles de grammages diff\u00e9rents, encre de chine, gros pinceau, markers, papier noir, gouaches, acrylique, fusain&#8230;<br><br><strong>&#8211; Apr\u00e8s-midi\u00a0: Peinture\/couleur<br><\/strong>D&rsquo;apr\u00e8s les cadrages de la matin\u00e9e, identifier une s\u00e9rie de trois vignettes pour construire un triptyque en couleur qui d\u00e9cline et varie une gamme de couleur. L&rsquo;abstraction du corps ici permet de construire des compositions plus simples qui valorisent l&rsquo;usage d&rsquo;une m\u00eame gamme de couleur.<\/p>\n\n\n\n<p>Enjeux&nbsp;: composition, harmonisation du format, cadrages, rythmes, s\u00e9rie&#8230;<br><br>mat\u00e9riel requis = nuancier, gouaches, pinceaux, brosses, papier \u00e9pais, scotch de masquage&#8230;<\/p>\n\n\n\n<p><em>&gt; poursuivre le dessin dans ses carnets + finir la composition pour la s\u00e9ance suivante<\/em><\/p>\n\n\n\n<p>\u2014<\/p>\n\n\n\n<p><span class=\"has-inline-color has-vivid-green-cyan-color\"><strong><br>3\/3 jeudi 17 mars G1\u00a0<\/strong><br><br>&#8211; Matin\u00a0: Dessin mod\u00e8le vivant<br>S\u00e9quence 1\u00a0: \u00c9chauffement 45 min poses de 5 min \/ un outil diff\u00e9rent par pose<br>S\u00e9quence 2\u00a0: 1 pose longue de 2h15 (45 min)<br>S\u00e9quence 3\u00a0: suite (45 min)<br>S\u00e9quence 4\u00a0: fin (45 min)<br><br>Sur une m\u00eame pause longue, travailler directement \u00e0 la peinture une esquisse color\u00e9e grand format en cherchant les rapports de couleur les plus complexes.<br><\/span><\/p>\n\n\n\n<p><span class=\"has-inline-color has-vivid-green-cyan-color\">mat\u00e9riel requis = nuancier, carnets de dessin, grandes feuilles gramm\u00e9e (\u00b1250 g\/m2), pinceaux, gouaches, scotch de masquage&#8230;<br><br><strong>&#8211; Apr\u00e8s-midi\u00a0: Peinture\/couleur<br><\/strong>Travail personnel d&rsquo;apr\u00e8s la composition du matin, en choisissant un principe de reprise\u00a0: simplification des formes\/abstraction, recadrage\/s\u00e9quen\u00e7age, zoom, agrandissement\/miniaturisation&#8230;<br><\/span><\/p>\n\n\n\n<p><span class=\"has-inline-color has-vivid-green-cyan-color\">Enjeux\u00a0: composition, format, proportions, &#8230;<br><br>mat\u00e9riel requis = gouaches, pinceaux, brosses, papier \u00e9pais, scotch de masquage&#8230;<\/span><\/p>\n\n\n\n<p><em><span class=\"has-inline-color has-vivid-green-cyan-color\">&gt; \u00e9valuations du semestre\u00a0: rapporter carnet de dessin, planches et peintures des 2 pr\u00e9c\u00e9dentes s\u00e9ances.<\/span><\/em><\/p>\n\n\n\n<p><br>\u2014<\/p>\n\n\n\n<p><strong><br>3\/3 jeudi 25 mars\u00a0G2<br><br>&#8211; Matin\u00a0: Dessin mod\u00e8le vivant<br><\/strong>S\u00e9quence 1\u00a0: \u00c9chauffement 45 min poses de 5 min \/ un outil diff\u00e9rent par pose<br>S\u00e9quence 2\u00a0: 1 pose longue de 2h15 (45 min)<br>S\u00e9quence 3\u00a0: suite (45 min)<br>S\u00e9quence 4\u00a0: fin (45 min)<br><br>Sur une m\u00eame pause longue, travailler directement \u00e0 la peinture une esquisse color\u00e9e grand format en cherchant les rapports de couleur les plus complexes.<br><\/p>\n\n\n\n<p>mat\u00e9riel requis = nuancier, carnets de dessin, grandes feuilles gramm\u00e9e (\u00b1250 g\/m2), pinceaux, gouaches, scotch de masquage&#8230;<br><br><strong>&#8211; Apr\u00e8s-midi\u00a0: Peinture\/couleur<br><\/strong>Travail personnel d&rsquo;apr\u00e8s la composition du matin, en choisissant un principe de reprise\u00a0: simplification des formes\/abstraction, recadrage\/s\u00e9quen\u00e7age, zoom, agrandissement\/miniaturisation&#8230;<br><\/p>\n\n\n\n<p>Enjeux&nbsp;: composition, format, proportions, &#8230;<br><br>mat\u00e9riel requis = gouaches, pinceaux, brosses, papier \u00e9pais, scotch de masquage&#8230;<\/p>\n\n\n\n<p><em>&gt; \u00e9valuations du semestre&nbsp;: rapporter carnet de dessin, planches et peintures des 2 pr\u00e9c\u00e9dentes s\u00e9ances.<\/em><\/p>\n","protected":false},"excerpt":{"rendered":"<p>1\/3 lundi 15 f\u00e9vrier G1\u00a0 &#8211; Matin\u00a0: Dessin mod\u00e8le vivantS\u00e9quence 1\u00a0: \u00c9chauffement 45 min poses de 5 min \/ un outil diff\u00e9rent par poseS\u00e9quence 2\u00a0: 3 poses de 15 minS\u00e9quence 3\u00a0: 2 poses de 20 minS\u00e9quence 4\u00a0: 1 pose de &hellip; <a href=\"https:\/\/blogs.esam-c2.fr\/design-graphique\/programme-dessin-dg2-2e-semestre-20-21\/\">Continuer la lecture <span class=\"meta-nav\">&rarr;<\/span><\/a><\/p>\n","protected":false},"author":7,"featured_media":0,"comment_status":"closed","ping_status":"open","sticky":false,"template":"","format":"standard","meta":{"footnotes":""},"categories":[1],"tags":[],"class_list":["post-3430","post","type-post","status-publish","format-standard","hentry","category-non-classe"],"yoast_head":"<!-- This site is optimized with the Yoast SEO plugin v27.2 - https:\/\/yoast.com\/product\/yoast-seo-wordpress\/ -->\n<title>Programme dessin DG2 2e semestre 20\/21 - \/\/\/design graphique\/\u00e9sam-c2\/<\/title>\n<meta name=\"robots\" content=\"index, follow, max-snippet:-1, max-image-preview:large, max-video-preview:-1\" \/>\n<link rel=\"canonical\" href=\"https:\/\/blogs.esam-c2.fr\/design-graphique\/programme-dessin-dg2-2e-semestre-20-21\/\" \/>\n<meta property=\"og:locale\" content=\"fr_FR\" \/>\n<meta property=\"og:type\" content=\"article\" \/>\n<meta property=\"og:title\" content=\"Programme dessin DG2 2e semestre 20\/21 - \/\/\/design graphique\/\u00e9sam-c2\/\" \/>\n<meta property=\"og:description\" content=\"1\/3 lundi 15 f\u00e9vrier G1\u00a0 &#8211; Matin\u00a0: Dessin mod\u00e8le vivantS\u00e9quence 1\u00a0: \u00c9chauffement 45 min poses de 5 min \/ un outil diff\u00e9rent par poseS\u00e9quence 2\u00a0: 3 poses de 15 minS\u00e9quence 3\u00a0: 2 poses de 20 minS\u00e9quence 4\u00a0: 1 pose de &hellip; Continuer la lecture &rarr;\" \/>\n<meta property=\"og:url\" content=\"https:\/\/blogs.esam-c2.fr\/design-graphique\/programme-dessin-dg2-2e-semestre-20-21\/\" \/>\n<meta property=\"og:site_name\" content=\"\/\/\/design graphique\/\u00e9sam-c2\/\" \/>\n<meta property=\"article:published_time\" content=\"2021-01-13T16:16:04+00:00\" \/>\n<meta property=\"article:modified_time\" content=\"2021-01-13T17:02:35+00:00\" \/>\n<meta name=\"author\" content=\"Sarah Fouquet\" \/>\n<meta name=\"twitter:card\" content=\"summary_large_image\" \/>\n<meta name=\"twitter:label1\" content=\"\u00c9crit par\" \/>\n\t<meta name=\"twitter:data1\" content=\"Sarah Fouquet\" \/>\n\t<meta name=\"twitter:label2\" content=\"Dur\u00e9e de lecture estim\u00e9e\" \/>\n\t<meta name=\"twitter:data2\" content=\"6 minutes\" \/>\n<script type=\"application\/ld+json\" class=\"yoast-schema-graph\">{\"@context\":\"https:\/\/schema.org\",\"@graph\":[{\"@type\":\"Article\",\"@id\":\"https:\/\/blogs.esam-c2.fr\/design-graphique\/programme-dessin-dg2-2e-semestre-20-21\/#article\",\"isPartOf\":{\"@id\":\"https:\/\/blogs.esam-c2.fr\/design-graphique\/programme-dessin-dg2-2e-semestre-20-21\/\"},\"author\":{\"name\":\"Sarah Fouquet\",\"@id\":\"https:\/\/blogs.esam-c2.fr\/design-graphique\/#\/schema\/person\/6efbec67260ce9db24bba1e54d41e7c6\"},\"headline\":\"Programme dessin DG2 2e semestre 20\/21\",\"datePublished\":\"2021-01-13T16:16:04+00:00\",\"dateModified\":\"2021-01-13T17:02:35+00:00\",\"mainEntityOfPage\":{\"@id\":\"https:\/\/blogs.esam-c2.fr\/design-graphique\/programme-dessin-dg2-2e-semestre-20-21\/\"},\"wordCount\":1227,\"inLanguage\":\"fr-FR\"},{\"@type\":\"WebPage\",\"@id\":\"https:\/\/blogs.esam-c2.fr\/design-graphique\/programme-dessin-dg2-2e-semestre-20-21\/\",\"url\":\"https:\/\/blogs.esam-c2.fr\/design-graphique\/programme-dessin-dg2-2e-semestre-20-21\/\",\"name\":\"Programme dessin DG2 2e semestre 20\/21 - \/\/\/design graphique\/\u00e9sam-c2\/\",\"isPartOf\":{\"@id\":\"https:\/\/blogs.esam-c2.fr\/design-graphique\/#website\"},\"datePublished\":\"2021-01-13T16:16:04+00:00\",\"dateModified\":\"2021-01-13T17:02:35+00:00\",\"author\":{\"@id\":\"https:\/\/blogs.esam-c2.fr\/design-graphique\/#\/schema\/person\/6efbec67260ce9db24bba1e54d41e7c6\"},\"breadcrumb\":{\"@id\":\"https:\/\/blogs.esam-c2.fr\/design-graphique\/programme-dessin-dg2-2e-semestre-20-21\/#breadcrumb\"},\"inLanguage\":\"fr-FR\",\"potentialAction\":[{\"@type\":\"ReadAction\",\"target\":[\"https:\/\/blogs.esam-c2.fr\/design-graphique\/programme-dessin-dg2-2e-semestre-20-21\/\"]}]},{\"@type\":\"BreadcrumbList\",\"@id\":\"https:\/\/blogs.esam-c2.fr\/design-graphique\/programme-dessin-dg2-2e-semestre-20-21\/#breadcrumb\",\"itemListElement\":[{\"@type\":\"ListItem\",\"position\":1,\"name\":\"Accueil\",\"item\":\"https:\/\/blogs.esam-c2.fr\/design-graphique\/\"},{\"@type\":\"ListItem\",\"position\":2,\"name\":\"Programme dessin DG2 2e semestre 20\/21\"}]},{\"@type\":\"WebSite\",\"@id\":\"https:\/\/blogs.esam-c2.fr\/design-graphique\/#website\",\"url\":\"https:\/\/blogs.esam-c2.fr\/design-graphique\/\",\"name\":\"\/\/\/design graphique\/\u00e9sam-c2\/\",\"description\":\"site d&#039;archives et d&#039;informations \/ cours de graphisme \/ Caen\",\"potentialAction\":[{\"@type\":\"SearchAction\",\"target\":{\"@type\":\"EntryPoint\",\"urlTemplate\":\"https:\/\/blogs.esam-c2.fr\/design-graphique\/?s={search_term_string}\"},\"query-input\":{\"@type\":\"PropertyValueSpecification\",\"valueRequired\":true,\"valueName\":\"search_term_string\"}}],\"inLanguage\":\"fr-FR\"},{\"@type\":\"Person\",\"@id\":\"https:\/\/blogs.esam-c2.fr\/design-graphique\/#\/schema\/person\/6efbec67260ce9db24bba1e54d41e7c6\",\"name\":\"Sarah Fouquet\",\"image\":{\"@type\":\"ImageObject\",\"inLanguage\":\"fr-FR\",\"@id\":\"https:\/\/secure.gravatar.com\/avatar\/626f51a6ce51986c9e9cb4180fd263979c686cef2e0eff37e4a86a5095755363?s=96&d=mm&r=g\",\"url\":\"https:\/\/secure.gravatar.com\/avatar\/626f51a6ce51986c9e9cb4180fd263979c686cef2e0eff37e4a86a5095755363?s=96&d=mm&r=g\",\"contentUrl\":\"https:\/\/secure.gravatar.com\/avatar\/626f51a6ce51986c9e9cb4180fd263979c686cef2e0eff37e4a86a5095755363?s=96&d=mm&r=g\",\"caption\":\"Sarah Fouquet\"},\"description\":\"Dessinatrice, graphiste, auto-\u00e9ditrice, enseigne l'image dans le d\u00e9partement design graphique de l'\u00e9cole sup\u00e9rieure d\u2019arts et m\u00e9dias de Caen\",\"url\":\"https:\/\/blogs.esam-c2.fr\/design-graphique\/author\/design-graphique\/\"}]}<\/script>\n<!-- \/ Yoast SEO plugin. -->","yoast_head_json":{"title":"Programme dessin DG2 2e semestre 20\/21 - \/\/\/design graphique\/\u00e9sam-c2\/","robots":{"index":"index","follow":"follow","max-snippet":"max-snippet:-1","max-image-preview":"max-image-preview:large","max-video-preview":"max-video-preview:-1"},"canonical":"https:\/\/blogs.esam-c2.fr\/design-graphique\/programme-dessin-dg2-2e-semestre-20-21\/","og_locale":"fr_FR","og_type":"article","og_title":"Programme dessin DG2 2e semestre 20\/21 - \/\/\/design graphique\/\u00e9sam-c2\/","og_description":"1\/3 lundi 15 f\u00e9vrier G1\u00a0 &#8211; Matin\u00a0: Dessin mod\u00e8le vivantS\u00e9quence 1\u00a0: \u00c9chauffement 45 min poses de 5 min \/ un outil diff\u00e9rent par poseS\u00e9quence 2\u00a0: 3 poses de 15 minS\u00e9quence 3\u00a0: 2 poses de 20 minS\u00e9quence 4\u00a0: 1 pose de &hellip; Continuer la lecture &rarr;","og_url":"https:\/\/blogs.esam-c2.fr\/design-graphique\/programme-dessin-dg2-2e-semestre-20-21\/","og_site_name":"\/\/\/design graphique\/\u00e9sam-c2\/","article_published_time":"2021-01-13T16:16:04+00:00","article_modified_time":"2021-01-13T17:02:35+00:00","author":"Sarah Fouquet","twitter_card":"summary_large_image","twitter_misc":{"\u00c9crit par":"Sarah Fouquet","Dur\u00e9e de lecture estim\u00e9e":"6 minutes"},"schema":{"@context":"https:\/\/schema.org","@graph":[{"@type":"Article","@id":"https:\/\/blogs.esam-c2.fr\/design-graphique\/programme-dessin-dg2-2e-semestre-20-21\/#article","isPartOf":{"@id":"https:\/\/blogs.esam-c2.fr\/design-graphique\/programme-dessin-dg2-2e-semestre-20-21\/"},"author":{"name":"Sarah Fouquet","@id":"https:\/\/blogs.esam-c2.fr\/design-graphique\/#\/schema\/person\/6efbec67260ce9db24bba1e54d41e7c6"},"headline":"Programme dessin DG2 2e semestre 20\/21","datePublished":"2021-01-13T16:16:04+00:00","dateModified":"2021-01-13T17:02:35+00:00","mainEntityOfPage":{"@id":"https:\/\/blogs.esam-c2.fr\/design-graphique\/programme-dessin-dg2-2e-semestre-20-21\/"},"wordCount":1227,"inLanguage":"fr-FR"},{"@type":"WebPage","@id":"https:\/\/blogs.esam-c2.fr\/design-graphique\/programme-dessin-dg2-2e-semestre-20-21\/","url":"https:\/\/blogs.esam-c2.fr\/design-graphique\/programme-dessin-dg2-2e-semestre-20-21\/","name":"Programme dessin DG2 2e semestre 20\/21 - \/\/\/design graphique\/\u00e9sam-c2\/","isPartOf":{"@id":"https:\/\/blogs.esam-c2.fr\/design-graphique\/#website"},"datePublished":"2021-01-13T16:16:04+00:00","dateModified":"2021-01-13T17:02:35+00:00","author":{"@id":"https:\/\/blogs.esam-c2.fr\/design-graphique\/#\/schema\/person\/6efbec67260ce9db24bba1e54d41e7c6"},"breadcrumb":{"@id":"https:\/\/blogs.esam-c2.fr\/design-graphique\/programme-dessin-dg2-2e-semestre-20-21\/#breadcrumb"},"inLanguage":"fr-FR","potentialAction":[{"@type":"ReadAction","target":["https:\/\/blogs.esam-c2.fr\/design-graphique\/programme-dessin-dg2-2e-semestre-20-21\/"]}]},{"@type":"BreadcrumbList","@id":"https:\/\/blogs.esam-c2.fr\/design-graphique\/programme-dessin-dg2-2e-semestre-20-21\/#breadcrumb","itemListElement":[{"@type":"ListItem","position":1,"name":"Accueil","item":"https:\/\/blogs.esam-c2.fr\/design-graphique\/"},{"@type":"ListItem","position":2,"name":"Programme dessin DG2 2e semestre 20\/21"}]},{"@type":"WebSite","@id":"https:\/\/blogs.esam-c2.fr\/design-graphique\/#website","url":"https:\/\/blogs.esam-c2.fr\/design-graphique\/","name":"\/\/\/design graphique\/\u00e9sam-c2\/","description":"site d&#039;archives et d&#039;informations \/ cours de graphisme \/ Caen","potentialAction":[{"@type":"SearchAction","target":{"@type":"EntryPoint","urlTemplate":"https:\/\/blogs.esam-c2.fr\/design-graphique\/?s={search_term_string}"},"query-input":{"@type":"PropertyValueSpecification","valueRequired":true,"valueName":"search_term_string"}}],"inLanguage":"fr-FR"},{"@type":"Person","@id":"https:\/\/blogs.esam-c2.fr\/design-graphique\/#\/schema\/person\/6efbec67260ce9db24bba1e54d41e7c6","name":"Sarah Fouquet","image":{"@type":"ImageObject","inLanguage":"fr-FR","@id":"https:\/\/secure.gravatar.com\/avatar\/626f51a6ce51986c9e9cb4180fd263979c686cef2e0eff37e4a86a5095755363?s=96&d=mm&r=g","url":"https:\/\/secure.gravatar.com\/avatar\/626f51a6ce51986c9e9cb4180fd263979c686cef2e0eff37e4a86a5095755363?s=96&d=mm&r=g","contentUrl":"https:\/\/secure.gravatar.com\/avatar\/626f51a6ce51986c9e9cb4180fd263979c686cef2e0eff37e4a86a5095755363?s=96&d=mm&r=g","caption":"Sarah Fouquet"},"description":"Dessinatrice, graphiste, auto-\u00e9ditrice, enseigne l'image dans le d\u00e9partement design graphique de l'\u00e9cole sup\u00e9rieure d\u2019arts et m\u00e9dias de Caen","url":"https:\/\/blogs.esam-c2.fr\/design-graphique\/author\/design-graphique\/"}]}},"_links":{"self":[{"href":"https:\/\/blogs.esam-c2.fr\/design-graphique\/wp-json\/wp\/v2\/posts\/3430","targetHints":{"allow":["GET"]}}],"collection":[{"href":"https:\/\/blogs.esam-c2.fr\/design-graphique\/wp-json\/wp\/v2\/posts"}],"about":[{"href":"https:\/\/blogs.esam-c2.fr\/design-graphique\/wp-json\/wp\/v2\/types\/post"}],"author":[{"embeddable":true,"href":"https:\/\/blogs.esam-c2.fr\/design-graphique\/wp-json\/wp\/v2\/users\/7"}],"replies":[{"embeddable":true,"href":"https:\/\/blogs.esam-c2.fr\/design-graphique\/wp-json\/wp\/v2\/comments?post=3430"}],"version-history":[{"count":2,"href":"https:\/\/blogs.esam-c2.fr\/design-graphique\/wp-json\/wp\/v2\/posts\/3430\/revisions"}],"predecessor-version":[{"id":3432,"href":"https:\/\/blogs.esam-c2.fr\/design-graphique\/wp-json\/wp\/v2\/posts\/3430\/revisions\/3432"}],"wp:attachment":[{"href":"https:\/\/blogs.esam-c2.fr\/design-graphique\/wp-json\/wp\/v2\/media?parent=3430"}],"wp:term":[{"taxonomy":"category","embeddable":true,"href":"https:\/\/blogs.esam-c2.fr\/design-graphique\/wp-json\/wp\/v2\/categories?post=3430"},{"taxonomy":"post_tag","embeddable":true,"href":"https:\/\/blogs.esam-c2.fr\/design-graphique\/wp-json\/wp\/v2\/tags?post=3430"}],"curies":[{"name":"wp","href":"https:\/\/api.w.org\/{rel}","templated":true}]}}