{"id":3434,"date":"2021-02-16T09:44:12","date_gmt":"2021-02-16T09:44:12","guid":{"rendered":"https:\/\/blogs.esam-c2.fr\/design-graphique\/?p=3434"},"modified":"2021-02-16T09:44:12","modified_gmt":"2021-02-16T09:44:12","slug":"programme-illustration-dg2-2e-semestre-20-21","status":"publish","type":"post","link":"https:\/\/blogs.esam-c2.fr\/design-graphique\/programme-illustration-dg2-2e-semestre-20-21\/","title":{"rendered":"Programme illustration DG2 2e semestre 20\/21"},"content":{"rendered":"\n<p><span style=\"color:#128c5f\" class=\"has-inline-color\">Avant la 1e s\u00e9ance\u00a0: Identifiez des sujets documentaires (actualit\u00e9s, soci\u00e9t\u00e9, culture, science, sociologie, f\u00e9minisme, \u00e9cologie&#8230;) qui vous engagent et documentez-les (articles, documentaires, revues, iconographie, photos, vid\u00e9os, r\u00e9f\u00e9rences&#8230;). Il est essentiel d&rsquo;\u00eatre anim\u00e9\u00b7e par l&rsquo;envie de communiquer avec pr\u00e9cision sur un sujet aupr\u00e8s du public.<br><br>Notions\u00a0: journalisme, narration, vulgarisation, documentaire, s\u00e9quen\u00e7age&#8230;<\/span><\/p>\n\n\n\n<p><strong>11 mars \/ Lancement et sc\u00e9nario<br><\/strong><br>Matin\u00a0: Table ronde pour discuter des sujets et des r\u00e9f\u00e9rences &gt; Choix d&rsquo;un th\u00e8me et collecte de documentation<br><br>Apr\u00e8s-midi\u00a0: Travail sur un sc\u00e9nario, sous quel angle aborder le sujet, la nature des contenus n\u00e9cessaires, le cheminement<\/p>\n\n\n\n<p><em>&gt; Pour la prochaine s\u00e9ance, finalisez le sc\u00e9nario et r\u00e9aliser le storyboard.<br><\/em><br><strong>18 mars \/ Storyboard et s\u00e9quen\u00e7age<\/strong><br><br>Matin\u00a0: Finaliser le storyboard et la grille de la double page.<\/p>\n\n\n\n<p>Apr\u00e8s-midi\u00a0: Recherches graphiques de composition \u00e9chelle un texte et image.<br><br><em>&gt; Pour la prochaine s\u00e9ance finalisez l&rsquo;installation des \u00e9l\u00e9ments graphiques dans la grille et le d\u00e9coupage\/r\u00e9daction du texte (l\u00e9gendes et\/ou bulles). Compilez des r\u00e9f\u00e9rences graphiques pour envisager des \u00e9critures possibles pour la mise au propre.<\/em><\/p>\n\n\n\n<p><strong>8 avril \/ \u00c9criture graphique<\/strong><\/p>\n\n\n\n<p>Matin\u00a0: Sur la base de vos crayonn\u00e9s ou collages\/photocollages \u00e9chelle 1 et de vos r\u00e9f\u00e9rences, exp\u00e9rimentez et d\u00e9finir une \u00e9criture graphique pour l&rsquo;image et le texte.<br><br>Apr\u00e8s-midi\u00a0: D\u00e9marrez la planche finale.<br><br><em>&gt; Pour la s\u00e9ance suivante finalisez votre planche.<\/em><br><br><strong>16 avril \/ Finalisation graphique<\/strong><br><br>Matin\u00a0: Correction et finalisation de votre double page.<br><br>Apr\u00e8s-midi\u00a0: Scan, mise au propre et colorisation de la planche.<br><br><em>&gt; Pour la prochaine s\u00e9ance, r\u00e9fl\u00e9chir \u00e0 un titre et une couverture pour l&rsquo;\u00e9dition collective. R\u00e9alisez des esquisses, collages, inspirations de r\u00e9f\u00e9rences&#8230; tout ce qui peut orienter et argumenter vos id\u00e9es.<\/em><\/p>\n\n\n\n<p><strong>22 avril \/ Comit\u00e9 \u00e9ditorial<\/strong><br><br>Matin\u00a0: Formation de groupes<br>&#8211; Groupe couverture<br>&#8211; Groupe maquette<br><br>Esquissez 2 \u00e0 3 pistes de couverture (Titre, texte et image).<br>R\u00e9alisation d&rsquo;un chemin de fer pour l&rsquo;\u00e9dition.<\/p>\n\n\n\n<p><em>Apr\u00e8s-midi\u00a0: R\u00e9alisation de la couverture et de la mise en page.<\/em><br><br><strong>23 avril \/ Impression et fa\u00e7onnage<\/strong><\/p>\n\n\n\n<p>Matin\u00a0: Corrections maquette et insertion de la couverture. Pr\u00e9paration du fichier \u00e0 imprimer.<br><br>Apr\u00e8s-midi\u00a0: Impressions, fa\u00e7onnage et reliure de 2-3 exemplaires. Rendu.<br><br><em>&gt; Impressions, fa\u00e7onnage et reliure d&rsquo;un exemplaire par \u00e9tudiant\u00b7e.<\/em><br>\u2014<\/p>\n\n\n\n<p><strong>Notions et documentation sur le reportage BD<\/strong><\/p>\n\n\n\n<p>Reportages BD en ligne sur le site de la revue TOPO<br><br>Topo &gt;&nbsp;<a href=\"https:\/\/www.4revues.fr\/topo\/a-1639-colere-noire.html\">https:\/\/www.4revues.fr\/topo\/a-1639-colere-noire.html<\/a><\/p>\n\n\n\n<p>Topo &gt;&nbsp;<a href=\"https:\/\/www.4revues.fr\/topo\/a-1712-colere-noire.html\">https:\/\/www.4revues.fr\/topo\/a-1712-colere-noire.html<\/a><\/p>\n\n\n\n<p>Topo &gt;&nbsp;<a href=\"https:\/\/www.4revues.fr\/topo\/a-1710-pourquoi-mange-t-on-autant-de-viande-a-la-cantine.html\">https:\/\/www.4revues.fr\/topo\/a-1710-pourquoi-mange-t-on-autant-de-viande-a-la-cantine.html<\/a><\/p>\n\n\n\n<p>Topo &gt;&nbsp;<a href=\"https:\/\/www.4revues.fr\/topo\/a-1691-nouveau-numero.html\">https:\/\/www.4revues.fr\/topo\/a-1691-nouveau-numero.html<\/a><\/p>\n\n\n\n<p>Chappatte \u00ab&nbsp;Profession&nbsp;: BD reporter&nbsp;\u00bb (court reportage t\u00e9l\u00e9) &gt;&nbsp;<a href=\"https:\/\/www.rts.ch\/play\/tv\/info-en-videos\/video\/profession-bd-reporter-un-documentaire-de-la-tsi-sur-le-travail-du-dessinateur-patrick-chappatte?urn=urn:rts:video:3061092\">https:\/\/www.rts.ch\/play\/tv\/info-en-videos\/video\/profession-bd-reporter-un-documentaire-de-la-tsi-sur-le-travail-du-dessinateur-patrick-chappatte?urn=urn:rts:video:3061092<\/a><\/p>\n\n\n\n<p>Sociorama Collection de BD sociologique (court reportage t\u00e9l\u00e9) &gt;&nbsp;<a href=\"https:\/\/www.youtube.com\/watch?reload=9&amp;v=k5vW3uEruOY\">https:\/\/www.youtube.com\/watch?reload=9&amp;v=k5vW3uEruOY<\/a><\/p>\n\n\n\n<p>Lisa Mandel pr\u00e9sente Sociorama (court entretien vid\u00e9o) &gt;&nbsp;<a href=\"https:\/\/www.youtube.com\/watch?v=4Pw6wSV6xzg&amp;list=ULbTMBdz5IFDo&amp;index=34\">https:\/\/www.youtube.com\/watch?v=4Pw6wSV6xzg&amp;list=ULbTMBdz5IFDo&amp;index=34<\/a><\/p>\n\n\n\n<p>Pr\u00e9sentation de la collection La Petite B\u00e9d\u00e9th\u00e8que des Savoirs (courte vid\u00e9o) &gt;<a href=\"https:\/\/www.benzinemag.net\/2017\/02\/10\/petite-bedetheque-savoirs-collectif\/\">https:\/\/www.benzinemag.net\/2017\/02\/10\/petite-bedetheque-savoirs-collectif\/<\/a><\/p>\n\n\n\n<p>Article sur la Revue Dessin\u00e9e sur Slate &gt;&nbsp;<a href=\"http:\/\/www.slate.fr\/story\/88167\/revue-dessinee-reinvente-la-bande-dessinee-reportage\">http:\/\/www.slate.fr\/story\/88167\/revue-dessinee-reinvente-la-bande-dessinee-reportage<\/a><br><br>Article sur le reportage BD sur NonFiction &gt;&nbsp;<a href=\"https:\/\/www.nonfiction.fr\/article-6712-reportage_s__intimite_du_journalisme_et_de_la_bande_dessinee.htm\">https:\/\/www.nonfiction.fr\/article-6712-reportage_s__intimite_du_journalisme_et_de_la_bande_dessinee.htm<\/a><\/p>\n\n\n\n<p>Long entretien en anglais de Joe Sacco, BD reporter (Simon Fraser University) &gt;<a href=\"https:\/\/www.comixtrip.fr\/bibliotheque\/the-fixer\/\">https:\/\/www.comixtrip.fr\/bibliotheque\/the-fixer\/<\/a><\/p>\n\n\n\n<p>\u00ab&nbsp;Payer la terre&nbsp;\u00bb de Joe Sacco (court reportage t\u00e9l\u00e9) &gt;&nbsp;<a href=\"https:\/\/information.tv5monde.com\/video\/joe-sacco-devoue-reporter\">https:\/\/information.tv5monde.com\/video\/joe-sacco-devoue-reporter<\/a><\/p>\n","protected":false},"excerpt":{"rendered":"<p>Avant la 1e s\u00e9ance\u00a0: Identifiez des sujets documentaires (actualit\u00e9s, soci\u00e9t\u00e9, culture, science, sociologie, f\u00e9minisme, \u00e9cologie&#8230;) qui vous engagent et documentez-les (articles, documentaires, revues, iconographie, photos, vid\u00e9os, r\u00e9f\u00e9rences&#8230;). Il est essentiel d&rsquo;\u00eatre anim\u00e9\u00b7e par l&rsquo;envie de communiquer avec pr\u00e9cision sur un &hellip; <a href=\"https:\/\/blogs.esam-c2.fr\/design-graphique\/programme-illustration-dg2-2e-semestre-20-21\/\">Continuer la lecture <span class=\"meta-nav\">&rarr;<\/span><\/a><\/p>\n","protected":false},"author":7,"featured_media":0,"comment_status":"closed","ping_status":"open","sticky":false,"template":"","format":"standard","meta":{"footnotes":""},"categories":[1],"tags":[],"class_list":["post-3434","post","type-post","status-publish","format-standard","hentry","category-non-classe"],"yoast_head":"<!-- This site is optimized with the Yoast SEO plugin v27.2 - https:\/\/yoast.com\/product\/yoast-seo-wordpress\/ -->\n<title>Programme illustration DG2 2e semestre 20\/21 - \/\/\/design graphique\/\u00e9sam-c2\/<\/title>\n<meta name=\"robots\" content=\"index, follow, max-snippet:-1, max-image-preview:large, max-video-preview:-1\" \/>\n<link rel=\"canonical\" href=\"https:\/\/blogs.esam-c2.fr\/design-graphique\/programme-illustration-dg2-2e-semestre-20-21\/\" \/>\n<meta property=\"og:locale\" content=\"fr_FR\" \/>\n<meta property=\"og:type\" content=\"article\" \/>\n<meta property=\"og:title\" content=\"Programme illustration DG2 2e semestre 20\/21 - \/\/\/design graphique\/\u00e9sam-c2\/\" \/>\n<meta property=\"og:description\" content=\"Avant la 1e s\u00e9ance\u00a0: Identifiez des sujets documentaires (actualit\u00e9s, soci\u00e9t\u00e9, culture, science, sociologie, f\u00e9minisme, \u00e9cologie&#8230;) qui vous engagent et documentez-les (articles, documentaires, revues, iconographie, photos, vid\u00e9os, r\u00e9f\u00e9rences&#8230;). Il est essentiel d&rsquo;\u00eatre anim\u00e9\u00b7e par l&rsquo;envie de communiquer avec pr\u00e9cision sur un &hellip; Continuer la lecture &rarr;\" \/>\n<meta property=\"og:url\" content=\"https:\/\/blogs.esam-c2.fr\/design-graphique\/programme-illustration-dg2-2e-semestre-20-21\/\" \/>\n<meta property=\"og:site_name\" content=\"\/\/\/design graphique\/\u00e9sam-c2\/\" \/>\n<meta property=\"article:published_time\" content=\"2021-02-16T09:44:12+00:00\" \/>\n<meta name=\"author\" content=\"Sarah Fouquet\" \/>\n<meta name=\"twitter:card\" content=\"summary_large_image\" \/>\n<meta name=\"twitter:label1\" content=\"\u00c9crit par\" \/>\n\t<meta name=\"twitter:data1\" content=\"Sarah Fouquet\" \/>\n\t<meta name=\"twitter:label2\" content=\"Dur\u00e9e de lecture estim\u00e9e\" \/>\n\t<meta name=\"twitter:data2\" content=\"2 minutes\" \/>\n<script type=\"application\/ld+json\" class=\"yoast-schema-graph\">{\"@context\":\"https:\/\/schema.org\",\"@graph\":[{\"@type\":\"Article\",\"@id\":\"https:\/\/blogs.esam-c2.fr\/design-graphique\/programme-illustration-dg2-2e-semestre-20-21\/#article\",\"isPartOf\":{\"@id\":\"https:\/\/blogs.esam-c2.fr\/design-graphique\/programme-illustration-dg2-2e-semestre-20-21\/\"},\"author\":{\"name\":\"Sarah Fouquet\",\"@id\":\"https:\/\/blogs.esam-c2.fr\/design-graphique\/#\/schema\/person\/6efbec67260ce9db24bba1e54d41e7c6\"},\"headline\":\"Programme illustration DG2 2e semestre 20\/21\",\"datePublished\":\"2021-02-16T09:44:12+00:00\",\"mainEntityOfPage\":{\"@id\":\"https:\/\/blogs.esam-c2.fr\/design-graphique\/programme-illustration-dg2-2e-semestre-20-21\/\"},\"wordCount\":638,\"inLanguage\":\"fr-FR\"},{\"@type\":\"WebPage\",\"@id\":\"https:\/\/blogs.esam-c2.fr\/design-graphique\/programme-illustration-dg2-2e-semestre-20-21\/\",\"url\":\"https:\/\/blogs.esam-c2.fr\/design-graphique\/programme-illustration-dg2-2e-semestre-20-21\/\",\"name\":\"Programme illustration DG2 2e semestre 20\/21 - \/\/\/design graphique\/\u00e9sam-c2\/\",\"isPartOf\":{\"@id\":\"https:\/\/blogs.esam-c2.fr\/design-graphique\/#website\"},\"datePublished\":\"2021-02-16T09:44:12+00:00\",\"author\":{\"@id\":\"https:\/\/blogs.esam-c2.fr\/design-graphique\/#\/schema\/person\/6efbec67260ce9db24bba1e54d41e7c6\"},\"breadcrumb\":{\"@id\":\"https:\/\/blogs.esam-c2.fr\/design-graphique\/programme-illustration-dg2-2e-semestre-20-21\/#breadcrumb\"},\"inLanguage\":\"fr-FR\",\"potentialAction\":[{\"@type\":\"ReadAction\",\"target\":[\"https:\/\/blogs.esam-c2.fr\/design-graphique\/programme-illustration-dg2-2e-semestre-20-21\/\"]}]},{\"@type\":\"BreadcrumbList\",\"@id\":\"https:\/\/blogs.esam-c2.fr\/design-graphique\/programme-illustration-dg2-2e-semestre-20-21\/#breadcrumb\",\"itemListElement\":[{\"@type\":\"ListItem\",\"position\":1,\"name\":\"Accueil\",\"item\":\"https:\/\/blogs.esam-c2.fr\/design-graphique\/\"},{\"@type\":\"ListItem\",\"position\":2,\"name\":\"Programme illustration DG2 2e semestre 20\/21\"}]},{\"@type\":\"WebSite\",\"@id\":\"https:\/\/blogs.esam-c2.fr\/design-graphique\/#website\",\"url\":\"https:\/\/blogs.esam-c2.fr\/design-graphique\/\",\"name\":\"\/\/\/design graphique\/\u00e9sam-c2\/\",\"description\":\"site d&#039;archives et d&#039;informations \/ cours de graphisme \/ Caen\",\"potentialAction\":[{\"@type\":\"SearchAction\",\"target\":{\"@type\":\"EntryPoint\",\"urlTemplate\":\"https:\/\/blogs.esam-c2.fr\/design-graphique\/?s={search_term_string}\"},\"query-input\":{\"@type\":\"PropertyValueSpecification\",\"valueRequired\":true,\"valueName\":\"search_term_string\"}}],\"inLanguage\":\"fr-FR\"},{\"@type\":\"Person\",\"@id\":\"https:\/\/blogs.esam-c2.fr\/design-graphique\/#\/schema\/person\/6efbec67260ce9db24bba1e54d41e7c6\",\"name\":\"Sarah Fouquet\",\"image\":{\"@type\":\"ImageObject\",\"inLanguage\":\"fr-FR\",\"@id\":\"https:\/\/secure.gravatar.com\/avatar\/626f51a6ce51986c9e9cb4180fd263979c686cef2e0eff37e4a86a5095755363?s=96&d=mm&r=g\",\"url\":\"https:\/\/secure.gravatar.com\/avatar\/626f51a6ce51986c9e9cb4180fd263979c686cef2e0eff37e4a86a5095755363?s=96&d=mm&r=g\",\"contentUrl\":\"https:\/\/secure.gravatar.com\/avatar\/626f51a6ce51986c9e9cb4180fd263979c686cef2e0eff37e4a86a5095755363?s=96&d=mm&r=g\",\"caption\":\"Sarah Fouquet\"},\"description\":\"Dessinatrice, graphiste, auto-\u00e9ditrice, enseigne l'image dans le d\u00e9partement design graphique de l'\u00e9cole sup\u00e9rieure d\u2019arts et m\u00e9dias de Caen\",\"url\":\"https:\/\/blogs.esam-c2.fr\/design-graphique\/author\/design-graphique\/\"}]}<\/script>\n<!-- \/ Yoast SEO plugin. -->","yoast_head_json":{"title":"Programme illustration DG2 2e semestre 20\/21 - \/\/\/design graphique\/\u00e9sam-c2\/","robots":{"index":"index","follow":"follow","max-snippet":"max-snippet:-1","max-image-preview":"max-image-preview:large","max-video-preview":"max-video-preview:-1"},"canonical":"https:\/\/blogs.esam-c2.fr\/design-graphique\/programme-illustration-dg2-2e-semestre-20-21\/","og_locale":"fr_FR","og_type":"article","og_title":"Programme illustration DG2 2e semestre 20\/21 - \/\/\/design graphique\/\u00e9sam-c2\/","og_description":"Avant la 1e s\u00e9ance\u00a0: Identifiez des sujets documentaires (actualit\u00e9s, soci\u00e9t\u00e9, culture, science, sociologie, f\u00e9minisme, \u00e9cologie&#8230;) qui vous engagent et documentez-les (articles, documentaires, revues, iconographie, photos, vid\u00e9os, r\u00e9f\u00e9rences&#8230;). Il est essentiel d&rsquo;\u00eatre anim\u00e9\u00b7e par l&rsquo;envie de communiquer avec pr\u00e9cision sur un &hellip; Continuer la lecture &rarr;","og_url":"https:\/\/blogs.esam-c2.fr\/design-graphique\/programme-illustration-dg2-2e-semestre-20-21\/","og_site_name":"\/\/\/design graphique\/\u00e9sam-c2\/","article_published_time":"2021-02-16T09:44:12+00:00","author":"Sarah Fouquet","twitter_card":"summary_large_image","twitter_misc":{"\u00c9crit par":"Sarah Fouquet","Dur\u00e9e de lecture estim\u00e9e":"2 minutes"},"schema":{"@context":"https:\/\/schema.org","@graph":[{"@type":"Article","@id":"https:\/\/blogs.esam-c2.fr\/design-graphique\/programme-illustration-dg2-2e-semestre-20-21\/#article","isPartOf":{"@id":"https:\/\/blogs.esam-c2.fr\/design-graphique\/programme-illustration-dg2-2e-semestre-20-21\/"},"author":{"name":"Sarah Fouquet","@id":"https:\/\/blogs.esam-c2.fr\/design-graphique\/#\/schema\/person\/6efbec67260ce9db24bba1e54d41e7c6"},"headline":"Programme illustration DG2 2e semestre 20\/21","datePublished":"2021-02-16T09:44:12+00:00","mainEntityOfPage":{"@id":"https:\/\/blogs.esam-c2.fr\/design-graphique\/programme-illustration-dg2-2e-semestre-20-21\/"},"wordCount":638,"inLanguage":"fr-FR"},{"@type":"WebPage","@id":"https:\/\/blogs.esam-c2.fr\/design-graphique\/programme-illustration-dg2-2e-semestre-20-21\/","url":"https:\/\/blogs.esam-c2.fr\/design-graphique\/programme-illustration-dg2-2e-semestre-20-21\/","name":"Programme illustration DG2 2e semestre 20\/21 - \/\/\/design graphique\/\u00e9sam-c2\/","isPartOf":{"@id":"https:\/\/blogs.esam-c2.fr\/design-graphique\/#website"},"datePublished":"2021-02-16T09:44:12+00:00","author":{"@id":"https:\/\/blogs.esam-c2.fr\/design-graphique\/#\/schema\/person\/6efbec67260ce9db24bba1e54d41e7c6"},"breadcrumb":{"@id":"https:\/\/blogs.esam-c2.fr\/design-graphique\/programme-illustration-dg2-2e-semestre-20-21\/#breadcrumb"},"inLanguage":"fr-FR","potentialAction":[{"@type":"ReadAction","target":["https:\/\/blogs.esam-c2.fr\/design-graphique\/programme-illustration-dg2-2e-semestre-20-21\/"]}]},{"@type":"BreadcrumbList","@id":"https:\/\/blogs.esam-c2.fr\/design-graphique\/programme-illustration-dg2-2e-semestre-20-21\/#breadcrumb","itemListElement":[{"@type":"ListItem","position":1,"name":"Accueil","item":"https:\/\/blogs.esam-c2.fr\/design-graphique\/"},{"@type":"ListItem","position":2,"name":"Programme illustration DG2 2e semestre 20\/21"}]},{"@type":"WebSite","@id":"https:\/\/blogs.esam-c2.fr\/design-graphique\/#website","url":"https:\/\/blogs.esam-c2.fr\/design-graphique\/","name":"\/\/\/design graphique\/\u00e9sam-c2\/","description":"site d&#039;archives et d&#039;informations \/ cours de graphisme \/ Caen","potentialAction":[{"@type":"SearchAction","target":{"@type":"EntryPoint","urlTemplate":"https:\/\/blogs.esam-c2.fr\/design-graphique\/?s={search_term_string}"},"query-input":{"@type":"PropertyValueSpecification","valueRequired":true,"valueName":"search_term_string"}}],"inLanguage":"fr-FR"},{"@type":"Person","@id":"https:\/\/blogs.esam-c2.fr\/design-graphique\/#\/schema\/person\/6efbec67260ce9db24bba1e54d41e7c6","name":"Sarah Fouquet","image":{"@type":"ImageObject","inLanguage":"fr-FR","@id":"https:\/\/secure.gravatar.com\/avatar\/626f51a6ce51986c9e9cb4180fd263979c686cef2e0eff37e4a86a5095755363?s=96&d=mm&r=g","url":"https:\/\/secure.gravatar.com\/avatar\/626f51a6ce51986c9e9cb4180fd263979c686cef2e0eff37e4a86a5095755363?s=96&d=mm&r=g","contentUrl":"https:\/\/secure.gravatar.com\/avatar\/626f51a6ce51986c9e9cb4180fd263979c686cef2e0eff37e4a86a5095755363?s=96&d=mm&r=g","caption":"Sarah Fouquet"},"description":"Dessinatrice, graphiste, auto-\u00e9ditrice, enseigne l'image dans le d\u00e9partement design graphique de l'\u00e9cole sup\u00e9rieure d\u2019arts et m\u00e9dias de Caen","url":"https:\/\/blogs.esam-c2.fr\/design-graphique\/author\/design-graphique\/"}]}},"_links":{"self":[{"href":"https:\/\/blogs.esam-c2.fr\/design-graphique\/wp-json\/wp\/v2\/posts\/3434","targetHints":{"allow":["GET"]}}],"collection":[{"href":"https:\/\/blogs.esam-c2.fr\/design-graphique\/wp-json\/wp\/v2\/posts"}],"about":[{"href":"https:\/\/blogs.esam-c2.fr\/design-graphique\/wp-json\/wp\/v2\/types\/post"}],"author":[{"embeddable":true,"href":"https:\/\/blogs.esam-c2.fr\/design-graphique\/wp-json\/wp\/v2\/users\/7"}],"replies":[{"embeddable":true,"href":"https:\/\/blogs.esam-c2.fr\/design-graphique\/wp-json\/wp\/v2\/comments?post=3434"}],"version-history":[{"count":1,"href":"https:\/\/blogs.esam-c2.fr\/design-graphique\/wp-json\/wp\/v2\/posts\/3434\/revisions"}],"predecessor-version":[{"id":3435,"href":"https:\/\/blogs.esam-c2.fr\/design-graphique\/wp-json\/wp\/v2\/posts\/3434\/revisions\/3435"}],"wp:attachment":[{"href":"https:\/\/blogs.esam-c2.fr\/design-graphique\/wp-json\/wp\/v2\/media?parent=3434"}],"wp:term":[{"taxonomy":"category","embeddable":true,"href":"https:\/\/blogs.esam-c2.fr\/design-graphique\/wp-json\/wp\/v2\/categories?post=3434"},{"taxonomy":"post_tag","embeddable":true,"href":"https:\/\/blogs.esam-c2.fr\/design-graphique\/wp-json\/wp\/v2\/tags?post=3434"}],"curies":[{"name":"wp","href":"https:\/\/api.w.org\/{rel}","templated":true}]}}