{"id":3652,"date":"2021-11-04T16:42:35","date_gmt":"2021-11-04T16:42:35","guid":{"rendered":"https:\/\/blogs.esam-c2.fr\/design-graphique\/?p=3652"},"modified":"2021-11-05T10:12:20","modified_gmt":"2021-11-05T10:12:20","slug":"images-du-workshop-avec-marion-arbona-bologne","status":"publish","type":"post","link":"https:\/\/blogs.esam-c2.fr\/design-graphique\/images-du-workshop-avec-marion-arbona-bologne\/","title":{"rendered":"Images du workshop avec Marion Arbona \/ Bologne"},"content":{"rendered":"\n<p><\/p>\n\n\n\n<div class=\"wp-block-group\"><div class=\"wp-block-group__inner-container is-layout-flow wp-block-group-is-layout-flow\">\n<figure class=\"wp-block-image size-large\"><img loading=\"lazy\" decoding=\"async\" width=\"397\" height=\"298\" src=\"https:\/\/blogs.esam-c2.fr\/design-graphique\/files\/2021\/11\/IMG_0474-4.jpg\" alt=\"\" class=\"wp-image-3667\" srcset=\"https:\/\/blogs.esam-c2.fr\/design-graphique\/files\/2021\/11\/IMG_0474-4.jpg 397w, https:\/\/blogs.esam-c2.fr\/design-graphique\/files\/2021\/11\/IMG_0474-4-300x225.jpg 300w\" sizes=\"auto, (max-width: 397px) 100vw, 397px\" \/><figcaption>Marion Arbona pendant la pr\u00e9sentation de son travail au groupe (photo \u00a9sarahfouquet)<\/figcaption><\/figure>\n\n\n\n<figure class=\"wp-block-image size-large\"><img loading=\"lazy\" decoding=\"async\" width=\"397\" height=\"298\" src=\"https:\/\/blogs.esam-c2.fr\/design-graphique\/files\/2021\/11\/JiQNP-1.jpg\" alt=\"\" class=\"wp-image-3670\" srcset=\"https:\/\/blogs.esam-c2.fr\/design-graphique\/files\/2021\/11\/JiQNP-1.jpg 397w, https:\/\/blogs.esam-c2.fr\/design-graphique\/files\/2021\/11\/JiQNP-1-300x225.jpg 300w\" sizes=\"auto, (max-width: 397px) 100vw, 397px\" \/><figcaption>Originaux de Marion Arbona (photo \u00a9sarahfouquet)<\/figcaption><\/figure>\n\n\n\n<figure class=\"wp-block-image size-large\"><img loading=\"lazy\" decoding=\"async\" width=\"397\" height=\"529\" src=\"https:\/\/blogs.esam-c2.fr\/design-graphique\/files\/2021\/11\/IMG_0478-1.jpg\" alt=\"\" class=\"wp-image-3671\" srcset=\"https:\/\/blogs.esam-c2.fr\/design-graphique\/files\/2021\/11\/IMG_0478-1.jpg 397w, https:\/\/blogs.esam-c2.fr\/design-graphique\/files\/2021\/11\/IMG_0478-1-225x300.jpg 225w\" sizes=\"auto, (max-width: 397px) 100vw, 397px\" \/><figcaption>J1 : Phase croquis des recherches (photo \u00a9sarahfouquet)<\/figcaption><\/figure>\n\n\n\n<figure class=\"wp-block-image size-large\"><img loading=\"lazy\" decoding=\"async\" width=\"397\" height=\"298\" src=\"https:\/\/blogs.esam-c2.fr\/design-graphique\/files\/2021\/11\/IMG_0479-2.jpg\" alt=\"\" class=\"wp-image-3683\" srcset=\"https:\/\/blogs.esam-c2.fr\/design-graphique\/files\/2021\/11\/IMG_0479-2.jpg 397w, https:\/\/blogs.esam-c2.fr\/design-graphique\/files\/2021\/11\/IMG_0479-2-300x225.jpg 300w\" sizes=\"auto, (max-width: 397px) 100vw, 397px\" \/><figcaption>J1 : Phase croquis des recherches (photo \u00a9sarahfouquet)<\/figcaption><\/figure>\n\n\n\n<figure class=\"wp-block-image size-large\"><img loading=\"lazy\" decoding=\"async\" width=\"397\" height=\"529\" src=\"https:\/\/blogs.esam-c2.fr\/design-graphique\/files\/2021\/11\/IMG_0486-2.jpg\" alt=\"\" class=\"wp-image-3685\" srcset=\"https:\/\/blogs.esam-c2.fr\/design-graphique\/files\/2021\/11\/IMG_0486-2.jpg 397w, https:\/\/blogs.esam-c2.fr\/design-graphique\/files\/2021\/11\/IMG_0486-2-225x300.jpg 225w\" sizes=\"auto, (max-width: 397px) 100vw, 397px\" \/><figcaption>J1 : Phase croquis des recherches (photo \u00a9sarahfouquet)<\/figcaption><\/figure>\n\n\n\n<figure class=\"wp-block-image size-large\"><img loading=\"lazy\" decoding=\"async\" width=\"397\" height=\"529\" src=\"https:\/\/blogs.esam-c2.fr\/design-graphique\/files\/2021\/11\/IMG_0491-2.jpg\" alt=\"\" class=\"wp-image-3688\" srcset=\"https:\/\/blogs.esam-c2.fr\/design-graphique\/files\/2021\/11\/IMG_0491-2.jpg 397w, https:\/\/blogs.esam-c2.fr\/design-graphique\/files\/2021\/11\/IMG_0491-2-225x300.jpg 225w\" sizes=\"auto, (max-width: 397px) 100vw, 397px\" \/><figcaption>J2 : Phase crayonn\u00e9 \u00e9chelle 1 (photo \u00a9sarahfouquet)<\/figcaption><\/figure>\n\n\n\n<figure class=\"wp-block-image size-large\"><img loading=\"lazy\" decoding=\"async\" width=\"397\" height=\"298\" src=\"https:\/\/blogs.esam-c2.fr\/design-graphique\/files\/2021\/11\/IMG_0494-4.jpg\" alt=\"\" class=\"wp-image-3692\" srcset=\"https:\/\/blogs.esam-c2.fr\/design-graphique\/files\/2021\/11\/IMG_0494-4.jpg 397w, https:\/\/blogs.esam-c2.fr\/design-graphique\/files\/2021\/11\/IMG_0494-4-300x225.jpg 300w\" sizes=\"auto, (max-width: 397px) 100vw, 397px\" \/><figcaption>J2 : Phase crayonn\u00e9 \u00e9chelle 1 (photo \u00a9sarahfouquet)<\/figcaption><\/figure>\n\n\n\n<figure class=\"wp-block-image size-large\"><img loading=\"lazy\" decoding=\"async\" width=\"397\" height=\"529\" src=\"https:\/\/blogs.esam-c2.fr\/design-graphique\/files\/2021\/11\/IMG_0496.jpg\" alt=\"\" class=\"wp-image-3693\" srcset=\"https:\/\/blogs.esam-c2.fr\/design-graphique\/files\/2021\/11\/IMG_0496.jpg 397w, https:\/\/blogs.esam-c2.fr\/design-graphique\/files\/2021\/11\/IMG_0496-225x300.jpg 225w\" sizes=\"auto, (max-width: 397px) 100vw, 397px\" \/><figcaption>J2 : Phase crayonn\u00e9 \u00e9chelle 1 (photo \u00a9sarahfouquet)<\/figcaption><\/figure>\n\n\n\n<figure class=\"wp-block-image size-large\"><img loading=\"lazy\" decoding=\"async\" width=\"397\" height=\"529\" src=\"https:\/\/blogs.esam-c2.fr\/design-graphique\/files\/2021\/11\/IMG_0495-2.jpg\" alt=\"\" class=\"wp-image-3694\" srcset=\"https:\/\/blogs.esam-c2.fr\/design-graphique\/files\/2021\/11\/IMG_0495-2.jpg 397w, https:\/\/blogs.esam-c2.fr\/design-graphique\/files\/2021\/11\/IMG_0495-2-225x300.jpg 225w\" sizes=\"auto, (max-width: 397px) 100vw, 397px\" \/><figcaption>J2 : Recherches r\u00e9alisation technique \u00e9chelle 1 (photo \u00a9sarahfouquet)<\/figcaption><\/figure>\n\n\n\n<figure class=\"wp-block-image size-large\"><img loading=\"lazy\" decoding=\"async\" width=\"397\" height=\"298\" src=\"https:\/\/blogs.esam-c2.fr\/design-graphique\/files\/2021\/11\/IMG_0497.jpg\" alt=\"\" class=\"wp-image-3695\" srcset=\"https:\/\/blogs.esam-c2.fr\/design-graphique\/files\/2021\/11\/IMG_0497.jpg 397w, https:\/\/blogs.esam-c2.fr\/design-graphique\/files\/2021\/11\/IMG_0497-300x225.jpg 300w\" sizes=\"auto, (max-width: 397px) 100vw, 397px\" \/><figcaption>J2 : Recherches r\u00e9alisation technique \u00e9chelle 1 (photo \u00a9sarahfouquet)<\/figcaption><\/figure>\n\n\n\n<figure class=\"wp-block-image size-large\"><img loading=\"lazy\" decoding=\"async\" width=\"397\" height=\"529\" src=\"https:\/\/blogs.esam-c2.fr\/design-graphique\/files\/2021\/11\/IMG_0499.jpg\" alt=\"\" class=\"wp-image-3696\" srcset=\"https:\/\/blogs.esam-c2.fr\/design-graphique\/files\/2021\/11\/IMG_0499.jpg 397w, https:\/\/blogs.esam-c2.fr\/design-graphique\/files\/2021\/11\/IMG_0499-225x300.jpg 225w\" sizes=\"auto, (max-width: 397px) 100vw, 397px\" \/><figcaption>J2 : Recherches r\u00e9alisation technique \u00e9chelle 1 (photo \u00a9sarahfouquet)<\/figcaption><\/figure>\n\n\n\n<figure class=\"wp-block-image size-large\"><img loading=\"lazy\" decoding=\"async\" width=\"397\" height=\"529\" src=\"https:\/\/blogs.esam-c2.fr\/design-graphique\/files\/2021\/11\/IMG_0510.jpg\" alt=\"\" class=\"wp-image-3697\" srcset=\"https:\/\/blogs.esam-c2.fr\/design-graphique\/files\/2021\/11\/IMG_0510.jpg 397w, https:\/\/blogs.esam-c2.fr\/design-graphique\/files\/2021\/11\/IMG_0510-225x300.jpg 225w\" sizes=\"auto, (max-width: 397px) 100vw, 397px\" \/><figcaption>J3 : R\u00e9alisation des images finales (photo \u00a9sarahfouquet)<\/figcaption><\/figure>\n\n\n\n<figure class=\"wp-block-image size-large\"><img loading=\"lazy\" decoding=\"async\" width=\"397\" height=\"529\" src=\"https:\/\/blogs.esam-c2.fr\/design-graphique\/files\/2021\/11\/IMG_0498.jpg\" alt=\"\" class=\"wp-image-3698\" srcset=\"https:\/\/blogs.esam-c2.fr\/design-graphique\/files\/2021\/11\/IMG_0498.jpg 397w, https:\/\/blogs.esam-c2.fr\/design-graphique\/files\/2021\/11\/IMG_0498-225x300.jpg 225w\" sizes=\"auto, (max-width: 397px) 100vw, 397px\" \/><figcaption>J3 : R\u00e9alisation des images finales (photo \u00a9sarahfouquet)<\/figcaption><\/figure>\n\n\n\n<figure class=\"wp-block-image size-large\"><img loading=\"lazy\" decoding=\"async\" width=\"397\" height=\"298\" src=\"https:\/\/blogs.esam-c2.fr\/design-graphique\/files\/2021\/11\/IMG_0512.jpg\" alt=\"\" class=\"wp-image-3700\" srcset=\"https:\/\/blogs.esam-c2.fr\/design-graphique\/files\/2021\/11\/IMG_0512.jpg 397w, https:\/\/blogs.esam-c2.fr\/design-graphique\/files\/2021\/11\/IMG_0512-300x225.jpg 300w\" sizes=\"auto, (max-width: 397px) 100vw, 397px\" \/><figcaption>J3 : R\u00e9alisation des images finales (photo \u00a9sarahfouquet)<\/figcaption><\/figure>\n\n\n\n<figure class=\"wp-block-image size-large\"><img loading=\"lazy\" decoding=\"async\" width=\"397\" height=\"529\" src=\"https:\/\/blogs.esam-c2.fr\/design-graphique\/files\/2021\/11\/IMG_0513.jpg\" alt=\"\" class=\"wp-image-3701\" srcset=\"https:\/\/blogs.esam-c2.fr\/design-graphique\/files\/2021\/11\/IMG_0513.jpg 397w, https:\/\/blogs.esam-c2.fr\/design-graphique\/files\/2021\/11\/IMG_0513-225x300.jpg 225w\" sizes=\"auto, (max-width: 397px) 100vw, 397px\" \/><figcaption>J3 : R\u00e9alisation des images finales (photo \u00a9sarahfouquet)<\/figcaption><\/figure>\n\n\n\n<figure class=\"wp-block-image size-large\"><img loading=\"lazy\" decoding=\"async\" width=\"397\" height=\"529\" src=\"https:\/\/blogs.esam-c2.fr\/design-graphique\/files\/2021\/11\/IMG_0515.jpg\" alt=\"\" class=\"wp-image-3702\" srcset=\"https:\/\/blogs.esam-c2.fr\/design-graphique\/files\/2021\/11\/IMG_0515.jpg 397w, https:\/\/blogs.esam-c2.fr\/design-graphique\/files\/2021\/11\/IMG_0515-225x300.jpg 225w\" sizes=\"auto, (max-width: 397px) 100vw, 397px\" \/><figcaption>J3 : R\u00e9alisation des images finales (photo \u00a9sarahfouquet)<\/figcaption><\/figure>\n\n\n\n<figure class=\"wp-block-image size-large\"><img loading=\"lazy\" decoding=\"async\" width=\"397\" height=\"298\" src=\"https:\/\/blogs.esam-c2.fr\/design-graphique\/files\/2021\/11\/IMG_0502.jpg\" alt=\"\" class=\"wp-image-3703\" srcset=\"https:\/\/blogs.esam-c2.fr\/design-graphique\/files\/2021\/11\/IMG_0502.jpg 397w, https:\/\/blogs.esam-c2.fr\/design-graphique\/files\/2021\/11\/IMG_0502-300x225.jpg 300w\" sizes=\"auto, (max-width: 397px) 100vw, 397px\" \/><figcaption>J4 : Harmonisation et finalisation de la s\u00e9rie de 5 images (photo \u00a9sarahfouquet)<\/figcaption><\/figure>\n\n\n\n<figure class=\"wp-block-image size-large\"><img loading=\"lazy\" decoding=\"async\" width=\"397\" height=\"529\" src=\"https:\/\/blogs.esam-c2.fr\/design-graphique\/files\/2021\/11\/IMG_0506.jpg\" alt=\"\" class=\"wp-image-3704\" srcset=\"https:\/\/blogs.esam-c2.fr\/design-graphique\/files\/2021\/11\/IMG_0506.jpg 397w, https:\/\/blogs.esam-c2.fr\/design-graphique\/files\/2021\/11\/IMG_0506-225x300.jpg 225w\" sizes=\"auto, (max-width: 397px) 100vw, 397px\" \/><figcaption>J4 : Harmonisation et finalisation de la s\u00e9rie de 5 images (photo \u00a9sarahfouquet)<\/figcaption><\/figure>\n\n\n\n<figure class=\"wp-block-image size-large\"><img loading=\"lazy\" decoding=\"async\" width=\"397\" height=\"298\" src=\"https:\/\/blogs.esam-c2.fr\/design-graphique\/files\/2021\/11\/IMG_0507-1.jpg\" alt=\"\" class=\"wp-image-3705\" srcset=\"https:\/\/blogs.esam-c2.fr\/design-graphique\/files\/2021\/11\/IMG_0507-1.jpg 397w, https:\/\/blogs.esam-c2.fr\/design-graphique\/files\/2021\/11\/IMG_0507-1-300x225.jpg 300w\" sizes=\"auto, (max-width: 397px) 100vw, 397px\" \/><figcaption>J4 : Harmonisation et finalisation de la s\u00e9rie de 5 images (photo \u00a9sarahfouquet)<\/figcaption><\/figure>\n\n\n\n<figure class=\"wp-block-image size-large\"><img loading=\"lazy\" decoding=\"async\" width=\"397\" height=\"298\" src=\"https:\/\/blogs.esam-c2.fr\/design-graphique\/files\/2021\/11\/IMG_0509.jpg\" alt=\"\" class=\"wp-image-3706\" srcset=\"https:\/\/blogs.esam-c2.fr\/design-graphique\/files\/2021\/11\/IMG_0509.jpg 397w, https:\/\/blogs.esam-c2.fr\/design-graphique\/files\/2021\/11\/IMG_0509-300x225.jpg 300w\" sizes=\"auto, (max-width: 397px) 100vw, 397px\" \/><figcaption>J4 : Harmonisation et finalisation de la s\u00e9rie de 5 images (photo \u00a9sarahfouquet)<\/figcaption><\/figure>\n\n\n\n<figure class=\"wp-block-image size-large\"><img loading=\"lazy\" decoding=\"async\" width=\"397\" height=\"298\" src=\"https:\/\/blogs.esam-c2.fr\/design-graphique\/files\/2021\/11\/IMG_0514.jpg\" alt=\"\" class=\"wp-image-3707\" srcset=\"https:\/\/blogs.esam-c2.fr\/design-graphique\/files\/2021\/11\/IMG_0514.jpg 397w, https:\/\/blogs.esam-c2.fr\/design-graphique\/files\/2021\/11\/IMG_0514-300x225.jpg 300w\" sizes=\"auto, (max-width: 397px) 100vw, 397px\" \/><figcaption>J4 : Harmonisation et finalisation de la s\u00e9rie de 5 images (photo \u00a9sarahfouquet)<\/figcaption><\/figure>\n\n\n\n<figure class=\"wp-block-image size-large\"><img loading=\"lazy\" decoding=\"async\" width=\"397\" height=\"529\" src=\"https:\/\/blogs.esam-c2.fr\/design-graphique\/files\/2021\/11\/IMG_0526.jpg\" alt=\"\" class=\"wp-image-3708\" srcset=\"https:\/\/blogs.esam-c2.fr\/design-graphique\/files\/2021\/11\/IMG_0526.jpg 397w, https:\/\/blogs.esam-c2.fr\/design-graphique\/files\/2021\/11\/IMG_0526-225x300.jpg 225w\" sizes=\"auto, (max-width: 397px) 100vw, 397px\" \/><figcaption>J4 : Harmonisation et finalisation de la s\u00e9rie de 5 images (photo \u00a9sarahfouquet)<\/figcaption><\/figure>\n\n\n\n<figure class=\"wp-block-image size-large\"><img loading=\"lazy\" decoding=\"async\" width=\"397\" height=\"298\" src=\"https:\/\/blogs.esam-c2.fr\/design-graphique\/files\/2021\/11\/IMG_0504.jpg\" alt=\"\" class=\"wp-image-3710\" srcset=\"https:\/\/blogs.esam-c2.fr\/design-graphique\/files\/2021\/11\/IMG_0504.jpg 397w, https:\/\/blogs.esam-c2.fr\/design-graphique\/files\/2021\/11\/IMG_0504-300x225.jpg 300w\" sizes=\"auto, (max-width: 397px) 100vw, 397px\" \/><figcaption>J4 : Harmonisation et finalisation de la s\u00e9rie de 5 images (photo \u00a9sarahfouquet)<\/figcaption><\/figure>\n\n\n\n<figure class=\"wp-block-image size-large\"><img loading=\"lazy\" decoding=\"async\" width=\"397\" height=\"529\" src=\"https:\/\/blogs.esam-c2.fr\/design-graphique\/files\/2021\/11\/IMG_0519.jpg\" alt=\"\" class=\"wp-image-3711\" srcset=\"https:\/\/blogs.esam-c2.fr\/design-graphique\/files\/2021\/11\/IMG_0519.jpg 397w, https:\/\/blogs.esam-c2.fr\/design-graphique\/files\/2021\/11\/IMG_0519-225x300.jpg 225w\" sizes=\"auto, (max-width: 397px) 100vw, 397px\" \/><figcaption>J4 : Harmonisation et finalisation de la s\u00e9rie de 5 images (photo \u00a9sarahfouquet)<\/figcaption><\/figure>\n\n\n\n<figure class=\"wp-block-image size-large\"><img loading=\"lazy\" decoding=\"async\" width=\"397\" height=\"298\" src=\"https:\/\/blogs.esam-c2.fr\/design-graphique\/files\/2021\/11\/IMG_0529.jpg\" alt=\"\" class=\"wp-image-3712\" srcset=\"https:\/\/blogs.esam-c2.fr\/design-graphique\/files\/2021\/11\/IMG_0529.jpg 397w, https:\/\/blogs.esam-c2.fr\/design-graphique\/files\/2021\/11\/IMG_0529-300x225.jpg 300w\" sizes=\"auto, (max-width: 397px) 100vw, 397px\" \/><figcaption>J5 : Finalisation et restitution ouverte au public (photo \u00a9sarahfouquet)<\/figcaption><\/figure>\n\n\n\n<figure class=\"wp-block-image size-large\"><img loading=\"lazy\" decoding=\"async\" width=\"397\" height=\"298\" src=\"https:\/\/blogs.esam-c2.fr\/design-graphique\/files\/2021\/11\/IMG_0535.jpg\" alt=\"\" class=\"wp-image-3713\" srcset=\"https:\/\/blogs.esam-c2.fr\/design-graphique\/files\/2021\/11\/IMG_0535.jpg 397w, https:\/\/blogs.esam-c2.fr\/design-graphique\/files\/2021\/11\/IMG_0535-300x225.jpg 300w\" sizes=\"auto, (max-width: 397px) 100vw, 397px\" \/><figcaption><em>Babayaga,<\/em>\u00a0Conte traditionnel russe \/ en haut travail de L\u00e9a Bab\u00e9 et en bas travail de Chlo\u00e9 Ben Hamou (photo \u00a9sarahfouquet)<\/figcaption><\/figure>\n\n\n\n<figure class=\"wp-block-image size-large\"><img loading=\"lazy\" decoding=\"async\" width=\"397\" height=\"298\" src=\"https:\/\/blogs.esam-c2.fr\/design-graphique\/files\/2021\/11\/IMG_0537.jpg\" alt=\"\" class=\"wp-image-3714\" srcset=\"https:\/\/blogs.esam-c2.fr\/design-graphique\/files\/2021\/11\/IMG_0537.jpg 397w, https:\/\/blogs.esam-c2.fr\/design-graphique\/files\/2021\/11\/IMG_0537-300x225.jpg 300w\" sizes=\"auto, (max-width: 397px) 100vw, 397px\" \/><figcaption><em><em>Marie Besnard, l\u2019empoisonneuse\u00a0<\/em>d\u2019\u00c9lisabeth Campos<\/em> \/ travail de Plume Hecquard (photo \u00a9sarahfouquet)<\/figcaption><\/figure>\n\n\n\n<figure class=\"wp-block-image size-large\"><img loading=\"lazy\" decoding=\"async\" width=\"397\" height=\"298\" src=\"https:\/\/blogs.esam-c2.fr\/design-graphique\/files\/2021\/11\/IMG_0538.jpg\" alt=\"\" class=\"wp-image-3715\" srcset=\"https:\/\/blogs.esam-c2.fr\/design-graphique\/files\/2021\/11\/IMG_0538.jpg 397w, https:\/\/blogs.esam-c2.fr\/design-graphique\/files\/2021\/11\/IMG_0538-300x225.jpg 300w\" sizes=\"auto, (max-width: 397px) 100vw, 397px\" \/><figcaption>Babayaga,\u00a0Conte traditionnel russe \/ en haut travail de Lilit Kharatyan<br> et en bas travail de Joanna Calderwood (photo \u00a9sarahfouquet)<\/figcaption><\/figure>\n\n\n\n<figure class=\"wp-block-image size-large\"><img loading=\"lazy\" decoding=\"async\" width=\"397\" height=\"298\" src=\"https:\/\/blogs.esam-c2.fr\/design-graphique\/files\/2021\/11\/IMG_0545.jpg\" alt=\"\" class=\"wp-image-3716\" srcset=\"https:\/\/blogs.esam-c2.fr\/design-graphique\/files\/2021\/11\/IMG_0545.jpg 397w, https:\/\/blogs.esam-c2.fr\/design-graphique\/files\/2021\/11\/IMG_0545-300x225.jpg 300w\" sizes=\"auto, (max-width: 397px) 100vw, 397px\" \/><figcaption>Babayaga,\u00a0Conte traditionnel russe \/ travail de Sol\u00e8ne Poizot (photo \u00a9sarahfouquet)<\/figcaption><\/figure>\n\n\n\n<figure class=\"wp-block-image size-large\"><img loading=\"lazy\" decoding=\"async\" width=\"397\" height=\"298\" src=\"https:\/\/blogs.esam-c2.fr\/design-graphique\/files\/2021\/11\/IMG_0546.jpg\" alt=\"\" class=\"wp-image-3717\" srcset=\"https:\/\/blogs.esam-c2.fr\/design-graphique\/files\/2021\/11\/IMG_0546.jpg 397w, https:\/\/blogs.esam-c2.fr\/design-graphique\/files\/2021\/11\/IMG_0546-300x225.jpg 300w\" sizes=\"auto, (max-width: 397px) 100vw, 397px\" \/><figcaption><em>J5 : Finalisation et restitution ouverte au public (photo \u00a9sarahfouquet)<\/em><\/figcaption><\/figure>\n\n\n\n<figure class=\"wp-block-image size-large\"><img loading=\"lazy\" decoding=\"async\" width=\"397\" height=\"298\" src=\"https:\/\/blogs.esam-c2.fr\/design-graphique\/files\/2021\/11\/IMG_0550.jpg\" alt=\"\" class=\"wp-image-3718\" srcset=\"https:\/\/blogs.esam-c2.fr\/design-graphique\/files\/2021\/11\/IMG_0550.jpg 397w, https:\/\/blogs.esam-c2.fr\/design-graphique\/files\/2021\/11\/IMG_0550-300x225.jpg 300w\" sizes=\"auto, (max-width: 397px) 100vw, 397px\" \/><figcaption><em>La maison de la sorci\u00e8re<\/em>\u00a0de Lovecraft \/ en haut travail de Tristan Vivien et en bas travail d&rsquo;Ajay Pr\u00e9gasse (photo \u00a9sarahfouquet)<\/figcaption><\/figure>\n\n\n\n<figure class=\"wp-block-image size-large\"><img loading=\"lazy\" decoding=\"async\" width=\"397\" height=\"298\" src=\"https:\/\/blogs.esam-c2.fr\/design-graphique\/files\/2021\/11\/IMG_0551.jpg\" alt=\"\" class=\"wp-image-3719\" srcset=\"https:\/\/blogs.esam-c2.fr\/design-graphique\/files\/2021\/11\/IMG_0551.jpg 397w, https:\/\/blogs.esam-c2.fr\/design-graphique\/files\/2021\/11\/IMG_0551-300x225.jpg 300w\" sizes=\"auto, (max-width: 397px) 100vw, 397px\" \/><figcaption><em><em>Le Petit Albert,<\/em> <\/em>livre de recettes de magie du 17eme si\u00e8cle \/ en haut travail de Luna Debris (photo \u00a9sarahfouquet)<\/figcaption><\/figure>\n\n\n\n<figure class=\"wp-block-image size-large\"><img loading=\"lazy\" decoding=\"async\" width=\"397\" height=\"298\" src=\"https:\/\/blogs.esam-c2.fr\/design-graphique\/files\/2021\/11\/IMG_0553.jpg\" alt=\"\" class=\"wp-image-3720\" srcset=\"https:\/\/blogs.esam-c2.fr\/design-graphique\/files\/2021\/11\/IMG_0553.jpg 397w, https:\/\/blogs.esam-c2.fr\/design-graphique\/files\/2021\/11\/IMG_0553-300x225.jpg 300w\" sizes=\"auto, (max-width: 397px) 100vw, 397px\" \/><figcaption><em>La maison de la sorci\u00e8re<\/em>\u00a0de Lovecraft \/ en haut travail de Capucine Leste-Lasserre et en bas travail de Jeanne Bouillard (photo \u00a9sarahfouquet)<\/figcaption><\/figure>\n\n\n\n<figure class=\"wp-block-image size-large\"><img loading=\"lazy\" decoding=\"async\" width=\"397\" height=\"298\" src=\"https:\/\/blogs.esam-c2.fr\/design-graphique\/files\/2021\/11\/IMG_0556.jpg\" alt=\"\" class=\"wp-image-3721\" srcset=\"https:\/\/blogs.esam-c2.fr\/design-graphique\/files\/2021\/11\/IMG_0556.jpg 397w, https:\/\/blogs.esam-c2.fr\/design-graphique\/files\/2021\/11\/IMG_0556-300x225.jpg 300w\" sizes=\"auto, (max-width: 397px) 100vw, 397px\" \/><figcaption><em>J5 : Finalisation et restitution ouverte au public (photo \u00a9sarahfouquet)<\/em><\/figcaption><\/figure>\n\n\n\n<p><\/p>\n<\/div><\/div>\n\n\n\n<p><\/p>\n","protected":false},"excerpt":{"rendered":"","protected":false},"author":7,"featured_media":0,"comment_status":"closed","ping_status":"open","sticky":false,"template":"","format":"standard","meta":{"footnotes":""},"categories":[1],"tags":[],"class_list":["post-3652","post","type-post","status-publish","format-standard","hentry","category-non-classe"],"yoast_head":"<!-- This site is optimized with the Yoast SEO plugin v27.2 - https:\/\/yoast.com\/product\/yoast-seo-wordpress\/ -->\n<title>Images du workshop avec Marion Arbona \/ Bologne - \/\/\/design graphique\/\u00e9sam-c2\/<\/title>\n<meta name=\"robots\" content=\"index, follow, max-snippet:-1, max-image-preview:large, max-video-preview:-1\" \/>\n<link rel=\"canonical\" href=\"https:\/\/blogs.esam-c2.fr\/design-graphique\/images-du-workshop-avec-marion-arbona-bologne\/\" \/>\n<meta property=\"og:locale\" content=\"fr_FR\" \/>\n<meta property=\"og:type\" content=\"article\" \/>\n<meta property=\"og:title\" content=\"Images du workshop avec Marion Arbona \/ Bologne - \/\/\/design graphique\/\u00e9sam-c2\/\" \/>\n<meta property=\"og:url\" content=\"https:\/\/blogs.esam-c2.fr\/design-graphique\/images-du-workshop-avec-marion-arbona-bologne\/\" \/>\n<meta property=\"og:site_name\" content=\"\/\/\/design graphique\/\u00e9sam-c2\/\" \/>\n<meta property=\"article:published_time\" content=\"2021-11-04T16:42:35+00:00\" \/>\n<meta property=\"article:modified_time\" content=\"2021-11-05T10:12:20+00:00\" \/>\n<meta property=\"og:image\" content=\"https:\/\/blogs.esam-c2.fr\/design-graphique\/files\/2021\/11\/IMG_0474-4.jpg\" \/>\n<meta name=\"author\" content=\"Sarah Fouquet\" \/>\n<meta name=\"twitter:card\" content=\"summary_large_image\" \/>\n<meta name=\"twitter:label1\" content=\"\u00c9crit par\" \/>\n\t<meta name=\"twitter:data1\" content=\"Sarah Fouquet\" \/>\n\t<meta name=\"twitter:label2\" content=\"Dur\u00e9e de lecture estim\u00e9e\" \/>\n\t<meta name=\"twitter:data2\" content=\"9 minutes\" \/>\n<script type=\"application\/ld+json\" class=\"yoast-schema-graph\">{\"@context\":\"https:\/\/schema.org\",\"@graph\":[{\"@type\":\"Article\",\"@id\":\"https:\/\/blogs.esam-c2.fr\/design-graphique\/images-du-workshop-avec-marion-arbona-bologne\/#article\",\"isPartOf\":{\"@id\":\"https:\/\/blogs.esam-c2.fr\/design-graphique\/images-du-workshop-avec-marion-arbona-bologne\/\"},\"author\":{\"name\":\"Sarah Fouquet\",\"@id\":\"https:\/\/blogs.esam-c2.fr\/design-graphique\/#\/schema\/person\/6efbec67260ce9db24bba1e54d41e7c6\"},\"headline\":\"Images du workshop avec Marion Arbona \/ Bologne\",\"datePublished\":\"2021-11-04T16:42:35+00:00\",\"dateModified\":\"2021-11-05T10:12:20+00:00\",\"mainEntityOfPage\":{\"@id\":\"https:\/\/blogs.esam-c2.fr\/design-graphique\/images-du-workshop-avec-marion-arbona-bologne\/\"},\"wordCount\":383,\"image\":{\"@id\":\"https:\/\/blogs.esam-c2.fr\/design-graphique\/images-du-workshop-avec-marion-arbona-bologne\/#primaryimage\"},\"thumbnailUrl\":\"https:\/\/blogs.esam-c2.fr\/design-graphique\/files\/2021\/11\/IMG_0474-4.jpg\",\"inLanguage\":\"fr-FR\"},{\"@type\":\"WebPage\",\"@id\":\"https:\/\/blogs.esam-c2.fr\/design-graphique\/images-du-workshop-avec-marion-arbona-bologne\/\",\"url\":\"https:\/\/blogs.esam-c2.fr\/design-graphique\/images-du-workshop-avec-marion-arbona-bologne\/\",\"name\":\"Images du workshop avec Marion Arbona \/ Bologne - \/\/\/design graphique\/\u00e9sam-c2\/\",\"isPartOf\":{\"@id\":\"https:\/\/blogs.esam-c2.fr\/design-graphique\/#website\"},\"primaryImageOfPage\":{\"@id\":\"https:\/\/blogs.esam-c2.fr\/design-graphique\/images-du-workshop-avec-marion-arbona-bologne\/#primaryimage\"},\"image\":{\"@id\":\"https:\/\/blogs.esam-c2.fr\/design-graphique\/images-du-workshop-avec-marion-arbona-bologne\/#primaryimage\"},\"thumbnailUrl\":\"https:\/\/blogs.esam-c2.fr\/design-graphique\/files\/2021\/11\/IMG_0474-4.jpg\",\"datePublished\":\"2021-11-04T16:42:35+00:00\",\"dateModified\":\"2021-11-05T10:12:20+00:00\",\"author\":{\"@id\":\"https:\/\/blogs.esam-c2.fr\/design-graphique\/#\/schema\/person\/6efbec67260ce9db24bba1e54d41e7c6\"},\"breadcrumb\":{\"@id\":\"https:\/\/blogs.esam-c2.fr\/design-graphique\/images-du-workshop-avec-marion-arbona-bologne\/#breadcrumb\"},\"inLanguage\":\"fr-FR\",\"potentialAction\":[{\"@type\":\"ReadAction\",\"target\":[\"https:\/\/blogs.esam-c2.fr\/design-graphique\/images-du-workshop-avec-marion-arbona-bologne\/\"]}]},{\"@type\":\"ImageObject\",\"inLanguage\":\"fr-FR\",\"@id\":\"https:\/\/blogs.esam-c2.fr\/design-graphique\/images-du-workshop-avec-marion-arbona-bologne\/#primaryimage\",\"url\":\"https:\/\/blogs.esam-c2.fr\/design-graphique\/files\/2021\/11\/IMG_0474-4.jpg\",\"contentUrl\":\"https:\/\/blogs.esam-c2.fr\/design-graphique\/files\/2021\/11\/IMG_0474-4.jpg\",\"width\":397,\"height\":298},{\"@type\":\"BreadcrumbList\",\"@id\":\"https:\/\/blogs.esam-c2.fr\/design-graphique\/images-du-workshop-avec-marion-arbona-bologne\/#breadcrumb\",\"itemListElement\":[{\"@type\":\"ListItem\",\"position\":1,\"name\":\"Accueil\",\"item\":\"https:\/\/blogs.esam-c2.fr\/design-graphique\/\"},{\"@type\":\"ListItem\",\"position\":2,\"name\":\"Images du workshop avec Marion Arbona \/ Bologne\"}]},{\"@type\":\"WebSite\",\"@id\":\"https:\/\/blogs.esam-c2.fr\/design-graphique\/#website\",\"url\":\"https:\/\/blogs.esam-c2.fr\/design-graphique\/\",\"name\":\"\/\/\/design graphique\/\u00e9sam-c2\/\",\"description\":\"site d&#039;archives et d&#039;informations \/ cours de graphisme \/ Caen\",\"potentialAction\":[{\"@type\":\"SearchAction\",\"target\":{\"@type\":\"EntryPoint\",\"urlTemplate\":\"https:\/\/blogs.esam-c2.fr\/design-graphique\/?s={search_term_string}\"},\"query-input\":{\"@type\":\"PropertyValueSpecification\",\"valueRequired\":true,\"valueName\":\"search_term_string\"}}],\"inLanguage\":\"fr-FR\"},{\"@type\":\"Person\",\"@id\":\"https:\/\/blogs.esam-c2.fr\/design-graphique\/#\/schema\/person\/6efbec67260ce9db24bba1e54d41e7c6\",\"name\":\"Sarah Fouquet\",\"image\":{\"@type\":\"ImageObject\",\"inLanguage\":\"fr-FR\",\"@id\":\"https:\/\/secure.gravatar.com\/avatar\/626f51a6ce51986c9e9cb4180fd263979c686cef2e0eff37e4a86a5095755363?s=96&d=mm&r=g\",\"url\":\"https:\/\/secure.gravatar.com\/avatar\/626f51a6ce51986c9e9cb4180fd263979c686cef2e0eff37e4a86a5095755363?s=96&d=mm&r=g\",\"contentUrl\":\"https:\/\/secure.gravatar.com\/avatar\/626f51a6ce51986c9e9cb4180fd263979c686cef2e0eff37e4a86a5095755363?s=96&d=mm&r=g\",\"caption\":\"Sarah Fouquet\"},\"description\":\"Dessinatrice, graphiste, auto-\u00e9ditrice, enseigne l'image dans le d\u00e9partement design graphique de l'\u00e9cole sup\u00e9rieure d\u2019arts et m\u00e9dias de Caen\",\"url\":\"https:\/\/blogs.esam-c2.fr\/design-graphique\/author\/design-graphique\/\"}]}<\/script>\n<!-- \/ Yoast SEO plugin. -->","yoast_head_json":{"title":"Images du workshop avec Marion Arbona \/ Bologne - \/\/\/design graphique\/\u00e9sam-c2\/","robots":{"index":"index","follow":"follow","max-snippet":"max-snippet:-1","max-image-preview":"max-image-preview:large","max-video-preview":"max-video-preview:-1"},"canonical":"https:\/\/blogs.esam-c2.fr\/design-graphique\/images-du-workshop-avec-marion-arbona-bologne\/","og_locale":"fr_FR","og_type":"article","og_title":"Images du workshop avec Marion Arbona \/ Bologne - \/\/\/design graphique\/\u00e9sam-c2\/","og_url":"https:\/\/blogs.esam-c2.fr\/design-graphique\/images-du-workshop-avec-marion-arbona-bologne\/","og_site_name":"\/\/\/design graphique\/\u00e9sam-c2\/","article_published_time":"2021-11-04T16:42:35+00:00","article_modified_time":"2021-11-05T10:12:20+00:00","og_image":[{"url":"https:\/\/blogs.esam-c2.fr\/design-graphique\/files\/2021\/11\/IMG_0474-4.jpg","type":"","width":"","height":""}],"author":"Sarah Fouquet","twitter_card":"summary_large_image","twitter_misc":{"\u00c9crit par":"Sarah Fouquet","Dur\u00e9e de lecture estim\u00e9e":"9 minutes"},"schema":{"@context":"https:\/\/schema.org","@graph":[{"@type":"Article","@id":"https:\/\/blogs.esam-c2.fr\/design-graphique\/images-du-workshop-avec-marion-arbona-bologne\/#article","isPartOf":{"@id":"https:\/\/blogs.esam-c2.fr\/design-graphique\/images-du-workshop-avec-marion-arbona-bologne\/"},"author":{"name":"Sarah Fouquet","@id":"https:\/\/blogs.esam-c2.fr\/design-graphique\/#\/schema\/person\/6efbec67260ce9db24bba1e54d41e7c6"},"headline":"Images du workshop avec Marion Arbona \/ Bologne","datePublished":"2021-11-04T16:42:35+00:00","dateModified":"2021-11-05T10:12:20+00:00","mainEntityOfPage":{"@id":"https:\/\/blogs.esam-c2.fr\/design-graphique\/images-du-workshop-avec-marion-arbona-bologne\/"},"wordCount":383,"image":{"@id":"https:\/\/blogs.esam-c2.fr\/design-graphique\/images-du-workshop-avec-marion-arbona-bologne\/#primaryimage"},"thumbnailUrl":"https:\/\/blogs.esam-c2.fr\/design-graphique\/files\/2021\/11\/IMG_0474-4.jpg","inLanguage":"fr-FR"},{"@type":"WebPage","@id":"https:\/\/blogs.esam-c2.fr\/design-graphique\/images-du-workshop-avec-marion-arbona-bologne\/","url":"https:\/\/blogs.esam-c2.fr\/design-graphique\/images-du-workshop-avec-marion-arbona-bologne\/","name":"Images du workshop avec Marion Arbona \/ Bologne - \/\/\/design graphique\/\u00e9sam-c2\/","isPartOf":{"@id":"https:\/\/blogs.esam-c2.fr\/design-graphique\/#website"},"primaryImageOfPage":{"@id":"https:\/\/blogs.esam-c2.fr\/design-graphique\/images-du-workshop-avec-marion-arbona-bologne\/#primaryimage"},"image":{"@id":"https:\/\/blogs.esam-c2.fr\/design-graphique\/images-du-workshop-avec-marion-arbona-bologne\/#primaryimage"},"thumbnailUrl":"https:\/\/blogs.esam-c2.fr\/design-graphique\/files\/2021\/11\/IMG_0474-4.jpg","datePublished":"2021-11-04T16:42:35+00:00","dateModified":"2021-11-05T10:12:20+00:00","author":{"@id":"https:\/\/blogs.esam-c2.fr\/design-graphique\/#\/schema\/person\/6efbec67260ce9db24bba1e54d41e7c6"},"breadcrumb":{"@id":"https:\/\/blogs.esam-c2.fr\/design-graphique\/images-du-workshop-avec-marion-arbona-bologne\/#breadcrumb"},"inLanguage":"fr-FR","potentialAction":[{"@type":"ReadAction","target":["https:\/\/blogs.esam-c2.fr\/design-graphique\/images-du-workshop-avec-marion-arbona-bologne\/"]}]},{"@type":"ImageObject","inLanguage":"fr-FR","@id":"https:\/\/blogs.esam-c2.fr\/design-graphique\/images-du-workshop-avec-marion-arbona-bologne\/#primaryimage","url":"https:\/\/blogs.esam-c2.fr\/design-graphique\/files\/2021\/11\/IMG_0474-4.jpg","contentUrl":"https:\/\/blogs.esam-c2.fr\/design-graphique\/files\/2021\/11\/IMG_0474-4.jpg","width":397,"height":298},{"@type":"BreadcrumbList","@id":"https:\/\/blogs.esam-c2.fr\/design-graphique\/images-du-workshop-avec-marion-arbona-bologne\/#breadcrumb","itemListElement":[{"@type":"ListItem","position":1,"name":"Accueil","item":"https:\/\/blogs.esam-c2.fr\/design-graphique\/"},{"@type":"ListItem","position":2,"name":"Images du workshop avec Marion Arbona \/ Bologne"}]},{"@type":"WebSite","@id":"https:\/\/blogs.esam-c2.fr\/design-graphique\/#website","url":"https:\/\/blogs.esam-c2.fr\/design-graphique\/","name":"\/\/\/design graphique\/\u00e9sam-c2\/","description":"site d&#039;archives et d&#039;informations \/ cours de graphisme \/ Caen","potentialAction":[{"@type":"SearchAction","target":{"@type":"EntryPoint","urlTemplate":"https:\/\/blogs.esam-c2.fr\/design-graphique\/?s={search_term_string}"},"query-input":{"@type":"PropertyValueSpecification","valueRequired":true,"valueName":"search_term_string"}}],"inLanguage":"fr-FR"},{"@type":"Person","@id":"https:\/\/blogs.esam-c2.fr\/design-graphique\/#\/schema\/person\/6efbec67260ce9db24bba1e54d41e7c6","name":"Sarah Fouquet","image":{"@type":"ImageObject","inLanguage":"fr-FR","@id":"https:\/\/secure.gravatar.com\/avatar\/626f51a6ce51986c9e9cb4180fd263979c686cef2e0eff37e4a86a5095755363?s=96&d=mm&r=g","url":"https:\/\/secure.gravatar.com\/avatar\/626f51a6ce51986c9e9cb4180fd263979c686cef2e0eff37e4a86a5095755363?s=96&d=mm&r=g","contentUrl":"https:\/\/secure.gravatar.com\/avatar\/626f51a6ce51986c9e9cb4180fd263979c686cef2e0eff37e4a86a5095755363?s=96&d=mm&r=g","caption":"Sarah Fouquet"},"description":"Dessinatrice, graphiste, auto-\u00e9ditrice, enseigne l'image dans le d\u00e9partement design graphique de l'\u00e9cole sup\u00e9rieure d\u2019arts et m\u00e9dias de Caen","url":"https:\/\/blogs.esam-c2.fr\/design-graphique\/author\/design-graphique\/"}]}},"_links":{"self":[{"href":"https:\/\/blogs.esam-c2.fr\/design-graphique\/wp-json\/wp\/v2\/posts\/3652","targetHints":{"allow":["GET"]}}],"collection":[{"href":"https:\/\/blogs.esam-c2.fr\/design-graphique\/wp-json\/wp\/v2\/posts"}],"about":[{"href":"https:\/\/blogs.esam-c2.fr\/design-graphique\/wp-json\/wp\/v2\/types\/post"}],"author":[{"embeddable":true,"href":"https:\/\/blogs.esam-c2.fr\/design-graphique\/wp-json\/wp\/v2\/users\/7"}],"replies":[{"embeddable":true,"href":"https:\/\/blogs.esam-c2.fr\/design-graphique\/wp-json\/wp\/v2\/comments?post=3652"}],"version-history":[{"count":9,"href":"https:\/\/blogs.esam-c2.fr\/design-graphique\/wp-json\/wp\/v2\/posts\/3652\/revisions"}],"predecessor-version":[{"id":3722,"href":"https:\/\/blogs.esam-c2.fr\/design-graphique\/wp-json\/wp\/v2\/posts\/3652\/revisions\/3722"}],"wp:attachment":[{"href":"https:\/\/blogs.esam-c2.fr\/design-graphique\/wp-json\/wp\/v2\/media?parent=3652"}],"wp:term":[{"taxonomy":"category","embeddable":true,"href":"https:\/\/blogs.esam-c2.fr\/design-graphique\/wp-json\/wp\/v2\/categories?post=3652"},{"taxonomy":"post_tag","embeddable":true,"href":"https:\/\/blogs.esam-c2.fr\/design-graphique\/wp-json\/wp\/v2\/tags?post=3652"}],"curies":[{"name":"wp","href":"https:\/\/api.w.org\/{rel}","templated":true}]}}