{"id":3853,"date":"2022-04-04T12:14:32","date_gmt":"2022-04-04T12:14:32","guid":{"rendered":"https:\/\/blogs.esam-c2.fr\/design-graphique\/?p=3853"},"modified":"2022-04-04T12:52:59","modified_gmt":"2022-04-04T12:52:59","slug":"3853-2","status":"publish","type":"post","link":"https:\/\/blogs.esam-c2.fr\/design-graphique\/3853-2\/","title":{"rendered":"Images \u00e0 r\u00e9action[s] \/ Images graphiques d&rsquo;actualit\u00e9s"},"content":{"rendered":"\n<p>Ces images pr\u00e9sent\u00e9es aujourd\u2019hui sont le r\u00e9sultat d\u2019un jumelage des cours \u00ab Images graphiques d\u2019actualit\u00e9s \u00bb et de \u00ab Images \u00e0 r\u00e9action[s] \u00bb dispens\u00e9s par Sarah Fouquet \u00e0 l\u2019ESAM Caen et par Gilles Dupuis \u00e0 l\u2019ESAC Cambrai. Les affiches produites par les \u00e9tudiant\u00b7es de Caen lors de la venue de Gilles Dupuis, autour des violences sexuelles faites aux femmes, ont \u00e9t\u00e9 accroch\u00e9es au sein de l&rsquo;\u00e9cole de Cambrai. <\/p>\n\n\n\n<figure class=\"wp-block-image size-full is-resized\"><img loading=\"lazy\" decoding=\"async\" src=\"https:\/\/blogs.esam-c2.fr\/design-graphique\/files\/2022\/04\/AccrochageCambrai_1.jpg\" alt=\"\" class=\"wp-image-3854\" width=\"397\" height=\"298\" srcset=\"https:\/\/blogs.esam-c2.fr\/design-graphique\/files\/2022\/04\/AccrochageCambrai_1.jpg 397w, https:\/\/blogs.esam-c2.fr\/design-graphique\/files\/2022\/04\/AccrochageCambrai_1-300x225.jpg 300w\" sizes=\"auto, (max-width: 397px) 100vw, 397px\" \/><figcaption>photo \u00a9 Gilles Dupuis<\/figcaption><\/figure>\n\n\n\n<figure class=\"wp-block-image size-full\"><img loading=\"lazy\" decoding=\"async\" width=\"397\" height=\"298\" src=\"https:\/\/blogs.esam-c2.fr\/design-graphique\/files\/2022\/04\/AccrochageCambrai_10.jpg\" alt=\"\" class=\"wp-image-3855\" srcset=\"https:\/\/blogs.esam-c2.fr\/design-graphique\/files\/2022\/04\/AccrochageCambrai_10.jpg 397w, https:\/\/blogs.esam-c2.fr\/design-graphique\/files\/2022\/04\/AccrochageCambrai_10-300x225.jpg 300w\" sizes=\"auto, (max-width: 397px) 100vw, 397px\" \/><figcaption>photo \u00a9 Gilles Dupuis<\/figcaption><\/figure>\n\n\n\n<figure class=\"wp-block-image size-full is-resized\"><img loading=\"lazy\" decoding=\"async\" src=\"https:\/\/blogs.esam-c2.fr\/design-graphique\/files\/2022\/04\/AccrochageCambrai_2.jpg\" alt=\"\" class=\"wp-image-3856\" width=\"397\" height=\"298\" srcset=\"https:\/\/blogs.esam-c2.fr\/design-graphique\/files\/2022\/04\/AccrochageCambrai_2.jpg 397w, https:\/\/blogs.esam-c2.fr\/design-graphique\/files\/2022\/04\/AccrochageCambrai_2-300x225.jpg 300w\" sizes=\"auto, (max-width: 397px) 100vw, 397px\" \/><figcaption>\u00e0 gauche une affiche de Louna Moulin et \u00e0 droite de Marie-Cl\u00e9mence Bourgeois (s\u00e9lectionn\u00e9e pour le concours Presse Citron}BNF), photo \u00a9 Gilles Dupuis<\/figcaption><\/figure>\n\n\n\n<figure class=\"wp-block-image size-full is-resized\"><img loading=\"lazy\" decoding=\"async\" src=\"https:\/\/blogs.esam-c2.fr\/design-graphique\/files\/2022\/04\/AccrochageCambrai_4.jpg\" alt=\"\" class=\"wp-image-3857\" width=\"397\" height=\"298\" srcset=\"https:\/\/blogs.esam-c2.fr\/design-graphique\/files\/2022\/04\/AccrochageCambrai_4.jpg 397w, https:\/\/blogs.esam-c2.fr\/design-graphique\/files\/2022\/04\/AccrochageCambrai_4-300x225.jpg 300w\" sizes=\"auto, (max-width: 397px) 100vw, 397px\" \/><figcaption>Tout \u00e0 gauche, une affiche de Meevie Ameline, photo \u00a9 Gilles Dupuis<\/figcaption><\/figure>\n\n\n\n<figure class=\"wp-block-image size-full\"><img loading=\"lazy\" decoding=\"async\" width=\"397\" height=\"298\" src=\"https:\/\/blogs.esam-c2.fr\/design-graphique\/files\/2022\/04\/AccrochageCambrai_5.jpg\" alt=\"\" class=\"wp-image-3858\" srcset=\"https:\/\/blogs.esam-c2.fr\/design-graphique\/files\/2022\/04\/AccrochageCambrai_5.jpg 397w, https:\/\/blogs.esam-c2.fr\/design-graphique\/files\/2022\/04\/AccrochageCambrai_5-300x225.jpg 300w\" sizes=\"auto, (max-width: 397px) 100vw, 397px\" \/><figcaption>\u00c0 gauche une affiche de Ma\u00e9va Vincent et \u00e0 droite de Louna Moulin, photo \u00a9 Gilles Dupuis<\/figcaption><\/figure>\n\n\n\n<figure class=\"wp-block-image size-full is-resized\"><img loading=\"lazy\" decoding=\"async\" src=\"https:\/\/blogs.esam-c2.fr\/design-graphique\/files\/2022\/04\/AccrochageCambrai_6.jpg\" alt=\"\" class=\"wp-image-3859\" width=\"397\" height=\"298\" srcset=\"https:\/\/blogs.esam-c2.fr\/design-graphique\/files\/2022\/04\/AccrochageCambrai_6.jpg 397w, https:\/\/blogs.esam-c2.fr\/design-graphique\/files\/2022\/04\/AccrochageCambrai_6-300x225.jpg 300w\" sizes=\"auto, (max-width: 397px) 100vw, 397px\" \/><figcaption>\u00c0 gauche, une affiche de Naw Eh Hser Wah et \u00e0 droite de Julie Bire, photo \u00a9 Gilles Dupuis<\/figcaption><\/figure>\n\n\n\n<figure class=\"wp-block-image size-full\"><img loading=\"lazy\" decoding=\"async\" width=\"397\" height=\"298\" src=\"https:\/\/blogs.esam-c2.fr\/design-graphique\/files\/2022\/04\/AccrochageCambrai_8.jpg\" alt=\"\" class=\"wp-image-3860\" srcset=\"https:\/\/blogs.esam-c2.fr\/design-graphique\/files\/2022\/04\/AccrochageCambrai_8.jpg 397w, https:\/\/blogs.esam-c2.fr\/design-graphique\/files\/2022\/04\/AccrochageCambrai_8-300x225.jpg 300w\" sizes=\"auto, (max-width: 397px) 100vw, 397px\" \/><figcaption>\u00c0 gauche, une affiche de Guyliane Delorme et \u00e0 droite d&rsquo;\u00c9mily Sallou, photo \u00a9 Gilles Dupuis<\/figcaption><\/figure>\n\n\n\n<figure class=\"wp-block-image size-full\"><img loading=\"lazy\" decoding=\"async\" width=\"397\" height=\"298\" src=\"https:\/\/blogs.esam-c2.fr\/design-graphique\/files\/2022\/04\/AccrochageCambrai_9.jpg\" alt=\"\" class=\"wp-image-3861\" srcset=\"https:\/\/blogs.esam-c2.fr\/design-graphique\/files\/2022\/04\/AccrochageCambrai_9.jpg 397w, https:\/\/blogs.esam-c2.fr\/design-graphique\/files\/2022\/04\/AccrochageCambrai_9-300x225.jpg 300w\" sizes=\"auto, (max-width: 397px) 100vw, 397px\" \/><figcaption>\u00c0 gauche, une affiche de Bastian Delambre et \u00e0 droite de Marie Gillet, photo \u00a9 Gilles Dupuis<\/figcaption><\/figure>\n\n\n\n<p>&nbsp;<\/p>\n\n\n\n<p><\/p>\n\n\n\n<p><\/p>\n","protected":false},"excerpt":{"rendered":"<p>Ces images pr\u00e9sent\u00e9es aujourd\u2019hui sont le r\u00e9sultat d\u2019un jumelage des cours \u00ab Images graphiques d\u2019actualit\u00e9s \u00bb et de \u00ab Images \u00e0 r\u00e9action[s] \u00bb dispens\u00e9s par Sarah Fouquet \u00e0 l\u2019ESAM Caen et par Gilles Dupuis \u00e0 l\u2019ESAC Cambrai. Les affiches produites &hellip; <a href=\"https:\/\/blogs.esam-c2.fr\/design-graphique\/3853-2\/\">Continuer la lecture <span class=\"meta-nav\">&rarr;<\/span><\/a><\/p>\n","protected":false},"author":7,"featured_media":0,"comment_status":"closed","ping_status":"open","sticky":false,"template":"","format":"standard","meta":{"footnotes":""},"categories":[1],"tags":[],"class_list":["post-3853","post","type-post","status-publish","format-standard","hentry","category-non-classe"],"yoast_head":"<!-- This site is optimized with the Yoast SEO plugin v27.2 - https:\/\/yoast.com\/product\/yoast-seo-wordpress\/ -->\n<title>Images \u00e0 r\u00e9action[s] \/ Images graphiques d&#039;actualit\u00e9s - \/\/\/design graphique\/\u00e9sam-c2\/<\/title>\n<meta name=\"robots\" content=\"index, follow, max-snippet:-1, max-image-preview:large, max-video-preview:-1\" \/>\n<link rel=\"canonical\" href=\"https:\/\/blogs.esam-c2.fr\/design-graphique\/3853-2\/\" \/>\n<meta property=\"og:locale\" content=\"fr_FR\" \/>\n<meta property=\"og:type\" content=\"article\" \/>\n<meta property=\"og:title\" content=\"Images \u00e0 r\u00e9action[s] \/ Images graphiques d&#039;actualit\u00e9s - \/\/\/design graphique\/\u00e9sam-c2\/\" \/>\n<meta property=\"og:description\" content=\"Ces images pr\u00e9sent\u00e9es aujourd\u2019hui sont le r\u00e9sultat d\u2019un jumelage des cours \u00ab Images graphiques d\u2019actualit\u00e9s \u00bb et de \u00ab Images \u00e0 r\u00e9action[s] \u00bb dispens\u00e9s par Sarah Fouquet \u00e0 l\u2019ESAM Caen et par Gilles Dupuis \u00e0 l\u2019ESAC Cambrai. Les affiches produites &hellip; Continuer la lecture &rarr;\" \/>\n<meta property=\"og:url\" content=\"https:\/\/blogs.esam-c2.fr\/design-graphique\/3853-2\/\" \/>\n<meta property=\"og:site_name\" content=\"\/\/\/design graphique\/\u00e9sam-c2\/\" \/>\n<meta property=\"article:published_time\" content=\"2022-04-04T12:14:32+00:00\" \/>\n<meta property=\"article:modified_time\" content=\"2022-04-04T12:52:59+00:00\" \/>\n<meta property=\"og:image\" content=\"https:\/\/blogs.esam-c2.fr\/design-graphique\/files\/2022\/04\/AccrochageCambrai_1.jpg\" \/>\n<meta name=\"author\" content=\"Sarah Fouquet\" \/>\n<meta name=\"twitter:card\" content=\"summary_large_image\" \/>\n<meta name=\"twitter:label1\" content=\"\u00c9crit par\" \/>\n\t<meta name=\"twitter:data1\" content=\"Sarah Fouquet\" \/>\n\t<meta name=\"twitter:label2\" content=\"Dur\u00e9e de lecture estim\u00e9e\" \/>\n\t<meta name=\"twitter:data2\" content=\"3 minutes\" \/>\n<script type=\"application\/ld+json\" class=\"yoast-schema-graph\">{\"@context\":\"https:\/\/schema.org\",\"@graph\":[{\"@type\":\"Article\",\"@id\":\"https:\/\/blogs.esam-c2.fr\/design-graphique\/3853-2\/#article\",\"isPartOf\":{\"@id\":\"https:\/\/blogs.esam-c2.fr\/design-graphique\/3853-2\/\"},\"author\":{\"name\":\"Sarah Fouquet\",\"@id\":\"https:\/\/blogs.esam-c2.fr\/design-graphique\/#\/schema\/person\/6efbec67260ce9db24bba1e54d41e7c6\"},\"headline\":\"Images \u00e0 r\u00e9action[s] \/ Images graphiques d&rsquo;actualit\u00e9s\",\"datePublished\":\"2022-04-04T12:14:32+00:00\",\"dateModified\":\"2022-04-04T12:52:59+00:00\",\"mainEntityOfPage\":{\"@id\":\"https:\/\/blogs.esam-c2.fr\/design-graphique\/3853-2\/\"},\"wordCount\":185,\"image\":{\"@id\":\"https:\/\/blogs.esam-c2.fr\/design-graphique\/3853-2\/#primaryimage\"},\"thumbnailUrl\":\"https:\/\/blogs.esam-c2.fr\/design-graphique\/files\/2022\/04\/AccrochageCambrai_1.jpg\",\"inLanguage\":\"fr-FR\"},{\"@type\":\"WebPage\",\"@id\":\"https:\/\/blogs.esam-c2.fr\/design-graphique\/3853-2\/\",\"url\":\"https:\/\/blogs.esam-c2.fr\/design-graphique\/3853-2\/\",\"name\":\"Images \u00e0 r\u00e9action[s] \/ Images graphiques d'actualit\u00e9s - \/\/\/design graphique\/\u00e9sam-c2\/\",\"isPartOf\":{\"@id\":\"https:\/\/blogs.esam-c2.fr\/design-graphique\/#website\"},\"primaryImageOfPage\":{\"@id\":\"https:\/\/blogs.esam-c2.fr\/design-graphique\/3853-2\/#primaryimage\"},\"image\":{\"@id\":\"https:\/\/blogs.esam-c2.fr\/design-graphique\/3853-2\/#primaryimage\"},\"thumbnailUrl\":\"https:\/\/blogs.esam-c2.fr\/design-graphique\/files\/2022\/04\/AccrochageCambrai_1.jpg\",\"datePublished\":\"2022-04-04T12:14:32+00:00\",\"dateModified\":\"2022-04-04T12:52:59+00:00\",\"author\":{\"@id\":\"https:\/\/blogs.esam-c2.fr\/design-graphique\/#\/schema\/person\/6efbec67260ce9db24bba1e54d41e7c6\"},\"breadcrumb\":{\"@id\":\"https:\/\/blogs.esam-c2.fr\/design-graphique\/3853-2\/#breadcrumb\"},\"inLanguage\":\"fr-FR\",\"potentialAction\":[{\"@type\":\"ReadAction\",\"target\":[\"https:\/\/blogs.esam-c2.fr\/design-graphique\/3853-2\/\"]}]},{\"@type\":\"ImageObject\",\"inLanguage\":\"fr-FR\",\"@id\":\"https:\/\/blogs.esam-c2.fr\/design-graphique\/3853-2\/#primaryimage\",\"url\":\"https:\/\/blogs.esam-c2.fr\/design-graphique\/files\/2022\/04\/AccrochageCambrai_1.jpg\",\"contentUrl\":\"https:\/\/blogs.esam-c2.fr\/design-graphique\/files\/2022\/04\/AccrochageCambrai_1.jpg\",\"width\":397,\"height\":298},{\"@type\":\"BreadcrumbList\",\"@id\":\"https:\/\/blogs.esam-c2.fr\/design-graphique\/3853-2\/#breadcrumb\",\"itemListElement\":[{\"@type\":\"ListItem\",\"position\":1,\"name\":\"Accueil\",\"item\":\"https:\/\/blogs.esam-c2.fr\/design-graphique\/\"},{\"@type\":\"ListItem\",\"position\":2,\"name\":\"Images \u00e0 r\u00e9action[s] \/ Images graphiques d&rsquo;actualit\u00e9s\"}]},{\"@type\":\"WebSite\",\"@id\":\"https:\/\/blogs.esam-c2.fr\/design-graphique\/#website\",\"url\":\"https:\/\/blogs.esam-c2.fr\/design-graphique\/\",\"name\":\"\/\/\/design graphique\/\u00e9sam-c2\/\",\"description\":\"site d&#039;archives et d&#039;informations \/ cours de graphisme \/ Caen\",\"potentialAction\":[{\"@type\":\"SearchAction\",\"target\":{\"@type\":\"EntryPoint\",\"urlTemplate\":\"https:\/\/blogs.esam-c2.fr\/design-graphique\/?s={search_term_string}\"},\"query-input\":{\"@type\":\"PropertyValueSpecification\",\"valueRequired\":true,\"valueName\":\"search_term_string\"}}],\"inLanguage\":\"fr-FR\"},{\"@type\":\"Person\",\"@id\":\"https:\/\/blogs.esam-c2.fr\/design-graphique\/#\/schema\/person\/6efbec67260ce9db24bba1e54d41e7c6\",\"name\":\"Sarah Fouquet\",\"image\":{\"@type\":\"ImageObject\",\"inLanguage\":\"fr-FR\",\"@id\":\"https:\/\/secure.gravatar.com\/avatar\/626f51a6ce51986c9e9cb4180fd263979c686cef2e0eff37e4a86a5095755363?s=96&d=mm&r=g\",\"url\":\"https:\/\/secure.gravatar.com\/avatar\/626f51a6ce51986c9e9cb4180fd263979c686cef2e0eff37e4a86a5095755363?s=96&d=mm&r=g\",\"contentUrl\":\"https:\/\/secure.gravatar.com\/avatar\/626f51a6ce51986c9e9cb4180fd263979c686cef2e0eff37e4a86a5095755363?s=96&d=mm&r=g\",\"caption\":\"Sarah Fouquet\"},\"description\":\"Dessinatrice, graphiste, auto-\u00e9ditrice, enseigne l'image dans le d\u00e9partement design graphique de l'\u00e9cole sup\u00e9rieure d\u2019arts et m\u00e9dias de Caen\",\"url\":\"https:\/\/blogs.esam-c2.fr\/design-graphique\/author\/design-graphique\/\"}]}<\/script>\n<!-- \/ Yoast SEO plugin. -->","yoast_head_json":{"title":"Images \u00e0 r\u00e9action[s] \/ Images graphiques d'actualit\u00e9s - \/\/\/design graphique\/\u00e9sam-c2\/","robots":{"index":"index","follow":"follow","max-snippet":"max-snippet:-1","max-image-preview":"max-image-preview:large","max-video-preview":"max-video-preview:-1"},"canonical":"https:\/\/blogs.esam-c2.fr\/design-graphique\/3853-2\/","og_locale":"fr_FR","og_type":"article","og_title":"Images \u00e0 r\u00e9action[s] \/ Images graphiques d'actualit\u00e9s - \/\/\/design graphique\/\u00e9sam-c2\/","og_description":"Ces images pr\u00e9sent\u00e9es aujourd\u2019hui sont le r\u00e9sultat d\u2019un jumelage des cours \u00ab Images graphiques d\u2019actualit\u00e9s \u00bb et de \u00ab Images \u00e0 r\u00e9action[s] \u00bb dispens\u00e9s par Sarah Fouquet \u00e0 l\u2019ESAM Caen et par Gilles Dupuis \u00e0 l\u2019ESAC Cambrai. Les affiches produites &hellip; Continuer la lecture &rarr;","og_url":"https:\/\/blogs.esam-c2.fr\/design-graphique\/3853-2\/","og_site_name":"\/\/\/design graphique\/\u00e9sam-c2\/","article_published_time":"2022-04-04T12:14:32+00:00","article_modified_time":"2022-04-04T12:52:59+00:00","og_image":[{"url":"https:\/\/blogs.esam-c2.fr\/design-graphique\/files\/2022\/04\/AccrochageCambrai_1.jpg","type":"","width":"","height":""}],"author":"Sarah Fouquet","twitter_card":"summary_large_image","twitter_misc":{"\u00c9crit par":"Sarah Fouquet","Dur\u00e9e de lecture estim\u00e9e":"3 minutes"},"schema":{"@context":"https:\/\/schema.org","@graph":[{"@type":"Article","@id":"https:\/\/blogs.esam-c2.fr\/design-graphique\/3853-2\/#article","isPartOf":{"@id":"https:\/\/blogs.esam-c2.fr\/design-graphique\/3853-2\/"},"author":{"name":"Sarah Fouquet","@id":"https:\/\/blogs.esam-c2.fr\/design-graphique\/#\/schema\/person\/6efbec67260ce9db24bba1e54d41e7c6"},"headline":"Images \u00e0 r\u00e9action[s] \/ Images graphiques d&rsquo;actualit\u00e9s","datePublished":"2022-04-04T12:14:32+00:00","dateModified":"2022-04-04T12:52:59+00:00","mainEntityOfPage":{"@id":"https:\/\/blogs.esam-c2.fr\/design-graphique\/3853-2\/"},"wordCount":185,"image":{"@id":"https:\/\/blogs.esam-c2.fr\/design-graphique\/3853-2\/#primaryimage"},"thumbnailUrl":"https:\/\/blogs.esam-c2.fr\/design-graphique\/files\/2022\/04\/AccrochageCambrai_1.jpg","inLanguage":"fr-FR"},{"@type":"WebPage","@id":"https:\/\/blogs.esam-c2.fr\/design-graphique\/3853-2\/","url":"https:\/\/blogs.esam-c2.fr\/design-graphique\/3853-2\/","name":"Images \u00e0 r\u00e9action[s] \/ Images graphiques d'actualit\u00e9s - \/\/\/design graphique\/\u00e9sam-c2\/","isPartOf":{"@id":"https:\/\/blogs.esam-c2.fr\/design-graphique\/#website"},"primaryImageOfPage":{"@id":"https:\/\/blogs.esam-c2.fr\/design-graphique\/3853-2\/#primaryimage"},"image":{"@id":"https:\/\/blogs.esam-c2.fr\/design-graphique\/3853-2\/#primaryimage"},"thumbnailUrl":"https:\/\/blogs.esam-c2.fr\/design-graphique\/files\/2022\/04\/AccrochageCambrai_1.jpg","datePublished":"2022-04-04T12:14:32+00:00","dateModified":"2022-04-04T12:52:59+00:00","author":{"@id":"https:\/\/blogs.esam-c2.fr\/design-graphique\/#\/schema\/person\/6efbec67260ce9db24bba1e54d41e7c6"},"breadcrumb":{"@id":"https:\/\/blogs.esam-c2.fr\/design-graphique\/3853-2\/#breadcrumb"},"inLanguage":"fr-FR","potentialAction":[{"@type":"ReadAction","target":["https:\/\/blogs.esam-c2.fr\/design-graphique\/3853-2\/"]}]},{"@type":"ImageObject","inLanguage":"fr-FR","@id":"https:\/\/blogs.esam-c2.fr\/design-graphique\/3853-2\/#primaryimage","url":"https:\/\/blogs.esam-c2.fr\/design-graphique\/files\/2022\/04\/AccrochageCambrai_1.jpg","contentUrl":"https:\/\/blogs.esam-c2.fr\/design-graphique\/files\/2022\/04\/AccrochageCambrai_1.jpg","width":397,"height":298},{"@type":"BreadcrumbList","@id":"https:\/\/blogs.esam-c2.fr\/design-graphique\/3853-2\/#breadcrumb","itemListElement":[{"@type":"ListItem","position":1,"name":"Accueil","item":"https:\/\/blogs.esam-c2.fr\/design-graphique\/"},{"@type":"ListItem","position":2,"name":"Images \u00e0 r\u00e9action[s] \/ Images graphiques d&rsquo;actualit\u00e9s"}]},{"@type":"WebSite","@id":"https:\/\/blogs.esam-c2.fr\/design-graphique\/#website","url":"https:\/\/blogs.esam-c2.fr\/design-graphique\/","name":"\/\/\/design graphique\/\u00e9sam-c2\/","description":"site d&#039;archives et d&#039;informations \/ cours de graphisme \/ Caen","potentialAction":[{"@type":"SearchAction","target":{"@type":"EntryPoint","urlTemplate":"https:\/\/blogs.esam-c2.fr\/design-graphique\/?s={search_term_string}"},"query-input":{"@type":"PropertyValueSpecification","valueRequired":true,"valueName":"search_term_string"}}],"inLanguage":"fr-FR"},{"@type":"Person","@id":"https:\/\/blogs.esam-c2.fr\/design-graphique\/#\/schema\/person\/6efbec67260ce9db24bba1e54d41e7c6","name":"Sarah Fouquet","image":{"@type":"ImageObject","inLanguage":"fr-FR","@id":"https:\/\/secure.gravatar.com\/avatar\/626f51a6ce51986c9e9cb4180fd263979c686cef2e0eff37e4a86a5095755363?s=96&d=mm&r=g","url":"https:\/\/secure.gravatar.com\/avatar\/626f51a6ce51986c9e9cb4180fd263979c686cef2e0eff37e4a86a5095755363?s=96&d=mm&r=g","contentUrl":"https:\/\/secure.gravatar.com\/avatar\/626f51a6ce51986c9e9cb4180fd263979c686cef2e0eff37e4a86a5095755363?s=96&d=mm&r=g","caption":"Sarah Fouquet"},"description":"Dessinatrice, graphiste, auto-\u00e9ditrice, enseigne l'image dans le d\u00e9partement design graphique de l'\u00e9cole sup\u00e9rieure d\u2019arts et m\u00e9dias de Caen","url":"https:\/\/blogs.esam-c2.fr\/design-graphique\/author\/design-graphique\/"}]}},"_links":{"self":[{"href":"https:\/\/blogs.esam-c2.fr\/design-graphique\/wp-json\/wp\/v2\/posts\/3853","targetHints":{"allow":["GET"]}}],"collection":[{"href":"https:\/\/blogs.esam-c2.fr\/design-graphique\/wp-json\/wp\/v2\/posts"}],"about":[{"href":"https:\/\/blogs.esam-c2.fr\/design-graphique\/wp-json\/wp\/v2\/types\/post"}],"author":[{"embeddable":true,"href":"https:\/\/blogs.esam-c2.fr\/design-graphique\/wp-json\/wp\/v2\/users\/7"}],"replies":[{"embeddable":true,"href":"https:\/\/blogs.esam-c2.fr\/design-graphique\/wp-json\/wp\/v2\/comments?post=3853"}],"version-history":[{"count":3,"href":"https:\/\/blogs.esam-c2.fr\/design-graphique\/wp-json\/wp\/v2\/posts\/3853\/revisions"}],"predecessor-version":[{"id":3878,"href":"https:\/\/blogs.esam-c2.fr\/design-graphique\/wp-json\/wp\/v2\/posts\/3853\/revisions\/3878"}],"wp:attachment":[{"href":"https:\/\/blogs.esam-c2.fr\/design-graphique\/wp-json\/wp\/v2\/media?parent=3853"}],"wp:term":[{"taxonomy":"category","embeddable":true,"href":"https:\/\/blogs.esam-c2.fr\/design-graphique\/wp-json\/wp\/v2\/categories?post=3853"},{"taxonomy":"post_tag","embeddable":true,"href":"https:\/\/blogs.esam-c2.fr\/design-graphique\/wp-json\/wp\/v2\/tags?post=3853"}],"curies":[{"name":"wp","href":"https:\/\/api.w.org\/{rel}","templated":true}]}}