{"id":3879,"date":"2022-03-14T13:12:00","date_gmt":"2022-03-14T13:12:00","guid":{"rendered":"https:\/\/blogs.esam-c2.fr\/design-graphique\/?p=3879"},"modified":"2022-04-04T13:24:02","modified_gmt":"2022-04-04T13:24:02","slug":"affiches-en-soutien-aux-ukrainien%c2%b7nes","status":"publish","type":"post","link":"https:\/\/blogs.esam-c2.fr\/design-graphique\/affiches-en-soutien-aux-ukrainien%c2%b7nes\/","title":{"rendered":"Affiches en soutien aux ukrainien\u00b7nes"},"content":{"rendered":"\n<p>Dans le cadre de l&rsquo;atelier Illustration, et une semaine apr\u00e8s l&rsquo;invasion de l&rsquo;Ukraine par la Russie, les \u00e9tudiant\u00b7es de design graphique ont \u00e9t\u00e9 invit\u00e9\u00b7es \u00e0 r\u00e9aliser une affiche pour l&rsquo;envoyer \u00e0 <a href=\"http:\/\/the4thblock.org\">4th Block<\/a>. Mobilisation g\u00e9n\u00e9rale des graphistes \u00e0 travers le monde Stand with Ukraine est un appel lanc\u00e9 par la biennale de design graphique de Kharkiv 4th Block.<\/p>\n\n\n\n<figure class=\"wp-block-image size-full\"><img loading=\"lazy\" decoding=\"async\" width=\"397\" height=\"567\" src=\"https:\/\/blogs.esam-c2.fr\/design-graphique\/files\/2022\/04\/AjayPregasseUkraine.jpg\" alt=\"\" class=\"wp-image-3880\" srcset=\"https:\/\/blogs.esam-c2.fr\/design-graphique\/files\/2022\/04\/AjayPregasseUkraine.jpg 397w, https:\/\/blogs.esam-c2.fr\/design-graphique\/files\/2022\/04\/AjayPregasseUkraine-210x300.jpg 210w\" sizes=\"auto, (max-width: 397px) 100vw, 397px\" \/><figcaption>\u00a9 Ajay Pregasse<\/figcaption><\/figure>\n\n\n\n<figure class=\"wp-block-image size-full\"><img loading=\"lazy\" decoding=\"async\" width=\"397\" height=\"278\" src=\"https:\/\/blogs.esam-c2.fr\/design-graphique\/files\/2022\/04\/AlexisDeharbe.jpg\" alt=\"\" class=\"wp-image-3881\" srcset=\"https:\/\/blogs.esam-c2.fr\/design-graphique\/files\/2022\/04\/AlexisDeharbe.jpg 397w, https:\/\/blogs.esam-c2.fr\/design-graphique\/files\/2022\/04\/AlexisDeharbe-300x210.jpg 300w\" sizes=\"auto, (max-width: 397px) 100vw, 397px\" \/><figcaption>\u00a9 Alexis Deharbe (s\u00e9lectionn\u00e9e pour le concours Presse Citron {BNF)<\/figcaption><\/figure>\n\n\n\n<figure class=\"wp-block-image size-full\"><img loading=\"lazy\" decoding=\"async\" width=\"397\" height=\"567\" src=\"https:\/\/blogs.esam-c2.fr\/design-graphique\/files\/2022\/04\/AnnaBouceyUkraine.jpg\" alt=\"\" class=\"wp-image-3882\" srcset=\"https:\/\/blogs.esam-c2.fr\/design-graphique\/files\/2022\/04\/AnnaBouceyUkraine.jpg 397w, https:\/\/blogs.esam-c2.fr\/design-graphique\/files\/2022\/04\/AnnaBouceyUkraine-210x300.jpg 210w\" sizes=\"auto, (max-width: 397px) 100vw, 397px\" \/><figcaption>\u00a9 Anna Boucey<\/figcaption><\/figure>\n\n\n\n<figure class=\"wp-block-image size-full is-resized\"><img loading=\"lazy\" decoding=\"async\" src=\"https:\/\/blogs.esam-c2.fr\/design-graphique\/files\/2022\/04\/BlancheMarechalUkraine.jpg\" alt=\"\" class=\"wp-image-3883\" width=\"397\" height=\"567\" srcset=\"https:\/\/blogs.esam-c2.fr\/design-graphique\/files\/2022\/04\/BlancheMarechalUkraine.jpg 397w, https:\/\/blogs.esam-c2.fr\/design-graphique\/files\/2022\/04\/BlancheMarechalUkraine-210x300.jpg 210w\" sizes=\"auto, (max-width: 397px) 100vw, 397px\" \/><figcaption>\u00a9 Blanche Mar\u00e9chal<\/figcaption><\/figure>\n\n\n\n<figure class=\"wp-block-image size-full\"><img loading=\"lazy\" decoding=\"async\" width=\"397\" height=\"562\" src=\"https:\/\/blogs.esam-c2.fr\/design-graphique\/files\/2022\/04\/JonathanGrzywinskiUkraine.jpg\" alt=\"\" class=\"wp-image-3884\" srcset=\"https:\/\/blogs.esam-c2.fr\/design-graphique\/files\/2022\/04\/JonathanGrzywinskiUkraine.jpg 397w, https:\/\/blogs.esam-c2.fr\/design-graphique\/files\/2022\/04\/JonathanGrzywinskiUkraine-212x300.jpg 212w\" sizes=\"auto, (max-width: 397px) 100vw, 397px\" \/><figcaption>\u00a9 Jonathan Grzywinski<\/figcaption><\/figure>\n\n\n\n<figure class=\"wp-block-image size-full\"><img loading=\"lazy\" decoding=\"async\" width=\"397\" height=\"567\" src=\"https:\/\/blogs.esam-c2.fr\/design-graphique\/files\/2022\/04\/LilitLetourneur_Ukraine.jpg\" alt=\"\" class=\"wp-image-3885\" srcset=\"https:\/\/blogs.esam-c2.fr\/design-graphique\/files\/2022\/04\/LilitLetourneur_Ukraine.jpg 397w, https:\/\/blogs.esam-c2.fr\/design-graphique\/files\/2022\/04\/LilitLetourneur_Ukraine-210x300.jpg 210w\" sizes=\"auto, (max-width: 397px) 100vw, 397px\" \/><figcaption>\u00a9 Lilit Letourneur (s\u00e9lectionn\u00e9e pour le concours Presse Citron {BNF)<\/figcaption><\/figure>\n\n\n\n<figure class=\"wp-block-image size-full\"><img loading=\"lazy\" decoding=\"async\" width=\"397\" height=\"567\" src=\"https:\/\/blogs.esam-c2.fr\/design-graphique\/files\/2022\/04\/LucieMarin_Ukraine.jpg\" alt=\"\" class=\"wp-image-3886\" srcset=\"https:\/\/blogs.esam-c2.fr\/design-graphique\/files\/2022\/04\/LucieMarin_Ukraine.jpg 397w, https:\/\/blogs.esam-c2.fr\/design-graphique\/files\/2022\/04\/LucieMarin_Ukraine-210x300.jpg 210w\" sizes=\"auto, (max-width: 397px) 100vw, 397px\" \/><figcaption>\u00a9 Lucie Marin (s\u00e9lectionn\u00e9e pour le concours Presse Citron {BNF)<\/figcaption><\/figure>\n\n\n\n<figure class=\"wp-block-image size-full\"><img loading=\"lazy\" decoding=\"async\" width=\"397\" height=\"561\" src=\"https:\/\/blogs.esam-c2.fr\/design-graphique\/files\/2022\/04\/MiaCrowhurst_Ukraine.jpg\" alt=\"\" class=\"wp-image-3887\" srcset=\"https:\/\/blogs.esam-c2.fr\/design-graphique\/files\/2022\/04\/MiaCrowhurst_Ukraine.jpg 397w, https:\/\/blogs.esam-c2.fr\/design-graphique\/files\/2022\/04\/MiaCrowhurst_Ukraine-212x300.jpg 212w\" sizes=\"auto, (max-width: 397px) 100vw, 397px\" \/><figcaption>\u00a9 Mia Crowhurst<\/figcaption><\/figure>\n\n\n\n<p><\/p>\n","protected":false},"excerpt":{"rendered":"<p>Dans le cadre de l&rsquo;atelier Illustration, et une semaine apr\u00e8s l&rsquo;invasion de l&rsquo;Ukraine par la Russie, les \u00e9tudiant\u00b7es de design graphique ont \u00e9t\u00e9 invit\u00e9\u00b7es \u00e0 r\u00e9aliser une affiche pour l&rsquo;envoyer \u00e0 4th Block. Mobilisation g\u00e9n\u00e9rale des graphistes \u00e0 travers le &hellip; <a href=\"https:\/\/blogs.esam-c2.fr\/design-graphique\/affiches-en-soutien-aux-ukrainien%c2%b7nes\/\">Continuer la lecture <span class=\"meta-nav\">&rarr;<\/span><\/a><\/p>\n","protected":false},"author":7,"featured_media":0,"comment_status":"closed","ping_status":"open","sticky":false,"template":"","format":"standard","meta":{"footnotes":""},"categories":[1],"tags":[],"class_list":["post-3879","post","type-post","status-publish","format-standard","hentry","category-non-classe"],"yoast_head":"<!-- This site is optimized with the Yoast SEO plugin v27.2 - https:\/\/yoast.com\/product\/yoast-seo-wordpress\/ -->\n<title>Affiches en soutien aux ukrainien\u00b7nes - \/\/\/design graphique\/\u00e9sam-c2\/<\/title>\n<meta name=\"robots\" content=\"index, follow, max-snippet:-1, max-image-preview:large, max-video-preview:-1\" \/>\n<link rel=\"canonical\" href=\"https:\/\/blogs.esam-c2.fr\/design-graphique\/affiches-en-soutien-aux-ukrainien\u00b7nes\/\" \/>\n<meta property=\"og:locale\" content=\"fr_FR\" \/>\n<meta property=\"og:type\" content=\"article\" \/>\n<meta property=\"og:title\" content=\"Affiches en soutien aux ukrainien\u00b7nes - \/\/\/design graphique\/\u00e9sam-c2\/\" \/>\n<meta property=\"og:description\" content=\"Dans le cadre de l&rsquo;atelier Illustration, et une semaine apr\u00e8s l&rsquo;invasion de l&rsquo;Ukraine par la Russie, les \u00e9tudiant\u00b7es de design graphique ont \u00e9t\u00e9 invit\u00e9\u00b7es \u00e0 r\u00e9aliser une affiche pour l&rsquo;envoyer \u00e0 4th Block. Mobilisation g\u00e9n\u00e9rale des graphistes \u00e0 travers le &hellip; Continuer la lecture &rarr;\" \/>\n<meta property=\"og:url\" content=\"https:\/\/blogs.esam-c2.fr\/design-graphique\/affiches-en-soutien-aux-ukrainien\u00b7nes\/\" \/>\n<meta property=\"og:site_name\" content=\"\/\/\/design graphique\/\u00e9sam-c2\/\" \/>\n<meta property=\"article:published_time\" content=\"2022-03-14T13:12:00+00:00\" \/>\n<meta property=\"article:modified_time\" content=\"2022-04-04T13:24:02+00:00\" \/>\n<meta property=\"og:image\" content=\"https:\/\/blogs.esam-c2.fr\/design-graphique\/files\/2022\/04\/AjayPregasseUkraine.jpg\" \/>\n<meta name=\"author\" content=\"Sarah Fouquet\" \/>\n<meta name=\"twitter:card\" content=\"summary_large_image\" \/>\n<meta name=\"twitter:label1\" content=\"\u00c9crit par\" \/>\n\t<meta name=\"twitter:data1\" content=\"Sarah Fouquet\" \/>\n\t<meta name=\"twitter:label2\" content=\"Dur\u00e9e de lecture estim\u00e9e\" \/>\n\t<meta name=\"twitter:data2\" content=\"3 minutes\" \/>\n<script type=\"application\/ld+json\" class=\"yoast-schema-graph\">{\"@context\":\"https:\/\/schema.org\",\"@graph\":[{\"@type\":\"Article\",\"@id\":\"https:\/\/blogs.esam-c2.fr\/design-graphique\/affiches-en-soutien-aux-ukrainien%c2%b7nes\/#article\",\"isPartOf\":{\"@id\":\"https:\/\/blogs.esam-c2.fr\/design-graphique\/affiches-en-soutien-aux-ukrainien%c2%b7nes\/\"},\"author\":{\"name\":\"Sarah Fouquet\",\"@id\":\"https:\/\/blogs.esam-c2.fr\/design-graphique\/#\/schema\/person\/6efbec67260ce9db24bba1e54d41e7c6\"},\"headline\":\"Affiches en soutien aux ukrainien\u00b7nes\",\"datePublished\":\"2022-03-14T13:12:00+00:00\",\"dateModified\":\"2022-04-04T13:24:02+00:00\",\"mainEntityOfPage\":{\"@id\":\"https:\/\/blogs.esam-c2.fr\/design-graphique\/affiches-en-soutien-aux-ukrainien%c2%b7nes\/\"},\"wordCount\":115,\"image\":{\"@id\":\"https:\/\/blogs.esam-c2.fr\/design-graphique\/affiches-en-soutien-aux-ukrainien%c2%b7nes\/#primaryimage\"},\"thumbnailUrl\":\"https:\/\/blogs.esam-c2.fr\/design-graphique\/files\/2022\/04\/AjayPregasseUkraine.jpg\",\"inLanguage\":\"fr-FR\"},{\"@type\":\"WebPage\",\"@id\":\"https:\/\/blogs.esam-c2.fr\/design-graphique\/affiches-en-soutien-aux-ukrainien%c2%b7nes\/\",\"url\":\"https:\/\/blogs.esam-c2.fr\/design-graphique\/affiches-en-soutien-aux-ukrainien%c2%b7nes\/\",\"name\":\"Affiches en soutien aux ukrainien\u00b7nes - \/\/\/design graphique\/\u00e9sam-c2\/\",\"isPartOf\":{\"@id\":\"https:\/\/blogs.esam-c2.fr\/design-graphique\/#website\"},\"primaryImageOfPage\":{\"@id\":\"https:\/\/blogs.esam-c2.fr\/design-graphique\/affiches-en-soutien-aux-ukrainien%c2%b7nes\/#primaryimage\"},\"image\":{\"@id\":\"https:\/\/blogs.esam-c2.fr\/design-graphique\/affiches-en-soutien-aux-ukrainien%c2%b7nes\/#primaryimage\"},\"thumbnailUrl\":\"https:\/\/blogs.esam-c2.fr\/design-graphique\/files\/2022\/04\/AjayPregasseUkraine.jpg\",\"datePublished\":\"2022-03-14T13:12:00+00:00\",\"dateModified\":\"2022-04-04T13:24:02+00:00\",\"author\":{\"@id\":\"https:\/\/blogs.esam-c2.fr\/design-graphique\/#\/schema\/person\/6efbec67260ce9db24bba1e54d41e7c6\"},\"breadcrumb\":{\"@id\":\"https:\/\/blogs.esam-c2.fr\/design-graphique\/affiches-en-soutien-aux-ukrainien%c2%b7nes\/#breadcrumb\"},\"inLanguage\":\"fr-FR\",\"potentialAction\":[{\"@type\":\"ReadAction\",\"target\":[\"https:\/\/blogs.esam-c2.fr\/design-graphique\/affiches-en-soutien-aux-ukrainien%c2%b7nes\/\"]}]},{\"@type\":\"ImageObject\",\"inLanguage\":\"fr-FR\",\"@id\":\"https:\/\/blogs.esam-c2.fr\/design-graphique\/affiches-en-soutien-aux-ukrainien%c2%b7nes\/#primaryimage\",\"url\":\"https:\/\/blogs.esam-c2.fr\/design-graphique\/files\/2022\/04\/AjayPregasseUkraine.jpg\",\"contentUrl\":\"https:\/\/blogs.esam-c2.fr\/design-graphique\/files\/2022\/04\/AjayPregasseUkraine.jpg\",\"width\":397,\"height\":567},{\"@type\":\"BreadcrumbList\",\"@id\":\"https:\/\/blogs.esam-c2.fr\/design-graphique\/affiches-en-soutien-aux-ukrainien%c2%b7nes\/#breadcrumb\",\"itemListElement\":[{\"@type\":\"ListItem\",\"position\":1,\"name\":\"Accueil\",\"item\":\"https:\/\/blogs.esam-c2.fr\/design-graphique\/\"},{\"@type\":\"ListItem\",\"position\":2,\"name\":\"Affiches en soutien aux ukrainien\u00b7nes\"}]},{\"@type\":\"WebSite\",\"@id\":\"https:\/\/blogs.esam-c2.fr\/design-graphique\/#website\",\"url\":\"https:\/\/blogs.esam-c2.fr\/design-graphique\/\",\"name\":\"\/\/\/design graphique\/\u00e9sam-c2\/\",\"description\":\"site d&#039;archives et d&#039;informations \/ cours de graphisme \/ Caen\",\"potentialAction\":[{\"@type\":\"SearchAction\",\"target\":{\"@type\":\"EntryPoint\",\"urlTemplate\":\"https:\/\/blogs.esam-c2.fr\/design-graphique\/?s={search_term_string}\"},\"query-input\":{\"@type\":\"PropertyValueSpecification\",\"valueRequired\":true,\"valueName\":\"search_term_string\"}}],\"inLanguage\":\"fr-FR\"},{\"@type\":\"Person\",\"@id\":\"https:\/\/blogs.esam-c2.fr\/design-graphique\/#\/schema\/person\/6efbec67260ce9db24bba1e54d41e7c6\",\"name\":\"Sarah Fouquet\",\"image\":{\"@type\":\"ImageObject\",\"inLanguage\":\"fr-FR\",\"@id\":\"https:\/\/secure.gravatar.com\/avatar\/626f51a6ce51986c9e9cb4180fd263979c686cef2e0eff37e4a86a5095755363?s=96&d=mm&r=g\",\"url\":\"https:\/\/secure.gravatar.com\/avatar\/626f51a6ce51986c9e9cb4180fd263979c686cef2e0eff37e4a86a5095755363?s=96&d=mm&r=g\",\"contentUrl\":\"https:\/\/secure.gravatar.com\/avatar\/626f51a6ce51986c9e9cb4180fd263979c686cef2e0eff37e4a86a5095755363?s=96&d=mm&r=g\",\"caption\":\"Sarah Fouquet\"},\"description\":\"Dessinatrice, graphiste, auto-\u00e9ditrice, enseigne l'image dans le d\u00e9partement design graphique de l'\u00e9cole sup\u00e9rieure d\u2019arts et m\u00e9dias de Caen\",\"url\":\"https:\/\/blogs.esam-c2.fr\/design-graphique\/author\/design-graphique\/\"}]}<\/script>\n<!-- \/ Yoast SEO plugin. -->","yoast_head_json":{"title":"Affiches en soutien aux ukrainien\u00b7nes - \/\/\/design graphique\/\u00e9sam-c2\/","robots":{"index":"index","follow":"follow","max-snippet":"max-snippet:-1","max-image-preview":"max-image-preview:large","max-video-preview":"max-video-preview:-1"},"canonical":"https:\/\/blogs.esam-c2.fr\/design-graphique\/affiches-en-soutien-aux-ukrainien\u00b7nes\/","og_locale":"fr_FR","og_type":"article","og_title":"Affiches en soutien aux ukrainien\u00b7nes - \/\/\/design graphique\/\u00e9sam-c2\/","og_description":"Dans le cadre de l&rsquo;atelier Illustration, et une semaine apr\u00e8s l&rsquo;invasion de l&rsquo;Ukraine par la Russie, les \u00e9tudiant\u00b7es de design graphique ont \u00e9t\u00e9 invit\u00e9\u00b7es \u00e0 r\u00e9aliser une affiche pour l&rsquo;envoyer \u00e0 4th Block. Mobilisation g\u00e9n\u00e9rale des graphistes \u00e0 travers le &hellip; Continuer la lecture &rarr;","og_url":"https:\/\/blogs.esam-c2.fr\/design-graphique\/affiches-en-soutien-aux-ukrainien\u00b7nes\/","og_site_name":"\/\/\/design graphique\/\u00e9sam-c2\/","article_published_time":"2022-03-14T13:12:00+00:00","article_modified_time":"2022-04-04T13:24:02+00:00","og_image":[{"url":"https:\/\/blogs.esam-c2.fr\/design-graphique\/files\/2022\/04\/AjayPregasseUkraine.jpg","type":"","width":"","height":""}],"author":"Sarah Fouquet","twitter_card":"summary_large_image","twitter_misc":{"\u00c9crit par":"Sarah Fouquet","Dur\u00e9e de lecture estim\u00e9e":"3 minutes"},"schema":{"@context":"https:\/\/schema.org","@graph":[{"@type":"Article","@id":"https:\/\/blogs.esam-c2.fr\/design-graphique\/affiches-en-soutien-aux-ukrainien%c2%b7nes\/#article","isPartOf":{"@id":"https:\/\/blogs.esam-c2.fr\/design-graphique\/affiches-en-soutien-aux-ukrainien%c2%b7nes\/"},"author":{"name":"Sarah Fouquet","@id":"https:\/\/blogs.esam-c2.fr\/design-graphique\/#\/schema\/person\/6efbec67260ce9db24bba1e54d41e7c6"},"headline":"Affiches en soutien aux ukrainien\u00b7nes","datePublished":"2022-03-14T13:12:00+00:00","dateModified":"2022-04-04T13:24:02+00:00","mainEntityOfPage":{"@id":"https:\/\/blogs.esam-c2.fr\/design-graphique\/affiches-en-soutien-aux-ukrainien%c2%b7nes\/"},"wordCount":115,"image":{"@id":"https:\/\/blogs.esam-c2.fr\/design-graphique\/affiches-en-soutien-aux-ukrainien%c2%b7nes\/#primaryimage"},"thumbnailUrl":"https:\/\/blogs.esam-c2.fr\/design-graphique\/files\/2022\/04\/AjayPregasseUkraine.jpg","inLanguage":"fr-FR"},{"@type":"WebPage","@id":"https:\/\/blogs.esam-c2.fr\/design-graphique\/affiches-en-soutien-aux-ukrainien%c2%b7nes\/","url":"https:\/\/blogs.esam-c2.fr\/design-graphique\/affiches-en-soutien-aux-ukrainien%c2%b7nes\/","name":"Affiches en soutien aux ukrainien\u00b7nes - \/\/\/design graphique\/\u00e9sam-c2\/","isPartOf":{"@id":"https:\/\/blogs.esam-c2.fr\/design-graphique\/#website"},"primaryImageOfPage":{"@id":"https:\/\/blogs.esam-c2.fr\/design-graphique\/affiches-en-soutien-aux-ukrainien%c2%b7nes\/#primaryimage"},"image":{"@id":"https:\/\/blogs.esam-c2.fr\/design-graphique\/affiches-en-soutien-aux-ukrainien%c2%b7nes\/#primaryimage"},"thumbnailUrl":"https:\/\/blogs.esam-c2.fr\/design-graphique\/files\/2022\/04\/AjayPregasseUkraine.jpg","datePublished":"2022-03-14T13:12:00+00:00","dateModified":"2022-04-04T13:24:02+00:00","author":{"@id":"https:\/\/blogs.esam-c2.fr\/design-graphique\/#\/schema\/person\/6efbec67260ce9db24bba1e54d41e7c6"},"breadcrumb":{"@id":"https:\/\/blogs.esam-c2.fr\/design-graphique\/affiches-en-soutien-aux-ukrainien%c2%b7nes\/#breadcrumb"},"inLanguage":"fr-FR","potentialAction":[{"@type":"ReadAction","target":["https:\/\/blogs.esam-c2.fr\/design-graphique\/affiches-en-soutien-aux-ukrainien%c2%b7nes\/"]}]},{"@type":"ImageObject","inLanguage":"fr-FR","@id":"https:\/\/blogs.esam-c2.fr\/design-graphique\/affiches-en-soutien-aux-ukrainien%c2%b7nes\/#primaryimage","url":"https:\/\/blogs.esam-c2.fr\/design-graphique\/files\/2022\/04\/AjayPregasseUkraine.jpg","contentUrl":"https:\/\/blogs.esam-c2.fr\/design-graphique\/files\/2022\/04\/AjayPregasseUkraine.jpg","width":397,"height":567},{"@type":"BreadcrumbList","@id":"https:\/\/blogs.esam-c2.fr\/design-graphique\/affiches-en-soutien-aux-ukrainien%c2%b7nes\/#breadcrumb","itemListElement":[{"@type":"ListItem","position":1,"name":"Accueil","item":"https:\/\/blogs.esam-c2.fr\/design-graphique\/"},{"@type":"ListItem","position":2,"name":"Affiches en soutien aux ukrainien\u00b7nes"}]},{"@type":"WebSite","@id":"https:\/\/blogs.esam-c2.fr\/design-graphique\/#website","url":"https:\/\/blogs.esam-c2.fr\/design-graphique\/","name":"\/\/\/design graphique\/\u00e9sam-c2\/","description":"site d&#039;archives et d&#039;informations \/ cours de graphisme \/ Caen","potentialAction":[{"@type":"SearchAction","target":{"@type":"EntryPoint","urlTemplate":"https:\/\/blogs.esam-c2.fr\/design-graphique\/?s={search_term_string}"},"query-input":{"@type":"PropertyValueSpecification","valueRequired":true,"valueName":"search_term_string"}}],"inLanguage":"fr-FR"},{"@type":"Person","@id":"https:\/\/blogs.esam-c2.fr\/design-graphique\/#\/schema\/person\/6efbec67260ce9db24bba1e54d41e7c6","name":"Sarah Fouquet","image":{"@type":"ImageObject","inLanguage":"fr-FR","@id":"https:\/\/secure.gravatar.com\/avatar\/626f51a6ce51986c9e9cb4180fd263979c686cef2e0eff37e4a86a5095755363?s=96&d=mm&r=g","url":"https:\/\/secure.gravatar.com\/avatar\/626f51a6ce51986c9e9cb4180fd263979c686cef2e0eff37e4a86a5095755363?s=96&d=mm&r=g","contentUrl":"https:\/\/secure.gravatar.com\/avatar\/626f51a6ce51986c9e9cb4180fd263979c686cef2e0eff37e4a86a5095755363?s=96&d=mm&r=g","caption":"Sarah Fouquet"},"description":"Dessinatrice, graphiste, auto-\u00e9ditrice, enseigne l'image dans le d\u00e9partement design graphique de l'\u00e9cole sup\u00e9rieure d\u2019arts et m\u00e9dias de Caen","url":"https:\/\/blogs.esam-c2.fr\/design-graphique\/author\/design-graphique\/"}]}},"_links":{"self":[{"href":"https:\/\/blogs.esam-c2.fr\/design-graphique\/wp-json\/wp\/v2\/posts\/3879","targetHints":{"allow":["GET"]}}],"collection":[{"href":"https:\/\/blogs.esam-c2.fr\/design-graphique\/wp-json\/wp\/v2\/posts"}],"about":[{"href":"https:\/\/blogs.esam-c2.fr\/design-graphique\/wp-json\/wp\/v2\/types\/post"}],"author":[{"embeddable":true,"href":"https:\/\/blogs.esam-c2.fr\/design-graphique\/wp-json\/wp\/v2\/users\/7"}],"replies":[{"embeddable":true,"href":"https:\/\/blogs.esam-c2.fr\/design-graphique\/wp-json\/wp\/v2\/comments?post=3879"}],"version-history":[{"count":1,"href":"https:\/\/blogs.esam-c2.fr\/design-graphique\/wp-json\/wp\/v2\/posts\/3879\/revisions"}],"predecessor-version":[{"id":3888,"href":"https:\/\/blogs.esam-c2.fr\/design-graphique\/wp-json\/wp\/v2\/posts\/3879\/revisions\/3888"}],"wp:attachment":[{"href":"https:\/\/blogs.esam-c2.fr\/design-graphique\/wp-json\/wp\/v2\/media?parent=3879"}],"wp:term":[{"taxonomy":"category","embeddable":true,"href":"https:\/\/blogs.esam-c2.fr\/design-graphique\/wp-json\/wp\/v2\/categories?post=3879"},{"taxonomy":"post_tag","embeddable":true,"href":"https:\/\/blogs.esam-c2.fr\/design-graphique\/wp-json\/wp\/v2\/tags?post=3879"}],"curies":[{"name":"wp","href":"https:\/\/api.w.org\/{rel}","templated":true}]}}