{"id":54,"date":"2009-04-03T14:37:00","date_gmt":"2009-04-03T14:37:00","guid":{"rendered":"http:\/\/blogs.esamcaen.fr\/design-graphique\/2009\/04\/03\/5eme-festival-du-dessin-dhumour-de-selestat\/"},"modified":"2009-04-03T14:37:00","modified_gmt":"2009-04-03T14:37:00","slug":"5eme-festival-du-dessin-dhumour-de-selestat","status":"publish","type":"post","link":"https:\/\/blogs.esam-c2.fr\/design-graphique\/5eme-festival-du-dessin-dhumour-de-selestat\/","title":{"rendered":"5\u00e8me Festival du Dessin d&rsquo;Humour de S\u00e9lestat"},"content":{"rendered":"<p><span class=\"Apple-style-span\"><\/p>\n<div>\n<p style=\"margin: 0.0px 0.0px 0.0px 0.0px;line-height: 17.0px;font: 12.0px Tahoma;color: #222222\"><span class=\"Apple-style-span\" style=\"font-size: small\"><span class=\"Apple-style-span\" style=\"font-family: 'trebuchet ms'\">Dans le cadre du 5\u00e8me Festival du Dessin d&rsquo;Humour de S\u00e9lestat, en Alsace centrale, l&rsquo;association Traits Divers, en partenariat du Conseil G\u00e9n\u00e9ral et de la ville de S\u00e9lestat, organise un concours dot\u00e9 d&rsquo;un prix de 300\u20ac, ouvert aux dessinateurs amateurs de plus de 16 ans.<\/span><\/span><\/p>\n<p style=\"margin: 0.0px 0.0px 0.0px 0.0px;line-height: 17.0px;font: 12.0px Tahoma;color: #222222\"><span class=\"Apple-style-span\" style=\"font-family: 'trebuchet ms';font-size: 13px\">Le th\u00e8me du dessin est \u00ab A table ! \u00bb. L\u2019\u0153uvre sera un dessin d\u2019humour (noir, grin\u00e7ant, satirique, bon enfant, etc\u2026 avec ou sans texte. Cela peut \u00eatre un dessin de presse, d\u2019actualit\u00e9, politique&#8230;<\/span><\/p>\n<\/div>\n<div><span class=\"Apple-style-span\" style=\"font-size: small\"><span class=\"Apple-style-span\" style=\"font-family: 'times new roman'\"><br \/><\/span><\/span><\/div>\n<p><span class=\"Apple-style-span\" style=\"font-size: small\"><span class=\"Apple-style-span\" style=\"font-family: 'times new roman'\">Concours ouvert \u00e0 tous les dessinateurs amateurs, \u00e2g\u00e9s d\u2019au moins 16 ans au 14 juin 2009. Les dessins devront \u00eatre des cr\u00e9ations originales et n\u2019exc\u00e9deront pas le format A4 (210x297mm). Ils sont \u00e0 envoyer ou \u00e0 d\u00e9poser au si\u00e8ge de l\u2019Association, Association Traits Divers d\u2019Alsace, 7 rue de la redoute, 67600 S\u00e9lestat, avant le 1er juin 2009. (ne pas plier les dessins. Pr\u00e9voir une enveloppe adapt\u00e9e et renforc\u00e9e). Les dessins r\u00e9alis\u00e9s sur support informatique sont \u00e9galement accept\u00e9s. Ils seront en format JPG 300 dpi et peuvent \u00eatre envoy\u00e9s par mail \u00e0 traits.divers@wanadoo.fr ou grav\u00e9s sur CD \u00e0 envoyer \u00e0 l\u2019Association Traits Divers d\u2019Alsace, 7 rue de la redoute, 67600 S\u00e9lestat, France. 5. Techniques graphiques. Toutes les techniques sont autoris\u00e9es (encre de chine, feutres, gouaches, colorex, PAO etc..) en couleur ou en noir et blanc. Le support est laiss\u00e9 au choix : papier dessin, carton, support num\u00e9rique etc\u2026 L\u2019\u0153uvre peut \u00eatre fournie sous verre ou non. 6. Mentions obligatoires. Chaque dessin devra comporter au dos, le nom, le pr\u00e9nom, l\u2019adresse, la date de naissance, le num\u00e9ro de t\u00e9l\u00e9phone et \u00e9ventuellement l\u2019adresse \u00e9lectronique de l\u2019auteur ainsi que la mention manuscrite \u00ab j\u2019ai bien pris connaissance du r\u00e8glement du Concours Espoir Humour 2009 \u00bb suivie de sa signature. Pour un envoi par mail, ces renseignements seront pr\u00e9cis\u00e9s dans le mail ou en pi\u00e8ce jointe. 7. Prix. Le jury, compos\u00e9 des membres du comit\u00e9 de Traits Divers et de repr\u00e9sentants du Conseil G\u00e9n\u00e9ral, de la Mairie de S\u00e9lestat et de son Office du tourisme, d\u00e9terminera le gagnant qui remporte le prix \u00ab Espoir Humour 2009 \u00bb, dot\u00e9 d\u2019une r\u00e9compense de 300\u20ac. Une s\u00e9lection des meilleurs dessins sera expos\u00e9e \u00e0 S\u00e9lest\u2019ival, festival du dessin d\u2019humour de S\u00e9lestat, qui se d\u00e9roulera du 12 au 14 juin 2009 au Caveau Ste Barbe ou chez notre partenaire, la Librairie Pleine Page. Le prix \u00ab Espoir Humour 2009 \u00bb sera remis au laur\u00e9at le 14 juin dans l\u2019apr\u00e8s-midi.<\/span><\/span><\/span><\/p>\n<div><span class=\"Apple-style-span\"><span class=\"Apple-style-span\" style=\"font-size: small\"><span class=\"Apple-style-span\" style=\"font-family: 'times new roman'\"><br \/><\/span><\/span><\/span><\/div>\n<div><span class=\"Apple-style-span\"><span class=\"Apple-style-span\" style=\"font-size: small\"><span class=\"Apple-style-span\" style=\"font-family: 'trebuchet ms'\">Contact &gt;<\/span><span class=\"Apple-style-span\" style=\"font-family: 'times new roman'\">\u00a0<\/span><\/span><span class=\"Apple-style-span\"><a href=\"http:\/\/traitsdivers.canalblog.com\/\"><span class=\"Apple-style-span\" style=\"font-size: small\"><span class=\"Apple-style-span\" style=\"font-family: 'times new roman'\">http:\/\/traitsdivers.canalblog.com\/<\/span><\/span><\/a><\/span><\/span><\/div>\n","protected":false},"excerpt":{"rendered":"<p>Dans le cadre du 5\u00e8me Festival du Dessin d&rsquo;Humour de S\u00e9lestat, en Alsace centrale, l&rsquo;association Traits Divers, en partenariat du Conseil G\u00e9n\u00e9ral et de la ville de S\u00e9lestat, organise un concours dot\u00e9 d&rsquo;un prix de 300\u20ac, ouvert aux dessinateurs amateurs &hellip; <a href=\"https:\/\/blogs.esam-c2.fr\/design-graphique\/5eme-festival-du-dessin-dhumour-de-selestat\/\">Continuer la lecture <span class=\"meta-nav\">&rarr;<\/span><\/a><\/p>\n","protected":false},"author":7,"featured_media":0,"comment_status":"open","ping_status":"open","sticky":false,"template":"","format":"standard","meta":{"footnotes":""},"categories":[14,15,7],"tags":[],"class_list":["post-54","post","type-post","status-publish","format-standard","hentry","category-14","category-dg","category-info"],"yoast_head":"<!-- This site is optimized with the Yoast SEO plugin v27.2 - https:\/\/yoast.com\/product\/yoast-seo-wordpress\/ -->\n<title>5\u00e8me Festival du Dessin d&#039;Humour de S\u00e9lestat - \/\/\/design graphique\/\u00e9sam-c2\/<\/title>\n<meta name=\"robots\" content=\"index, follow, max-snippet:-1, max-image-preview:large, max-video-preview:-1\" \/>\n<link rel=\"canonical\" href=\"https:\/\/blogs.esam-c2.fr\/design-graphique\/5eme-festival-du-dessin-dhumour-de-selestat\/\" \/>\n<meta property=\"og:locale\" content=\"fr_FR\" \/>\n<meta property=\"og:type\" content=\"article\" \/>\n<meta property=\"og:title\" content=\"5\u00e8me Festival du Dessin d&#039;Humour de S\u00e9lestat - \/\/\/design graphique\/\u00e9sam-c2\/\" \/>\n<meta property=\"og:description\" content=\"Dans le cadre du 5\u00e8me Festival du Dessin d&rsquo;Humour de S\u00e9lestat, en Alsace centrale, l&rsquo;association Traits Divers, en partenariat du Conseil G\u00e9n\u00e9ral et de la ville de S\u00e9lestat, organise un concours dot\u00e9 d&rsquo;un prix de 300\u20ac, ouvert aux dessinateurs amateurs &hellip; Continuer la lecture &rarr;\" \/>\n<meta property=\"og:url\" content=\"https:\/\/blogs.esam-c2.fr\/design-graphique\/5eme-festival-du-dessin-dhumour-de-selestat\/\" \/>\n<meta property=\"og:site_name\" content=\"\/\/\/design graphique\/\u00e9sam-c2\/\" \/>\n<meta property=\"article:published_time\" content=\"2009-04-03T14:37:00+00:00\" \/>\n<meta name=\"author\" content=\"Sarah Fouquet\" \/>\n<meta name=\"twitter:card\" content=\"summary_large_image\" \/>\n<meta name=\"twitter:label1\" content=\"\u00c9crit par\" \/>\n\t<meta name=\"twitter:data1\" content=\"Sarah Fouquet\" \/>\n\t<meta name=\"twitter:label2\" content=\"Dur\u00e9e de lecture estim\u00e9e\" \/>\n\t<meta name=\"twitter:data2\" content=\"2 minutes\" \/>\n<script type=\"application\/ld+json\" class=\"yoast-schema-graph\">{\"@context\":\"https:\/\/schema.org\",\"@graph\":[{\"@type\":\"Article\",\"@id\":\"https:\/\/blogs.esam-c2.fr\/design-graphique\/5eme-festival-du-dessin-dhumour-de-selestat\/#article\",\"isPartOf\":{\"@id\":\"https:\/\/blogs.esam-c2.fr\/design-graphique\/5eme-festival-du-dessin-dhumour-de-selestat\/\"},\"author\":{\"name\":\"Sarah Fouquet\",\"@id\":\"https:\/\/blogs.esam-c2.fr\/design-graphique\/#\/schema\/person\/6efbec67260ce9db24bba1e54d41e7c6\"},\"headline\":\"5\u00e8me Festival du Dessin d&rsquo;Humour de S\u00e9lestat\",\"datePublished\":\"2009-04-03T14:37:00+00:00\",\"mainEntityOfPage\":{\"@id\":\"https:\/\/blogs.esam-c2.fr\/design-graphique\/5eme-festival-du-dessin-dhumour-de-selestat\/\"},\"wordCount\":443,\"commentCount\":0,\"articleSection\":[\"2009\",\"DG\",\"info\"],\"inLanguage\":\"fr-FR\",\"potentialAction\":[{\"@type\":\"CommentAction\",\"name\":\"Comment\",\"target\":[\"https:\/\/blogs.esam-c2.fr\/design-graphique\/5eme-festival-du-dessin-dhumour-de-selestat\/#respond\"]}]},{\"@type\":\"WebPage\",\"@id\":\"https:\/\/blogs.esam-c2.fr\/design-graphique\/5eme-festival-du-dessin-dhumour-de-selestat\/\",\"url\":\"https:\/\/blogs.esam-c2.fr\/design-graphique\/5eme-festival-du-dessin-dhumour-de-selestat\/\",\"name\":\"5\u00e8me Festival du Dessin d'Humour de S\u00e9lestat - \/\/\/design graphique\/\u00e9sam-c2\/\",\"isPartOf\":{\"@id\":\"https:\/\/blogs.esam-c2.fr\/design-graphique\/#website\"},\"datePublished\":\"2009-04-03T14:37:00+00:00\",\"author\":{\"@id\":\"https:\/\/blogs.esam-c2.fr\/design-graphique\/#\/schema\/person\/6efbec67260ce9db24bba1e54d41e7c6\"},\"breadcrumb\":{\"@id\":\"https:\/\/blogs.esam-c2.fr\/design-graphique\/5eme-festival-du-dessin-dhumour-de-selestat\/#breadcrumb\"},\"inLanguage\":\"fr-FR\",\"potentialAction\":[{\"@type\":\"ReadAction\",\"target\":[\"https:\/\/blogs.esam-c2.fr\/design-graphique\/5eme-festival-du-dessin-dhumour-de-selestat\/\"]}]},{\"@type\":\"BreadcrumbList\",\"@id\":\"https:\/\/blogs.esam-c2.fr\/design-graphique\/5eme-festival-du-dessin-dhumour-de-selestat\/#breadcrumb\",\"itemListElement\":[{\"@type\":\"ListItem\",\"position\":1,\"name\":\"Accueil\",\"item\":\"https:\/\/blogs.esam-c2.fr\/design-graphique\/\"},{\"@type\":\"ListItem\",\"position\":2,\"name\":\"5\u00e8me Festival du Dessin d&rsquo;Humour de S\u00e9lestat\"}]},{\"@type\":\"WebSite\",\"@id\":\"https:\/\/blogs.esam-c2.fr\/design-graphique\/#website\",\"url\":\"https:\/\/blogs.esam-c2.fr\/design-graphique\/\",\"name\":\"\/\/\/design graphique\/\u00e9sam-c2\/\",\"description\":\"site d&#039;archives et d&#039;informations \/ cours de graphisme \/ Caen\",\"potentialAction\":[{\"@type\":\"SearchAction\",\"target\":{\"@type\":\"EntryPoint\",\"urlTemplate\":\"https:\/\/blogs.esam-c2.fr\/design-graphique\/?s={search_term_string}\"},\"query-input\":{\"@type\":\"PropertyValueSpecification\",\"valueRequired\":true,\"valueName\":\"search_term_string\"}}],\"inLanguage\":\"fr-FR\"},{\"@type\":\"Person\",\"@id\":\"https:\/\/blogs.esam-c2.fr\/design-graphique\/#\/schema\/person\/6efbec67260ce9db24bba1e54d41e7c6\",\"name\":\"Sarah Fouquet\",\"image\":{\"@type\":\"ImageObject\",\"inLanguage\":\"fr-FR\",\"@id\":\"https:\/\/secure.gravatar.com\/avatar\/626f51a6ce51986c9e9cb4180fd263979c686cef2e0eff37e4a86a5095755363?s=96&d=mm&r=g\",\"url\":\"https:\/\/secure.gravatar.com\/avatar\/626f51a6ce51986c9e9cb4180fd263979c686cef2e0eff37e4a86a5095755363?s=96&d=mm&r=g\",\"contentUrl\":\"https:\/\/secure.gravatar.com\/avatar\/626f51a6ce51986c9e9cb4180fd263979c686cef2e0eff37e4a86a5095755363?s=96&d=mm&r=g\",\"caption\":\"Sarah Fouquet\"},\"description\":\"Dessinatrice, graphiste, auto-\u00e9ditrice, enseigne l'image dans le d\u00e9partement design graphique de l'\u00e9cole sup\u00e9rieure d\u2019arts et m\u00e9dias de Caen\",\"url\":\"https:\/\/blogs.esam-c2.fr\/design-graphique\/author\/design-graphique\/\"}]}<\/script>\n<!-- \/ Yoast SEO plugin. -->","yoast_head_json":{"title":"5\u00e8me Festival du Dessin d'Humour de S\u00e9lestat - \/\/\/design graphique\/\u00e9sam-c2\/","robots":{"index":"index","follow":"follow","max-snippet":"max-snippet:-1","max-image-preview":"max-image-preview:large","max-video-preview":"max-video-preview:-1"},"canonical":"https:\/\/blogs.esam-c2.fr\/design-graphique\/5eme-festival-du-dessin-dhumour-de-selestat\/","og_locale":"fr_FR","og_type":"article","og_title":"5\u00e8me Festival du Dessin d'Humour de S\u00e9lestat - \/\/\/design graphique\/\u00e9sam-c2\/","og_description":"Dans le cadre du 5\u00e8me Festival du Dessin d&rsquo;Humour de S\u00e9lestat, en Alsace centrale, l&rsquo;association Traits Divers, en partenariat du Conseil G\u00e9n\u00e9ral et de la ville de S\u00e9lestat, organise un concours dot\u00e9 d&rsquo;un prix de 300\u20ac, ouvert aux dessinateurs amateurs &hellip; Continuer la lecture &rarr;","og_url":"https:\/\/blogs.esam-c2.fr\/design-graphique\/5eme-festival-du-dessin-dhumour-de-selestat\/","og_site_name":"\/\/\/design graphique\/\u00e9sam-c2\/","article_published_time":"2009-04-03T14:37:00+00:00","author":"Sarah Fouquet","twitter_card":"summary_large_image","twitter_misc":{"\u00c9crit par":"Sarah Fouquet","Dur\u00e9e de lecture estim\u00e9e":"2 minutes"},"schema":{"@context":"https:\/\/schema.org","@graph":[{"@type":"Article","@id":"https:\/\/blogs.esam-c2.fr\/design-graphique\/5eme-festival-du-dessin-dhumour-de-selestat\/#article","isPartOf":{"@id":"https:\/\/blogs.esam-c2.fr\/design-graphique\/5eme-festival-du-dessin-dhumour-de-selestat\/"},"author":{"name":"Sarah Fouquet","@id":"https:\/\/blogs.esam-c2.fr\/design-graphique\/#\/schema\/person\/6efbec67260ce9db24bba1e54d41e7c6"},"headline":"5\u00e8me Festival du Dessin d&rsquo;Humour de S\u00e9lestat","datePublished":"2009-04-03T14:37:00+00:00","mainEntityOfPage":{"@id":"https:\/\/blogs.esam-c2.fr\/design-graphique\/5eme-festival-du-dessin-dhumour-de-selestat\/"},"wordCount":443,"commentCount":0,"articleSection":["2009","DG","info"],"inLanguage":"fr-FR","potentialAction":[{"@type":"CommentAction","name":"Comment","target":["https:\/\/blogs.esam-c2.fr\/design-graphique\/5eme-festival-du-dessin-dhumour-de-selestat\/#respond"]}]},{"@type":"WebPage","@id":"https:\/\/blogs.esam-c2.fr\/design-graphique\/5eme-festival-du-dessin-dhumour-de-selestat\/","url":"https:\/\/blogs.esam-c2.fr\/design-graphique\/5eme-festival-du-dessin-dhumour-de-selestat\/","name":"5\u00e8me Festival du Dessin d'Humour de S\u00e9lestat - \/\/\/design graphique\/\u00e9sam-c2\/","isPartOf":{"@id":"https:\/\/blogs.esam-c2.fr\/design-graphique\/#website"},"datePublished":"2009-04-03T14:37:00+00:00","author":{"@id":"https:\/\/blogs.esam-c2.fr\/design-graphique\/#\/schema\/person\/6efbec67260ce9db24bba1e54d41e7c6"},"breadcrumb":{"@id":"https:\/\/blogs.esam-c2.fr\/design-graphique\/5eme-festival-du-dessin-dhumour-de-selestat\/#breadcrumb"},"inLanguage":"fr-FR","potentialAction":[{"@type":"ReadAction","target":["https:\/\/blogs.esam-c2.fr\/design-graphique\/5eme-festival-du-dessin-dhumour-de-selestat\/"]}]},{"@type":"BreadcrumbList","@id":"https:\/\/blogs.esam-c2.fr\/design-graphique\/5eme-festival-du-dessin-dhumour-de-selestat\/#breadcrumb","itemListElement":[{"@type":"ListItem","position":1,"name":"Accueil","item":"https:\/\/blogs.esam-c2.fr\/design-graphique\/"},{"@type":"ListItem","position":2,"name":"5\u00e8me Festival du Dessin d&rsquo;Humour de S\u00e9lestat"}]},{"@type":"WebSite","@id":"https:\/\/blogs.esam-c2.fr\/design-graphique\/#website","url":"https:\/\/blogs.esam-c2.fr\/design-graphique\/","name":"\/\/\/design graphique\/\u00e9sam-c2\/","description":"site d&#039;archives et d&#039;informations \/ cours de graphisme \/ Caen","potentialAction":[{"@type":"SearchAction","target":{"@type":"EntryPoint","urlTemplate":"https:\/\/blogs.esam-c2.fr\/design-graphique\/?s={search_term_string}"},"query-input":{"@type":"PropertyValueSpecification","valueRequired":true,"valueName":"search_term_string"}}],"inLanguage":"fr-FR"},{"@type":"Person","@id":"https:\/\/blogs.esam-c2.fr\/design-graphique\/#\/schema\/person\/6efbec67260ce9db24bba1e54d41e7c6","name":"Sarah Fouquet","image":{"@type":"ImageObject","inLanguage":"fr-FR","@id":"https:\/\/secure.gravatar.com\/avatar\/626f51a6ce51986c9e9cb4180fd263979c686cef2e0eff37e4a86a5095755363?s=96&d=mm&r=g","url":"https:\/\/secure.gravatar.com\/avatar\/626f51a6ce51986c9e9cb4180fd263979c686cef2e0eff37e4a86a5095755363?s=96&d=mm&r=g","contentUrl":"https:\/\/secure.gravatar.com\/avatar\/626f51a6ce51986c9e9cb4180fd263979c686cef2e0eff37e4a86a5095755363?s=96&d=mm&r=g","caption":"Sarah Fouquet"},"description":"Dessinatrice, graphiste, auto-\u00e9ditrice, enseigne l'image dans le d\u00e9partement design graphique de l'\u00e9cole sup\u00e9rieure d\u2019arts et m\u00e9dias de Caen","url":"https:\/\/blogs.esam-c2.fr\/design-graphique\/author\/design-graphique\/"}]}},"_links":{"self":[{"href":"https:\/\/blogs.esam-c2.fr\/design-graphique\/wp-json\/wp\/v2\/posts\/54","targetHints":{"allow":["GET"]}}],"collection":[{"href":"https:\/\/blogs.esam-c2.fr\/design-graphique\/wp-json\/wp\/v2\/posts"}],"about":[{"href":"https:\/\/blogs.esam-c2.fr\/design-graphique\/wp-json\/wp\/v2\/types\/post"}],"author":[{"embeddable":true,"href":"https:\/\/blogs.esam-c2.fr\/design-graphique\/wp-json\/wp\/v2\/users\/7"}],"replies":[{"embeddable":true,"href":"https:\/\/blogs.esam-c2.fr\/design-graphique\/wp-json\/wp\/v2\/comments?post=54"}],"version-history":[{"count":0,"href":"https:\/\/blogs.esam-c2.fr\/design-graphique\/wp-json\/wp\/v2\/posts\/54\/revisions"}],"wp:attachment":[{"href":"https:\/\/blogs.esam-c2.fr\/design-graphique\/wp-json\/wp\/v2\/media?parent=54"}],"wp:term":[{"taxonomy":"category","embeddable":true,"href":"https:\/\/blogs.esam-c2.fr\/design-graphique\/wp-json\/wp\/v2\/categories?post=54"},{"taxonomy":"post_tag","embeddable":true,"href":"https:\/\/blogs.esam-c2.fr\/design-graphique\/wp-json\/wp\/v2\/tags?post=54"}],"curies":[{"name":"wp","href":"https:\/\/api.w.org\/{rel}","templated":true}]}}