{"id":55,"date":"2009-04-23T11:49:00","date_gmt":"2009-04-23T11:49:00","guid":{"rendered":"http:\/\/blogs.esamcaen.fr\/design-graphique\/2009\/04\/23\/stage-confort-moderne\/"},"modified":"2009-04-23T11:49:00","modified_gmt":"2009-04-23T11:49:00","slug":"stage-confort-moderne","status":"publish","type":"post","link":"https:\/\/blogs.esam-c2.fr\/design-graphique\/stage-confort-moderne\/","title":{"rendered":"Stage \/ Confort Moderne"},"content":{"rendered":"<p><span class=\"Apple-style-span\" style=\"font-size: 11px\"><span class=\"Apple-style-span\" style=\"font-family: 'trebuchet ms'\">\/\/\/ OFFRE DE STAGE &gt;<\/span><span class=\"Apple-style-span\" style=\"font-family: 'Lucida Grande'\"> <\/span><\/span><span class=\"Apple-style-span\" style=\"font-size: 11px\"><span class=\"Apple-style-span\" style=\"font-family: 'times new roman'\">Charg\u00e9 de l\u2019accueil du public et de la m\u00e9diation Exposition Liz Deschenes, Sam Lewitt, Scott Lyall, Sean Paul, Eileen Quinlan, Blake Rayne, Nora Schultz &amp; Cheney Thompson Entre le 5 juin et le 23 ao\u00fbt 2009<\/span><\/span><span class=\"Apple-style-span\" style=\"font-family: 'Lucida Grande';font-size: 11px\">.<\/span><\/p>\n<div><span class=\"Apple-style-span\" style=\"font-family: 'Lucida Grande';font-size: 11px\"> <\/span><span class=\"Apple-style-span\" style=\"font-size: 11px\"><span class=\"Apple-style-span\" style=\"font-family: 'trebuchet ms'\">\/\/\/ DESCRIPTION &gt;<\/span><\/span><span class=\"Apple-style-span\" style=\"font-family: 'Lucida Grande';font-size: 11px\"> <\/span><span class=\"Apple-style-span\" style=\"font-size: 11px\"><span class=\"Apple-style-span\" style=\"font-family: 'times new roman'\">L\u2019association l&rsquo;Oreille est Hardie \/ le Confort Moderne, \u00e0 Poitiers recherche un(e) stagiaire qui aura pour missions principales : <\/span><span class=\"Apple-style-span\" style=\"font-weight: bold\"><span class=\"Apple-style-span\" style=\"font-family: 'times new roman'\">du 25 mai au 5 juin :<\/span><\/span><span class=\"Apple-style-span\" style=\"font-family: 'times new roman'\"> &#8211; recherche documentaire autour de l&rsquo;exposition, &#8211; conception d&rsquo;une plaquette d&rsquo;accompagnement de l&rsquo;exposition, &#8211; suivi de la r\u00e9alisation d&rsquo;entretiens film\u00e9s avec les artistes en r\u00e9sidence, &#8211; soutien \u00e0 l&rsquo;\u00e9dition du catalogue li\u00e9 \u00e0 la r\u00e9sidence. <\/span><span class=\"Apple-style-span\" style=\"font-weight: bold\"><span class=\"Apple-style-span\" style=\"font-family: 'times new roman'\">du 5 juin au 23 ao\u00fbt 2009 :<\/span><\/span><span class=\"Apple-style-span\" style=\"font-family: 'times new roman'\"> &#8211; accueil du public et m\u00e9diation dans le cadre de l&rsquo;exposition ouverte au public du mercredi au dimanche de 14h \u00e0 19h. &#8211; suivi de l&rsquo;accueil de groupes jeunes publics.<\/span><\/span><\/div>\n<div><span class=\"Apple-style-span\" style=\"font-family: 'Lucida Grande';font-size: 11px\"> <\/span><span class=\"Apple-style-span\" style=\"font-size: 11px\"><span class=\"Apple-style-span\" style=\"font-family: 'trebuchet ms'\">\/\/\/ APTITUDES &gt;<\/span><span class=\"Apple-style-span\" style=\"font-family: 'Lucida Grande'\"> <\/span><\/span><span class=\"Apple-style-span\" style=\"font-size: 11px\"><span class=\"Apple-style-span\" style=\"font-family: 'times new roman'\">Int\u00e9r\u00eat pour l\u2019art contemporain, bonne pr\u00e9sentation, dynamisme, facilit\u00e9 de communication, esprit d&rsquo;initiative, comp\u00e9tences r\u00e9dactionnelles, ma\u00eetrise de l&rsquo;outils informatique, disponibilit\u00e9 (travail en soir\u00e9e, week-end).<\/span><\/span><\/div>\n<div><span class=\"Apple-style-span\" style=\"font-size: 11px\"><span class=\"Apple-style-span\" style=\"font-family: 'times new roman'\"> <\/span><span class=\"Apple-style-span\" style=\"font-family: 'trebuchet ms'\">\/\/\/ P\u00c9RIODE<\/span><\/span><span class=\"Apple-style-span\" style=\"font-family: 'Lucida Grande';font-size: 11px\"><span class=\"Apple-style-span\" style=\"font-family: 'trebuchet ms'\"> &gt;<\/span> <\/span><span class=\"Apple-style-span\" style=\"font-size: 11px\"><span class=\"Apple-style-span\" style=\"font-family: 'times new roman'\">1, 2 ou 3 mois entre le 25 mai et le 23 ao\u00fbt 2009.<\/span><\/span><\/div>\n<div><span class=\"Apple-style-span\" style=\"font-family: 'Lucida Grande';font-size: 11px\"> <\/span><span class=\"Apple-style-span\" style=\"font-size: 11px\"><span class=\"Apple-style-span\" style=\"font-family: 'trebuchet ms'\">\/\/\/ RENSEIGNEMENTS &gt;<\/span><\/span><span class=\"Apple-style-span\" style=\"font-family: 'Lucida Grande';font-size: 11px\"> <\/span><span class=\"Apple-style-span\" style=\"font-size: 11px\"><span class=\"Apple-style-span\" style=\"font-family: 'times new roman'\">A<\/span><\/span><span class=\"Apple-style-span\" style=\"font-size: 11px\"><span class=\"Apple-style-span\" style=\"font-family: 'times new roman'\">nthony Bonnin : anthony@confort-moderne.fr le conf<\/span><\/span><span class=\"Apple-style-span\" style=\"font-size: 11px\"><span class=\"Apple-style-span\" style=\"font-family: 'times new roman'\">ort moderne \/ association l\u2019oreille est hardie 185, rue du faubourg du pont-neuf \u2013 86000 poitiers \u2013 france t\u00e9l : +33 (0)5 49 46 08 08 \u2013 fax : +33 (0)5 49 61 30 34<\/span><\/span><span class=\"Apple-style-span\" style=\"font-family: 'Lucida Grande';font-size: 11px\"> <\/span><\/p>\n<div><span class=\"Apple-style-span\" style=\"font-family: 'Lucida Grande';font-size: 11px\"><br \/><\/span><\/div>\n<\/div>\n","protected":false},"excerpt":{"rendered":"<p>\/\/\/ OFFRE DE STAGE &gt; Charg\u00e9 de l\u2019accueil du public et de la m\u00e9diation Exposition Liz Deschenes, Sam Lewitt, Scott Lyall, Sean Paul, Eileen Quinlan, Blake Rayne, Nora Schultz &amp; Cheney Thompson Entre le 5 juin et le 23 ao\u00fbt &hellip; <a href=\"https:\/\/blogs.esam-c2.fr\/design-graphique\/stage-confort-moderne\/\">Continuer la lecture <span class=\"meta-nav\">&rarr;<\/span><\/a><\/p>\n","protected":false},"author":7,"featured_media":0,"comment_status":"open","ping_status":"open","sticky":false,"template":"","format":"standard","meta":{"footnotes":""},"categories":[14,15,19],"tags":[],"class_list":["post-55","post","type-post","status-publish","format-standard","hentry","category-14","category-dg","category-stages"],"yoast_head":"<!-- This site is optimized with the Yoast SEO plugin v27.2 - https:\/\/yoast.com\/product\/yoast-seo-wordpress\/ -->\n<title>Stage \/ Confort Moderne - \/\/\/design graphique\/\u00e9sam-c2\/<\/title>\n<meta name=\"robots\" content=\"index, follow, max-snippet:-1, max-image-preview:large, max-video-preview:-1\" \/>\n<link rel=\"canonical\" href=\"https:\/\/blogs.esam-c2.fr\/design-graphique\/stage-confort-moderne\/\" \/>\n<meta property=\"og:locale\" content=\"fr_FR\" \/>\n<meta property=\"og:type\" content=\"article\" \/>\n<meta property=\"og:title\" content=\"Stage \/ Confort Moderne - \/\/\/design graphique\/\u00e9sam-c2\/\" \/>\n<meta property=\"og:description\" content=\"\/\/\/ OFFRE DE STAGE &gt; Charg\u00e9 de l\u2019accueil du public et de la m\u00e9diation Exposition Liz Deschenes, Sam Lewitt, Scott Lyall, Sean Paul, Eileen Quinlan, Blake Rayne, Nora Schultz &amp; Cheney Thompson Entre le 5 juin et le 23 ao\u00fbt &hellip; Continuer la lecture &rarr;\" \/>\n<meta property=\"og:url\" content=\"https:\/\/blogs.esam-c2.fr\/design-graphique\/stage-confort-moderne\/\" \/>\n<meta property=\"og:site_name\" content=\"\/\/\/design graphique\/\u00e9sam-c2\/\" \/>\n<meta property=\"article:published_time\" content=\"2009-04-23T11:49:00+00:00\" \/>\n<meta name=\"author\" content=\"Sarah Fouquet\" \/>\n<meta name=\"twitter:card\" content=\"summary_large_image\" \/>\n<meta name=\"twitter:label1\" content=\"\u00c9crit par\" \/>\n\t<meta name=\"twitter:data1\" content=\"Sarah Fouquet\" \/>\n\t<meta name=\"twitter:label2\" content=\"Dur\u00e9e de lecture estim\u00e9e\" \/>\n\t<meta name=\"twitter:data2\" content=\"1 minute\" \/>\n<script type=\"application\/ld+json\" class=\"yoast-schema-graph\">{\"@context\":\"https:\/\/schema.org\",\"@graph\":[{\"@type\":\"Article\",\"@id\":\"https:\/\/blogs.esam-c2.fr\/design-graphique\/stage-confort-moderne\/#article\",\"isPartOf\":{\"@id\":\"https:\/\/blogs.esam-c2.fr\/design-graphique\/stage-confort-moderne\/\"},\"author\":{\"name\":\"Sarah Fouquet\",\"@id\":\"https:\/\/blogs.esam-c2.fr\/design-graphique\/#\/schema\/person\/6efbec67260ce9db24bba1e54d41e7c6\"},\"headline\":\"Stage \/ Confort Moderne\",\"datePublished\":\"2009-04-23T11:49:00+00:00\",\"mainEntityOfPage\":{\"@id\":\"https:\/\/blogs.esam-c2.fr\/design-graphique\/stage-confort-moderne\/\"},\"wordCount\":222,\"commentCount\":0,\"articleSection\":[\"2009\",\"DG\",\"stages\"],\"inLanguage\":\"fr-FR\",\"potentialAction\":[{\"@type\":\"CommentAction\",\"name\":\"Comment\",\"target\":[\"https:\/\/blogs.esam-c2.fr\/design-graphique\/stage-confort-moderne\/#respond\"]}]},{\"@type\":\"WebPage\",\"@id\":\"https:\/\/blogs.esam-c2.fr\/design-graphique\/stage-confort-moderne\/\",\"url\":\"https:\/\/blogs.esam-c2.fr\/design-graphique\/stage-confort-moderne\/\",\"name\":\"Stage \/ Confort Moderne - \/\/\/design graphique\/\u00e9sam-c2\/\",\"isPartOf\":{\"@id\":\"https:\/\/blogs.esam-c2.fr\/design-graphique\/#website\"},\"datePublished\":\"2009-04-23T11:49:00+00:00\",\"author\":{\"@id\":\"https:\/\/blogs.esam-c2.fr\/design-graphique\/#\/schema\/person\/6efbec67260ce9db24bba1e54d41e7c6\"},\"breadcrumb\":{\"@id\":\"https:\/\/blogs.esam-c2.fr\/design-graphique\/stage-confort-moderne\/#breadcrumb\"},\"inLanguage\":\"fr-FR\",\"potentialAction\":[{\"@type\":\"ReadAction\",\"target\":[\"https:\/\/blogs.esam-c2.fr\/design-graphique\/stage-confort-moderne\/\"]}]},{\"@type\":\"BreadcrumbList\",\"@id\":\"https:\/\/blogs.esam-c2.fr\/design-graphique\/stage-confort-moderne\/#breadcrumb\",\"itemListElement\":[{\"@type\":\"ListItem\",\"position\":1,\"name\":\"Accueil\",\"item\":\"https:\/\/blogs.esam-c2.fr\/design-graphique\/\"},{\"@type\":\"ListItem\",\"position\":2,\"name\":\"Stage \/ Confort Moderne\"}]},{\"@type\":\"WebSite\",\"@id\":\"https:\/\/blogs.esam-c2.fr\/design-graphique\/#website\",\"url\":\"https:\/\/blogs.esam-c2.fr\/design-graphique\/\",\"name\":\"\/\/\/design graphique\/\u00e9sam-c2\/\",\"description\":\"site d&#039;archives et d&#039;informations \/ cours de graphisme \/ Caen\",\"potentialAction\":[{\"@type\":\"SearchAction\",\"target\":{\"@type\":\"EntryPoint\",\"urlTemplate\":\"https:\/\/blogs.esam-c2.fr\/design-graphique\/?s={search_term_string}\"},\"query-input\":{\"@type\":\"PropertyValueSpecification\",\"valueRequired\":true,\"valueName\":\"search_term_string\"}}],\"inLanguage\":\"fr-FR\"},{\"@type\":\"Person\",\"@id\":\"https:\/\/blogs.esam-c2.fr\/design-graphique\/#\/schema\/person\/6efbec67260ce9db24bba1e54d41e7c6\",\"name\":\"Sarah Fouquet\",\"image\":{\"@type\":\"ImageObject\",\"inLanguage\":\"fr-FR\",\"@id\":\"https:\/\/secure.gravatar.com\/avatar\/626f51a6ce51986c9e9cb4180fd263979c686cef2e0eff37e4a86a5095755363?s=96&d=mm&r=g\",\"url\":\"https:\/\/secure.gravatar.com\/avatar\/626f51a6ce51986c9e9cb4180fd263979c686cef2e0eff37e4a86a5095755363?s=96&d=mm&r=g\",\"contentUrl\":\"https:\/\/secure.gravatar.com\/avatar\/626f51a6ce51986c9e9cb4180fd263979c686cef2e0eff37e4a86a5095755363?s=96&d=mm&r=g\",\"caption\":\"Sarah Fouquet\"},\"description\":\"Dessinatrice, graphiste, auto-\u00e9ditrice, enseigne l'image dans le d\u00e9partement design graphique de l'\u00e9cole sup\u00e9rieure d\u2019arts et m\u00e9dias de Caen\",\"url\":\"https:\/\/blogs.esam-c2.fr\/design-graphique\/author\/design-graphique\/\"}]}<\/script>\n<!-- \/ Yoast SEO plugin. -->","yoast_head_json":{"title":"Stage \/ Confort Moderne - \/\/\/design graphique\/\u00e9sam-c2\/","robots":{"index":"index","follow":"follow","max-snippet":"max-snippet:-1","max-image-preview":"max-image-preview:large","max-video-preview":"max-video-preview:-1"},"canonical":"https:\/\/blogs.esam-c2.fr\/design-graphique\/stage-confort-moderne\/","og_locale":"fr_FR","og_type":"article","og_title":"Stage \/ Confort Moderne - \/\/\/design graphique\/\u00e9sam-c2\/","og_description":"\/\/\/ OFFRE DE STAGE &gt; Charg\u00e9 de l\u2019accueil du public et de la m\u00e9diation Exposition Liz Deschenes, Sam Lewitt, Scott Lyall, Sean Paul, Eileen Quinlan, Blake Rayne, Nora Schultz &amp; Cheney Thompson Entre le 5 juin et le 23 ao\u00fbt &hellip; Continuer la lecture &rarr;","og_url":"https:\/\/blogs.esam-c2.fr\/design-graphique\/stage-confort-moderne\/","og_site_name":"\/\/\/design graphique\/\u00e9sam-c2\/","article_published_time":"2009-04-23T11:49:00+00:00","author":"Sarah Fouquet","twitter_card":"summary_large_image","twitter_misc":{"\u00c9crit par":"Sarah Fouquet","Dur\u00e9e de lecture estim\u00e9e":"1 minute"},"schema":{"@context":"https:\/\/schema.org","@graph":[{"@type":"Article","@id":"https:\/\/blogs.esam-c2.fr\/design-graphique\/stage-confort-moderne\/#article","isPartOf":{"@id":"https:\/\/blogs.esam-c2.fr\/design-graphique\/stage-confort-moderne\/"},"author":{"name":"Sarah Fouquet","@id":"https:\/\/blogs.esam-c2.fr\/design-graphique\/#\/schema\/person\/6efbec67260ce9db24bba1e54d41e7c6"},"headline":"Stage \/ Confort Moderne","datePublished":"2009-04-23T11:49:00+00:00","mainEntityOfPage":{"@id":"https:\/\/blogs.esam-c2.fr\/design-graphique\/stage-confort-moderne\/"},"wordCount":222,"commentCount":0,"articleSection":["2009","DG","stages"],"inLanguage":"fr-FR","potentialAction":[{"@type":"CommentAction","name":"Comment","target":["https:\/\/blogs.esam-c2.fr\/design-graphique\/stage-confort-moderne\/#respond"]}]},{"@type":"WebPage","@id":"https:\/\/blogs.esam-c2.fr\/design-graphique\/stage-confort-moderne\/","url":"https:\/\/blogs.esam-c2.fr\/design-graphique\/stage-confort-moderne\/","name":"Stage \/ Confort Moderne - \/\/\/design graphique\/\u00e9sam-c2\/","isPartOf":{"@id":"https:\/\/blogs.esam-c2.fr\/design-graphique\/#website"},"datePublished":"2009-04-23T11:49:00+00:00","author":{"@id":"https:\/\/blogs.esam-c2.fr\/design-graphique\/#\/schema\/person\/6efbec67260ce9db24bba1e54d41e7c6"},"breadcrumb":{"@id":"https:\/\/blogs.esam-c2.fr\/design-graphique\/stage-confort-moderne\/#breadcrumb"},"inLanguage":"fr-FR","potentialAction":[{"@type":"ReadAction","target":["https:\/\/blogs.esam-c2.fr\/design-graphique\/stage-confort-moderne\/"]}]},{"@type":"BreadcrumbList","@id":"https:\/\/blogs.esam-c2.fr\/design-graphique\/stage-confort-moderne\/#breadcrumb","itemListElement":[{"@type":"ListItem","position":1,"name":"Accueil","item":"https:\/\/blogs.esam-c2.fr\/design-graphique\/"},{"@type":"ListItem","position":2,"name":"Stage \/ Confort Moderne"}]},{"@type":"WebSite","@id":"https:\/\/blogs.esam-c2.fr\/design-graphique\/#website","url":"https:\/\/blogs.esam-c2.fr\/design-graphique\/","name":"\/\/\/design graphique\/\u00e9sam-c2\/","description":"site d&#039;archives et d&#039;informations \/ cours de graphisme \/ Caen","potentialAction":[{"@type":"SearchAction","target":{"@type":"EntryPoint","urlTemplate":"https:\/\/blogs.esam-c2.fr\/design-graphique\/?s={search_term_string}"},"query-input":{"@type":"PropertyValueSpecification","valueRequired":true,"valueName":"search_term_string"}}],"inLanguage":"fr-FR"},{"@type":"Person","@id":"https:\/\/blogs.esam-c2.fr\/design-graphique\/#\/schema\/person\/6efbec67260ce9db24bba1e54d41e7c6","name":"Sarah Fouquet","image":{"@type":"ImageObject","inLanguage":"fr-FR","@id":"https:\/\/secure.gravatar.com\/avatar\/626f51a6ce51986c9e9cb4180fd263979c686cef2e0eff37e4a86a5095755363?s=96&d=mm&r=g","url":"https:\/\/secure.gravatar.com\/avatar\/626f51a6ce51986c9e9cb4180fd263979c686cef2e0eff37e4a86a5095755363?s=96&d=mm&r=g","contentUrl":"https:\/\/secure.gravatar.com\/avatar\/626f51a6ce51986c9e9cb4180fd263979c686cef2e0eff37e4a86a5095755363?s=96&d=mm&r=g","caption":"Sarah Fouquet"},"description":"Dessinatrice, graphiste, auto-\u00e9ditrice, enseigne l'image dans le d\u00e9partement design graphique de l'\u00e9cole sup\u00e9rieure d\u2019arts et m\u00e9dias de Caen","url":"https:\/\/blogs.esam-c2.fr\/design-graphique\/author\/design-graphique\/"}]}},"_links":{"self":[{"href":"https:\/\/blogs.esam-c2.fr\/design-graphique\/wp-json\/wp\/v2\/posts\/55","targetHints":{"allow":["GET"]}}],"collection":[{"href":"https:\/\/blogs.esam-c2.fr\/design-graphique\/wp-json\/wp\/v2\/posts"}],"about":[{"href":"https:\/\/blogs.esam-c2.fr\/design-graphique\/wp-json\/wp\/v2\/types\/post"}],"author":[{"embeddable":true,"href":"https:\/\/blogs.esam-c2.fr\/design-graphique\/wp-json\/wp\/v2\/users\/7"}],"replies":[{"embeddable":true,"href":"https:\/\/blogs.esam-c2.fr\/design-graphique\/wp-json\/wp\/v2\/comments?post=55"}],"version-history":[{"count":0,"href":"https:\/\/blogs.esam-c2.fr\/design-graphique\/wp-json\/wp\/v2\/posts\/55\/revisions"}],"wp:attachment":[{"href":"https:\/\/blogs.esam-c2.fr\/design-graphique\/wp-json\/wp\/v2\/media?parent=55"}],"wp:term":[{"taxonomy":"category","embeddable":true,"href":"https:\/\/blogs.esam-c2.fr\/design-graphique\/wp-json\/wp\/v2\/categories?post=55"},{"taxonomy":"post_tag","embeddable":true,"href":"https:\/\/blogs.esam-c2.fr\/design-graphique\/wp-json\/wp\/v2\/tags?post=55"}],"curies":[{"name":"wp","href":"https:\/\/api.w.org\/{rel}","templated":true}]}}