{"id":64,"date":"2009-08-19T14:32:00","date_gmt":"2009-08-19T14:32:00","guid":{"rendered":"http:\/\/blogs.esamcaen.fr\/design-graphique\/2009\/08\/19\/la-galerie-anatome-fete-ses-10-ans\/"},"modified":"2009-08-19T14:32:00","modified_gmt":"2009-08-19T14:32:00","slug":"la-galerie-anatome-fete-ses-10-ans","status":"publish","type":"post","link":"https:\/\/blogs.esam-c2.fr\/design-graphique\/la-galerie-anatome-fete-ses-10-ans\/","title":{"rendered":"La galerie Anatome f\u00eate ses 10 ans"},"content":{"rendered":"<div><\/div>\n<p><a href=\"http:\/\/2.bp.blogspot.com\/_Ghj4uKFRtSw\/SqeY8GlYQ4I\/AAAAAAAAADs\/8buW091x-HA\/s1600-h\/10Anatome.jpg\"><img decoding=\"async\" style=\"margin:0px auto 10px;text-align:center;cursor:pointer;cursor:hand;width: 228px;height: 320px\" src=\"http:\/\/2.bp.blogspot.com\/_Ghj4uKFRtSw\/SqeY8GlYQ4I\/AAAAAAAAADs\/8buW091x-HA\/s320\/10Anatome.jpg\" border=\"0\" alt=\"\" \/><\/a><span class=\"Apple-style-span\" style=\"font-size:medium\"><br \/><\/span><\/p>\n<div>\n<div><span class=\"Apple-style-span\" style=\"font-family:'times new roman'\"><span class=\"Apple-style-span\" style=\"font-size:medium\"><br \/><\/span><\/span><\/div>\n<div><span class=\"Apple-style-span\" style=\"line-height: 16px;font-family:Helvetica;font-size:11px\"><\/p>\n<p class=\"spip\" style=\"margin-top: 8px;margin-right: 0px;margin-bottom: 0px;margin-left: 0px;text-align: left;line-height: 16px\"><span class=\"Apple-style-span\" style=\"font-family:'trebuchet ms'\"><span class=\"Apple-style-span\" style=\"font-size: small\">\/\/\/ Info<\/span><\/span><span class=\"Apple-style-span\" style=\"font-family:'trebuchet ms'\"><span class=\"Apple-style-span\" style=\"font-size: small\"> &gt;\u00a0<\/span><\/span><span class=\"Apple-style-span\" style=\"font-family:'times new roman'\"><span class=\"Apple-style-span\" style=\"font-size: small\">La Galerie Anatome est n\u00e9e au mois de septembre 1999. Le projet \u00e9tait de faire vivre un lieu permanent vou\u00e9 \u00e0 d\u00e9fendre et promouvoir le graphisme contemporain dans toutes ses dimensions. Dix ans apr\u00e8s son ouverture, cet objectif a \u00e9t\u00e9 largement atteint. Trente six expositions ont \u00e9t\u00e9 consacr\u00e9es \u00e0 de nombreux auteurs fran\u00e7ais mais aussi \u00e0 des graphistes allemands, am\u00e9ricains, britanniques, chinois, cor\u00e9en, espagnols, mexicains, n\u00e9erlandais, polonais, russes, suisses, tch\u00e8ques. Au fil du temps et des expositions les diff\u00e9rentes facettes du graphisme ont \u00e9t\u00e9 d\u00e9voil\u00e9es\u00a0: cr\u00e9ations typographiques, graphisme \u00e9ditorial, signal\u00e9tique, identit\u00e9s de marque, habillage t\u00e9l\u00e9visuel, web design, etc. La Galerie Anatome est devenue le lieu de r\u00e9f\u00e9rence de toute la profession. Elle occupe d\u00e9sormais une place privil\u00e9gi\u00e9e dans le paysage du graphisme mondial. Rien de cela n\u2019aurait \u00e9t\u00e9 possible sans l\u2019engagement de centaine d\u2019adh\u00e9rents, sans le soutien de partenaires institutionnels et priv\u00e9s, sans la pr\u00e9sence d\u2019un public de plus en plus nombreux, sans l\u2019implication d\u2019enseignants et de nombreuses \u00e9coles fran\u00e7aises et europ\u00e9ennes. Ce succ\u00e8s croissant ouvre des perspectives stimulantes. De nouvelles dynamiques sont \u00e0 l\u2019\u0153uvre, port\u00e9es notamment par de jeunes ateliers. Des avanc\u00e9es d\u00e9cisives deviennent possibles pour conforter la diffusion du graphisme de cr\u00e9ation au rebours des logorrh\u00e9es publicitaires et de leurs effets d\u00e9vastateurs sur la qualit\u00e9 de notre environnement et de l\u2019espace public. C\u2019est le message du grand journal \u00ab\u00a0Manifeste\u00a0\u00bb qui sera \u00e9dit\u00e9 pour ce 10e anniversaire et largement diffus\u00e9 dans toutes les \u00e9coles de design, les centres d\u2019art et les librairies en France et \u00e0 l\u2019\u00e9tranger.<\/span><\/span><\/p>\n<p class=\"spip\" style=\"margin-top: 8px;margin-right: 0px;margin-bottom: 0px;margin-left: 0px;text-align: left;line-height: 16px\"><span class=\"Apple-style-span\" style=\"font-family:'times new roman'\"><span class=\"Apple-style-span\" style=\"font-size: small\">La Galerie Anatome a le plaisir de vous inviter \u00e0 f\u00eater son 10e anniversaire pendant toute la journ\u00e9e du samedi 19 septembre 2009\u00a0!<\/span><\/span><\/p>\n<p class=\"spip\" style=\"margin-top: 8px;margin-right: 0px;margin-bottom: 0px;margin-left: 0px;text-align: left;line-height: 16px\"><span class=\"Apple-style-span\" style=\"font-family:'times new roman'\"><span class=\"Apple-style-span\" style=\"font-size: small\">Rencontres en pr\u00e9sence des graphistes ayant expos\u00e9s \u00e0 la Galerie\u00a0: Pierre Neumann, Uwe Loesch, Etienne Robial, Philippe Apeloig, Alain Le Quernec, Peret, Raul, Flavio Morais, Marc Taeger, Isidro Ferrer, Petr Babak, Tomas Machek, Ales Najbrt, Ralph Schraivogel, Ruedi Baur, Seymour Chwast, Michel Bouvet, Catherine Zask, Michal Batory, Cha\u00efka, Andrey Logvin, Youri Surkov, H5, Werner Jeker, Cyan, Wim Crouwel, Ahn Sang Soo, Ich&amp;Kar, Reza Abedini, Peter Knapp, Jonathan Barnbrook.<\/span><\/span><\/p>\n<p class=\"spip\" style=\"margin-top: 8px;margin-right: 0px;margin-bottom: 0px;margin-left: 0px;text-align: left;line-height: 16px\"><span class=\"Apple-style-span\" style=\"font-family:'times new roman'\"><span class=\"Apple-style-span\" style=\"font-size: small\">au programme 2 d\u00e9bats\u00a0:\u00a0<br \/>11:00 Politique Culturelle et graphisme\u00a0<br \/>14:30 Le graphisme dans la ville, vers une HQV\u00a0?\u00a0<br \/>16:00 ouverture des expositions<\/span><\/span><\/p>\n<p class=\"spip\" style=\"margin-top: 8px;margin-right: 0px;margin-bottom: 0px;margin-left: 0px;text-align: left;line-height: 16px\"><span class=\"Apple-style-span\" style=\"font-family:'times new roman'\"><span class=\"Apple-style-span\" style=\"font-size: small\">D\u00e9bats, performances musicales, d\u00e9voilement de travaux personnels et in\u00e9dits, projections, vid\u00e9os, tombola, grande librairie et surprises diverses. Possibilit\u00e9 de restauration sur place le soir.<\/span><\/span><\/p>\n<p class=\"spip\" style=\"margin-top: 8px;margin-right: 0px;margin-bottom: 0px;margin-left: 0px;text-align: left;line-height: 16px\"><span class=\"Apple-style-span\" style=\"font-family:'trebuchet ms'\"><span class=\"Apple-style-span\" style=\"font-size: small\">\/\/\/ Lien &gt;<\/span><\/span><span class=\"Apple-style-span\" style=\"font-family:'times new roman'\"><span class=\"Apple-style-span\" style=\"font-size: small\">\u00a0<\/span><\/span><span class=\"Apple-style-span\"><a href=\"http:\/\/www.galerie-anatome.com\/\"><span class=\"Apple-style-span\"><span class=\"Apple-style-span\"><span class=\"Apple-style-span\" style=\"font-size: small\"><span class=\"Apple-style-span\" style=\"font-family: 'times new roman'\">http:\/\/www.galerie-anatome.com\/<\/span><\/span><\/span><\/span><\/a><\/span><\/p>\n<p><\/span><\/div>\n<\/div>\n","protected":false},"excerpt":{"rendered":"<p>\/\/\/ Info &gt;\u00a0La Galerie Anatome est n\u00e9e au mois de septembre 1999. Le projet \u00e9tait de faire vivre un lieu permanent vou\u00e9 \u00e0 d\u00e9fendre et promouvoir le graphisme contemporain dans toutes ses dimensions. Dix ans apr\u00e8s son ouverture, cet objectif &hellip; <a href=\"https:\/\/blogs.esam-c2.fr\/design-graphique\/la-galerie-anatome-fete-ses-10-ans\/\">Continuer la lecture <span class=\"meta-nav\">&rarr;<\/span><\/a><\/p>\n","protected":false},"author":7,"featured_media":0,"comment_status":"open","ping_status":"open","sticky":false,"template":"","format":"standard","meta":{"footnotes":""},"categories":[14,15,7],"tags":[],"class_list":["post-64","post","type-post","status-publish","format-standard","hentry","category-14","category-dg","category-info"],"yoast_head":"<!-- This site is optimized with the Yoast SEO plugin v27.2 - https:\/\/yoast.com\/product\/yoast-seo-wordpress\/ -->\n<title>La galerie Anatome f\u00eate ses 10 ans - \/\/\/design graphique\/\u00e9sam-c2\/<\/title>\n<meta name=\"robots\" content=\"index, follow, max-snippet:-1, max-image-preview:large, max-video-preview:-1\" \/>\n<link rel=\"canonical\" href=\"https:\/\/blogs.esam-c2.fr\/design-graphique\/la-galerie-anatome-fete-ses-10-ans\/\" \/>\n<meta property=\"og:locale\" content=\"fr_FR\" \/>\n<meta property=\"og:type\" content=\"article\" \/>\n<meta property=\"og:title\" content=\"La galerie Anatome f\u00eate ses 10 ans - \/\/\/design graphique\/\u00e9sam-c2\/\" \/>\n<meta property=\"og:description\" content=\"\/\/\/ Info &gt;\u00a0La Galerie Anatome est n\u00e9e au mois de septembre 1999. Le projet \u00e9tait de faire vivre un lieu permanent vou\u00e9 \u00e0 d\u00e9fendre et promouvoir le graphisme contemporain dans toutes ses dimensions. Dix ans apr\u00e8s son ouverture, cet objectif &hellip; Continuer la lecture &rarr;\" \/>\n<meta property=\"og:url\" content=\"https:\/\/blogs.esam-c2.fr\/design-graphique\/la-galerie-anatome-fete-ses-10-ans\/\" \/>\n<meta property=\"og:site_name\" content=\"\/\/\/design graphique\/\u00e9sam-c2\/\" \/>\n<meta property=\"article:published_time\" content=\"2009-08-19T14:32:00+00:00\" \/>\n<meta property=\"og:image\" content=\"http:\/\/2.bp.blogspot.com\/_Ghj4uKFRtSw\/SqeY8GlYQ4I\/AAAAAAAAADs\/8buW091x-HA\/s320\/10Anatome.jpg\" \/>\n<meta name=\"author\" content=\"Sarah Fouquet\" \/>\n<meta name=\"twitter:card\" content=\"summary_large_image\" \/>\n<meta name=\"twitter:label1\" content=\"\u00c9crit par\" \/>\n\t<meta name=\"twitter:data1\" content=\"Sarah Fouquet\" \/>\n\t<meta name=\"twitter:label2\" content=\"Dur\u00e9e de lecture estim\u00e9e\" \/>\n\t<meta name=\"twitter:data2\" content=\"2 minutes\" \/>\n<script type=\"application\/ld+json\" class=\"yoast-schema-graph\">{\"@context\":\"https:\/\/schema.org\",\"@graph\":[{\"@type\":\"Article\",\"@id\":\"https:\/\/blogs.esam-c2.fr\/design-graphique\/la-galerie-anatome-fete-ses-10-ans\/#article\",\"isPartOf\":{\"@id\":\"https:\/\/blogs.esam-c2.fr\/design-graphique\/la-galerie-anatome-fete-ses-10-ans\/\"},\"author\":{\"name\":\"Sarah Fouquet\",\"@id\":\"https:\/\/blogs.esam-c2.fr\/design-graphique\/#\/schema\/person\/6efbec67260ce9db24bba1e54d41e7c6\"},\"headline\":\"La galerie Anatome f\u00eate ses 10 ans\",\"datePublished\":\"2009-08-19T14:32:00+00:00\",\"mainEntityOfPage\":{\"@id\":\"https:\/\/blogs.esam-c2.fr\/design-graphique\/la-galerie-anatome-fete-ses-10-ans\/\"},\"wordCount\":443,\"commentCount\":0,\"image\":{\"@id\":\"https:\/\/blogs.esam-c2.fr\/design-graphique\/la-galerie-anatome-fete-ses-10-ans\/#primaryimage\"},\"thumbnailUrl\":\"http:\/\/2.bp.blogspot.com\/_Ghj4uKFRtSw\/SqeY8GlYQ4I\/AAAAAAAAADs\/8buW091x-HA\/s320\/10Anatome.jpg\",\"articleSection\":[\"2009\",\"DG\",\"info\"],\"inLanguage\":\"fr-FR\",\"potentialAction\":[{\"@type\":\"CommentAction\",\"name\":\"Comment\",\"target\":[\"https:\/\/blogs.esam-c2.fr\/design-graphique\/la-galerie-anatome-fete-ses-10-ans\/#respond\"]}]},{\"@type\":\"WebPage\",\"@id\":\"https:\/\/blogs.esam-c2.fr\/design-graphique\/la-galerie-anatome-fete-ses-10-ans\/\",\"url\":\"https:\/\/blogs.esam-c2.fr\/design-graphique\/la-galerie-anatome-fete-ses-10-ans\/\",\"name\":\"La galerie Anatome f\u00eate ses 10 ans - \/\/\/design graphique\/\u00e9sam-c2\/\",\"isPartOf\":{\"@id\":\"https:\/\/blogs.esam-c2.fr\/design-graphique\/#website\"},\"primaryImageOfPage\":{\"@id\":\"https:\/\/blogs.esam-c2.fr\/design-graphique\/la-galerie-anatome-fete-ses-10-ans\/#primaryimage\"},\"image\":{\"@id\":\"https:\/\/blogs.esam-c2.fr\/design-graphique\/la-galerie-anatome-fete-ses-10-ans\/#primaryimage\"},\"thumbnailUrl\":\"http:\/\/2.bp.blogspot.com\/_Ghj4uKFRtSw\/SqeY8GlYQ4I\/AAAAAAAAADs\/8buW091x-HA\/s320\/10Anatome.jpg\",\"datePublished\":\"2009-08-19T14:32:00+00:00\",\"author\":{\"@id\":\"https:\/\/blogs.esam-c2.fr\/design-graphique\/#\/schema\/person\/6efbec67260ce9db24bba1e54d41e7c6\"},\"breadcrumb\":{\"@id\":\"https:\/\/blogs.esam-c2.fr\/design-graphique\/la-galerie-anatome-fete-ses-10-ans\/#breadcrumb\"},\"inLanguage\":\"fr-FR\",\"potentialAction\":[{\"@type\":\"ReadAction\",\"target\":[\"https:\/\/blogs.esam-c2.fr\/design-graphique\/la-galerie-anatome-fete-ses-10-ans\/\"]}]},{\"@type\":\"ImageObject\",\"inLanguage\":\"fr-FR\",\"@id\":\"https:\/\/blogs.esam-c2.fr\/design-graphique\/la-galerie-anatome-fete-ses-10-ans\/#primaryimage\",\"url\":\"http:\/\/2.bp.blogspot.com\/_Ghj4uKFRtSw\/SqeY8GlYQ4I\/AAAAAAAAADs\/8buW091x-HA\/s320\/10Anatome.jpg\",\"contentUrl\":\"http:\/\/2.bp.blogspot.com\/_Ghj4uKFRtSw\/SqeY8GlYQ4I\/AAAAAAAAADs\/8buW091x-HA\/s320\/10Anatome.jpg\"},{\"@type\":\"BreadcrumbList\",\"@id\":\"https:\/\/blogs.esam-c2.fr\/design-graphique\/la-galerie-anatome-fete-ses-10-ans\/#breadcrumb\",\"itemListElement\":[{\"@type\":\"ListItem\",\"position\":1,\"name\":\"Accueil\",\"item\":\"https:\/\/blogs.esam-c2.fr\/design-graphique\/\"},{\"@type\":\"ListItem\",\"position\":2,\"name\":\"La galerie Anatome f\u00eate ses 10 ans\"}]},{\"@type\":\"WebSite\",\"@id\":\"https:\/\/blogs.esam-c2.fr\/design-graphique\/#website\",\"url\":\"https:\/\/blogs.esam-c2.fr\/design-graphique\/\",\"name\":\"\/\/\/design graphique\/\u00e9sam-c2\/\",\"description\":\"site d&#039;archives et d&#039;informations \/ cours de graphisme \/ Caen\",\"potentialAction\":[{\"@type\":\"SearchAction\",\"target\":{\"@type\":\"EntryPoint\",\"urlTemplate\":\"https:\/\/blogs.esam-c2.fr\/design-graphique\/?s={search_term_string}\"},\"query-input\":{\"@type\":\"PropertyValueSpecification\",\"valueRequired\":true,\"valueName\":\"search_term_string\"}}],\"inLanguage\":\"fr-FR\"},{\"@type\":\"Person\",\"@id\":\"https:\/\/blogs.esam-c2.fr\/design-graphique\/#\/schema\/person\/6efbec67260ce9db24bba1e54d41e7c6\",\"name\":\"Sarah Fouquet\",\"image\":{\"@type\":\"ImageObject\",\"inLanguage\":\"fr-FR\",\"@id\":\"https:\/\/secure.gravatar.com\/avatar\/626f51a6ce51986c9e9cb4180fd263979c686cef2e0eff37e4a86a5095755363?s=96&d=mm&r=g\",\"url\":\"https:\/\/secure.gravatar.com\/avatar\/626f51a6ce51986c9e9cb4180fd263979c686cef2e0eff37e4a86a5095755363?s=96&d=mm&r=g\",\"contentUrl\":\"https:\/\/secure.gravatar.com\/avatar\/626f51a6ce51986c9e9cb4180fd263979c686cef2e0eff37e4a86a5095755363?s=96&d=mm&r=g\",\"caption\":\"Sarah Fouquet\"},\"description\":\"Dessinatrice, graphiste, auto-\u00e9ditrice, enseigne l'image dans le d\u00e9partement design graphique de l'\u00e9cole sup\u00e9rieure d\u2019arts et m\u00e9dias de Caen\",\"url\":\"https:\/\/blogs.esam-c2.fr\/design-graphique\/author\/design-graphique\/\"}]}<\/script>\n<!-- \/ Yoast SEO plugin. -->","yoast_head_json":{"title":"La galerie Anatome f\u00eate ses 10 ans - \/\/\/design graphique\/\u00e9sam-c2\/","robots":{"index":"index","follow":"follow","max-snippet":"max-snippet:-1","max-image-preview":"max-image-preview:large","max-video-preview":"max-video-preview:-1"},"canonical":"https:\/\/blogs.esam-c2.fr\/design-graphique\/la-galerie-anatome-fete-ses-10-ans\/","og_locale":"fr_FR","og_type":"article","og_title":"La galerie Anatome f\u00eate ses 10 ans - \/\/\/design graphique\/\u00e9sam-c2\/","og_description":"\/\/\/ Info &gt;\u00a0La Galerie Anatome est n\u00e9e au mois de septembre 1999. Le projet \u00e9tait de faire vivre un lieu permanent vou\u00e9 \u00e0 d\u00e9fendre et promouvoir le graphisme contemporain dans toutes ses dimensions. Dix ans apr\u00e8s son ouverture, cet objectif &hellip; Continuer la lecture &rarr;","og_url":"https:\/\/blogs.esam-c2.fr\/design-graphique\/la-galerie-anatome-fete-ses-10-ans\/","og_site_name":"\/\/\/design graphique\/\u00e9sam-c2\/","article_published_time":"2009-08-19T14:32:00+00:00","og_image":[{"url":"http:\/\/2.bp.blogspot.com\/_Ghj4uKFRtSw\/SqeY8GlYQ4I\/AAAAAAAAADs\/8buW091x-HA\/s320\/10Anatome.jpg","type":"","width":"","height":""}],"author":"Sarah Fouquet","twitter_card":"summary_large_image","twitter_misc":{"\u00c9crit par":"Sarah Fouquet","Dur\u00e9e de lecture estim\u00e9e":"2 minutes"},"schema":{"@context":"https:\/\/schema.org","@graph":[{"@type":"Article","@id":"https:\/\/blogs.esam-c2.fr\/design-graphique\/la-galerie-anatome-fete-ses-10-ans\/#article","isPartOf":{"@id":"https:\/\/blogs.esam-c2.fr\/design-graphique\/la-galerie-anatome-fete-ses-10-ans\/"},"author":{"name":"Sarah Fouquet","@id":"https:\/\/blogs.esam-c2.fr\/design-graphique\/#\/schema\/person\/6efbec67260ce9db24bba1e54d41e7c6"},"headline":"La galerie Anatome f\u00eate ses 10 ans","datePublished":"2009-08-19T14:32:00+00:00","mainEntityOfPage":{"@id":"https:\/\/blogs.esam-c2.fr\/design-graphique\/la-galerie-anatome-fete-ses-10-ans\/"},"wordCount":443,"commentCount":0,"image":{"@id":"https:\/\/blogs.esam-c2.fr\/design-graphique\/la-galerie-anatome-fete-ses-10-ans\/#primaryimage"},"thumbnailUrl":"http:\/\/2.bp.blogspot.com\/_Ghj4uKFRtSw\/SqeY8GlYQ4I\/AAAAAAAAADs\/8buW091x-HA\/s320\/10Anatome.jpg","articleSection":["2009","DG","info"],"inLanguage":"fr-FR","potentialAction":[{"@type":"CommentAction","name":"Comment","target":["https:\/\/blogs.esam-c2.fr\/design-graphique\/la-galerie-anatome-fete-ses-10-ans\/#respond"]}]},{"@type":"WebPage","@id":"https:\/\/blogs.esam-c2.fr\/design-graphique\/la-galerie-anatome-fete-ses-10-ans\/","url":"https:\/\/blogs.esam-c2.fr\/design-graphique\/la-galerie-anatome-fete-ses-10-ans\/","name":"La galerie Anatome f\u00eate ses 10 ans - \/\/\/design graphique\/\u00e9sam-c2\/","isPartOf":{"@id":"https:\/\/blogs.esam-c2.fr\/design-graphique\/#website"},"primaryImageOfPage":{"@id":"https:\/\/blogs.esam-c2.fr\/design-graphique\/la-galerie-anatome-fete-ses-10-ans\/#primaryimage"},"image":{"@id":"https:\/\/blogs.esam-c2.fr\/design-graphique\/la-galerie-anatome-fete-ses-10-ans\/#primaryimage"},"thumbnailUrl":"http:\/\/2.bp.blogspot.com\/_Ghj4uKFRtSw\/SqeY8GlYQ4I\/AAAAAAAAADs\/8buW091x-HA\/s320\/10Anatome.jpg","datePublished":"2009-08-19T14:32:00+00:00","author":{"@id":"https:\/\/blogs.esam-c2.fr\/design-graphique\/#\/schema\/person\/6efbec67260ce9db24bba1e54d41e7c6"},"breadcrumb":{"@id":"https:\/\/blogs.esam-c2.fr\/design-graphique\/la-galerie-anatome-fete-ses-10-ans\/#breadcrumb"},"inLanguage":"fr-FR","potentialAction":[{"@type":"ReadAction","target":["https:\/\/blogs.esam-c2.fr\/design-graphique\/la-galerie-anatome-fete-ses-10-ans\/"]}]},{"@type":"ImageObject","inLanguage":"fr-FR","@id":"https:\/\/blogs.esam-c2.fr\/design-graphique\/la-galerie-anatome-fete-ses-10-ans\/#primaryimage","url":"http:\/\/2.bp.blogspot.com\/_Ghj4uKFRtSw\/SqeY8GlYQ4I\/AAAAAAAAADs\/8buW091x-HA\/s320\/10Anatome.jpg","contentUrl":"http:\/\/2.bp.blogspot.com\/_Ghj4uKFRtSw\/SqeY8GlYQ4I\/AAAAAAAAADs\/8buW091x-HA\/s320\/10Anatome.jpg"},{"@type":"BreadcrumbList","@id":"https:\/\/blogs.esam-c2.fr\/design-graphique\/la-galerie-anatome-fete-ses-10-ans\/#breadcrumb","itemListElement":[{"@type":"ListItem","position":1,"name":"Accueil","item":"https:\/\/blogs.esam-c2.fr\/design-graphique\/"},{"@type":"ListItem","position":2,"name":"La galerie Anatome f\u00eate ses 10 ans"}]},{"@type":"WebSite","@id":"https:\/\/blogs.esam-c2.fr\/design-graphique\/#website","url":"https:\/\/blogs.esam-c2.fr\/design-graphique\/","name":"\/\/\/design graphique\/\u00e9sam-c2\/","description":"site d&#039;archives et d&#039;informations \/ cours de graphisme \/ Caen","potentialAction":[{"@type":"SearchAction","target":{"@type":"EntryPoint","urlTemplate":"https:\/\/blogs.esam-c2.fr\/design-graphique\/?s={search_term_string}"},"query-input":{"@type":"PropertyValueSpecification","valueRequired":true,"valueName":"search_term_string"}}],"inLanguage":"fr-FR"},{"@type":"Person","@id":"https:\/\/blogs.esam-c2.fr\/design-graphique\/#\/schema\/person\/6efbec67260ce9db24bba1e54d41e7c6","name":"Sarah Fouquet","image":{"@type":"ImageObject","inLanguage":"fr-FR","@id":"https:\/\/secure.gravatar.com\/avatar\/626f51a6ce51986c9e9cb4180fd263979c686cef2e0eff37e4a86a5095755363?s=96&d=mm&r=g","url":"https:\/\/secure.gravatar.com\/avatar\/626f51a6ce51986c9e9cb4180fd263979c686cef2e0eff37e4a86a5095755363?s=96&d=mm&r=g","contentUrl":"https:\/\/secure.gravatar.com\/avatar\/626f51a6ce51986c9e9cb4180fd263979c686cef2e0eff37e4a86a5095755363?s=96&d=mm&r=g","caption":"Sarah Fouquet"},"description":"Dessinatrice, graphiste, auto-\u00e9ditrice, enseigne l'image dans le d\u00e9partement design graphique de l'\u00e9cole sup\u00e9rieure d\u2019arts et m\u00e9dias de Caen","url":"https:\/\/blogs.esam-c2.fr\/design-graphique\/author\/design-graphique\/"}]}},"_links":{"self":[{"href":"https:\/\/blogs.esam-c2.fr\/design-graphique\/wp-json\/wp\/v2\/posts\/64","targetHints":{"allow":["GET"]}}],"collection":[{"href":"https:\/\/blogs.esam-c2.fr\/design-graphique\/wp-json\/wp\/v2\/posts"}],"about":[{"href":"https:\/\/blogs.esam-c2.fr\/design-graphique\/wp-json\/wp\/v2\/types\/post"}],"author":[{"embeddable":true,"href":"https:\/\/blogs.esam-c2.fr\/design-graphique\/wp-json\/wp\/v2\/users\/7"}],"replies":[{"embeddable":true,"href":"https:\/\/blogs.esam-c2.fr\/design-graphique\/wp-json\/wp\/v2\/comments?post=64"}],"version-history":[{"count":0,"href":"https:\/\/blogs.esam-c2.fr\/design-graphique\/wp-json\/wp\/v2\/posts\/64\/revisions"}],"wp:attachment":[{"href":"https:\/\/blogs.esam-c2.fr\/design-graphique\/wp-json\/wp\/v2\/media?parent=64"}],"wp:term":[{"taxonomy":"category","embeddable":true,"href":"https:\/\/blogs.esam-c2.fr\/design-graphique\/wp-json\/wp\/v2\/categories?post=64"},{"taxonomy":"post_tag","embeddable":true,"href":"https:\/\/blogs.esam-c2.fr\/design-graphique\/wp-json\/wp\/v2\/tags?post=64"}],"curies":[{"name":"wp","href":"https:\/\/api.w.org\/{rel}","templated":true}]}}