{"id":65,"date":"2009-09-12T16:57:00","date_gmt":"2009-09-12T16:57:00","guid":{"rendered":"http:\/\/blogs.esamcaen.fr\/design-graphique\/2009\/09\/12\/graphisme-en-france-09-10\/"},"modified":"2009-09-12T16:57:00","modified_gmt":"2009-09-12T16:57:00","slug":"graphisme-en-france-09-10","status":"publish","type":"post","link":"https:\/\/blogs.esam-c2.fr\/design-graphique\/graphisme-en-france-09-10\/","title":{"rendered":"Graphisme en France 09-10"},"content":{"rendered":"<p><a href=\"http:\/\/1.bp.blogspot.com\/_Ghj4uKFRtSw\/SqvTj33gMcI\/AAAAAAAAAD0\/hEq77URVYzE\/s1600-h\/3_graphisme09.jpg\"><img decoding=\"async\" style=\"margin:0px auto 10px;text-align:center;cursor:pointer;cursor:hand;width: 246px;height: 320px\" src=\"http:\/\/1.bp.blogspot.com\/_Ghj4uKFRtSw\/SqvTj33gMcI\/AAAAAAAAAD0\/hEq77URVYzE\/s320\/3_graphisme09.jpg\" border=\"0\" alt=\"\" \/><\/a><span class=\"Apple-style-span\" style=\"font-family:Verdana;font-size:14px\"><\/p>\n<h3 id=\"titre-doc\" style=\"margin-right: 0px;margin-left: 0px;padding-top: 0px;padding-right: 0px;padding-bottom: 0px;padding-left: 0px;border-top-style: none;border-right-style: none;border-bottom-style: none;border-left-style: none;border-width: initial;margin-top: 1.9em;margin-bottom: 0px;color:initial\"><span class=\"Apple-style-span\" style=\"letter-spacing: 1px;font-family:'trebuchet ms'\"><span class=\"Apple-style-span\"><span class=\"Apple-style-span\"><span class=\"Apple-style-span\" style=\"font-size: small\">T<\/span><\/span><\/span><\/span><span class=\"Apple-style-span\" style=\"letter-spacing: 1px;font-family:'trebuchet ms'\"><span class=\"Apple-style-span\"><span class=\"Apple-style-span\"><span class=\"Apple-style-span\" style=\"font-size: small\">ypographie<\/span><\/span><\/span><\/span><\/h3>\n<h3 id=\"titre-doc\" style=\"margin-right: 0px;margin-left: 0px;padding-top: 0px;padding-right: 0px;padding-bottom: 0px;padding-left: 0px;border-top-style: none;border-right-style: none;border-bottom-style: none;border-left-style: none;border-width: initial;margin-top: 1.9em;margin-bottom: 0px;color:initial\"><span class=\"Apple-style-span\" style=\"font-weight: normal;line-height: 21px;font-family:'times new roman'\"><span class=\"Apple-style-span\" style=\"font-size: small\">La seizi\u00e8me \u00e9dition de Graphisme en France vient de para\u00eetre. Edit\u00e9e par le Centre national des arts plastiques en collaboration avec le minist\u00e8re de la Culture et de la Communication ( D\u00e9l\u00e9gation aux arts plastiques), elle a pour th\u00e8me la typographie.<\/span><\/span><span class=\"Apple-style-span\" style=\"font-size: small\"><\/p>\n<p><\/span><span class=\"Apple-style-span\" style=\"font-weight: normal;line-height: 21px;font-family:'times new roman'\"><span class=\"Apple-style-span\" style=\"font-size: small\">Plusieurs contributions, comme autant de points de vue sur ce domaine de la cr\u00e9ation et sur ses enjeux, sont propos\u00e9s. Michel Wlassikoff, historien et chercheur, dresse un panorama de ces dix derni\u00e8res ann\u00e9es de cr\u00e9ation typographique en France. Jean-Baptiste Lev\u00e9e aborde, au travers de sa pratique, le quotidien et les enjeux li\u00e9s au dessin de caract\u00e8re. Peter Bil&rsquo;ak, typographe et cr\u00e9ateur de la fonderie Typotheque aux Pays-Bas, livre une r\u00e9flexion sur la question de la diffusion en la comparant \u00e0 celle de la musique en ligne. Quant \u00e0 Thomas Huot-Marchand, il pr\u00e9sente son exp\u00e9rience d\u2019enseignant en typographie \u00e0 l\u2019\u00e9cole sup\u00e9rieure d\u2019art et de design d\u2019Amiens et \u00e0 l\u2019\u00e9cole sup\u00e9rieure d\u2019art de Besan\u00e7on.<\/span><\/span><span class=\"Apple-style-span\" style=\"font-size: small\"><\/p>\n<p><\/span><span class=\"Apple-style-span\" style=\"font-weight: normal;line-height: 21px;font-family:'times new roman'\"><span class=\"Apple-style-span\" style=\"font-size: small\">Un calendrier des \u00e9v\u00e9nements \u00e0 venir dans le domaine du design graphique, les prix attribu\u00e9s \u00e0 des graphistes fran\u00e7ais et une s\u00e9lection de publications compl\u00e8tent cette parution.<\/span><\/span><span class=\"Apple-style-span\" style=\"font-size: small\"><\/p>\n<p><\/span><span class=\"Apple-style-span\" style=\"font-weight: normal;line-height: 21px;font-family:'times new roman'\"><span class=\"Apple-style-span\" style=\"font-size: small\">Chaque \u00e9dition est l\u2019occasion d\u2019une cr\u00e9ation graphique originale. Cette ann\u00e9e, elle a \u00e9t\u00e9 confi\u00e9e \u00e0 L\u00e9a Chapon et Mytil Ducomet qui, apr\u00e8s une formation \u00e0 l&rsquo;Ecole Estienne et un post-dipl\u00f4me \u00e0 l&rsquo;\u00c9cole nationale sup\u00e9rieure des arts d\u00e9coratifs de Paris , ont fond\u00e9, en 2006, l&rsquo;atelier M\u00fcesli (Paris). Leur proposition, hommage \u00e0 l\u2019ornementation typographique et \u00e0 la gravure sur bois, est compos\u00e9e avec la typographie Minuscule cr\u00e9\u00e9e par Thomas Huot-Marchand.<\/span><\/span><span class=\"Apple-style-span\" style=\"font-size: small\"><\/p>\n<p><\/span><span class=\"Apple-style-span\" style=\"font-weight: normal;line-height: 21px;font-family:'times new roman'\"><span class=\"Apple-style-span\" style=\"font-size: small\">Graphisme en France r\u00e9pond \u00e0 une demande croissante d&rsquo;informations et d&rsquo;\u00e9changes d&rsquo;un r\u00e9seau professionnel et, plus largement, d&rsquo;un public d&rsquo;amateurs, la constitution d&rsquo;une r\u00e9elle culture graphique en France demeurant un enjeu d\u00e9terminant pour la qualit\u00e9 de l\u2019environnement visuel dans lequel nous \u00e9voluons.<\/span><\/span><span class=\"Apple-style-span\" style=\"font-size: small\"><\/p>\n<p><\/span><span class=\"Apple-style-span\" style=\"font-weight: normal;line-height: 21px;font-family:'times new roman'\"><span class=\"Apple-style-span\" style=\"font-size: small\">A l\u2019occasion de la sortie de \u00ab Graphisme en France \u00bb, le CNAP coproduit le prochain d\u00e9bat \u00ab Graphisme en revue \u00bb programm\u00e9 au Centre Pompidou, le vendredi 16 octobre 2009. Michel Wlassikoff, Malou Verlomme, Jack Usine, Peter Bil\u2019ak et Romain Lacroix \u00e9changeront sur la cr\u00e9ation de caract\u00e8res, l\u2019enseignement et la probl\u00e9matique de la diffusion.<\/span><\/span><span class=\"Apple-style-span\" style=\"font-size: small\"><\/p>\n<p><\/span><span class=\"Apple-style-span\" style=\"font-weight: normal;line-height: 21px;font-family:'times new roman'\"><span class=\"Apple-style-span\"><span class=\"Apple-style-span\" style=\"font-size: small\">Graphisme en France est disponible dans tout le r\u00e9seau culturel fran\u00e7ais et sera t\u00e9l\u00e9chargeable en ligne sur le site <\/span><\/span><a href=\"http:\/\/www.cnap.fr\/\"><span class=\"Apple-style-span\"><span class=\"Apple-style-span\"><span class=\"Apple-style-span\" style=\"font-size: small\">www.cnap.fr<\/span><\/span><\/span><\/a><span class=\"Apple-style-span\"><span class=\"Apple-style-span\" style=\"font-size: small\"> fin septembre 2009. Pour suivre tout au long de l\u2019ann\u00e9e l\u2019actualit\u00e9 du design graphique, un syst\u00e8me de flux RSS a \u00e9t\u00e9 mis en place sur le site du CNAP.<\/span><\/span><\/span><span class=\"Apple-style-span\" style=\"font-size: small\"><\/p>\n<p><\/span><span class=\"Apple-style-span\" style=\"font-weight: normal;line-height: 21px;font-family:'times new roman'\"><span class=\"Apple-style-span\"><span class=\"Apple-style-span\"><span class=\"Apple-style-span\"><span class=\"Apple-style-span\" style=\"font-size: small\"><span class=\"Apple-style-span\" style=\"font-family: verdana\"><span class=\"Apple-style-span\">Contact \/<\/span><\/span><\/span><\/span><\/span><\/span><span class=\"Apple-style-span\"><span class=\"Apple-style-span\"><span class=\"Apple-style-span\" style=\"font-size: small\">\u00a0<\/span><\/span><a href=\"http:\/\/www.blogger.com\/communication.cnap@culture.gouv.fr\"><span class=\"Apple-style-span\"><span class=\"Apple-style-span\"><span class=\"Apple-style-span\" style=\"font-size: small\">communication.cnap@culture.gouv.fr<\/span><\/span><\/span><\/a><\/span><\/span><br \/><\/h3>\n<p><\/span><\/p>\n","protected":false},"excerpt":{"rendered":"<p>Typographie La seizi\u00e8me \u00e9dition de Graphisme en France vient de para\u00eetre. Edit\u00e9e par le Centre national des arts plastiques en collaboration avec le minist\u00e8re de la Culture et de la Communication ( D\u00e9l\u00e9gation aux arts plastiques), elle a pour th\u00e8me &hellip; <a href=\"https:\/\/blogs.esam-c2.fr\/design-graphique\/graphisme-en-france-09-10\/\">Continuer la lecture <span class=\"meta-nav\">&rarr;<\/span><\/a><\/p>\n","protected":false},"author":7,"featured_media":0,"comment_status":"open","ping_status":"open","sticky":false,"template":"","format":"standard","meta":{"footnotes":""},"categories":[14,15,7],"tags":[],"class_list":["post-65","post","type-post","status-publish","format-standard","hentry","category-14","category-dg","category-info"],"yoast_head":"<!-- This site is optimized with the Yoast SEO plugin v27.2 - https:\/\/yoast.com\/product\/yoast-seo-wordpress\/ -->\n<title>Graphisme en France 09-10 - \/\/\/design graphique\/\u00e9sam-c2\/<\/title>\n<meta name=\"robots\" content=\"index, follow, max-snippet:-1, max-image-preview:large, max-video-preview:-1\" \/>\n<link rel=\"canonical\" href=\"https:\/\/blogs.esam-c2.fr\/design-graphique\/graphisme-en-france-09-10\/\" \/>\n<meta property=\"og:locale\" content=\"fr_FR\" \/>\n<meta property=\"og:type\" content=\"article\" \/>\n<meta property=\"og:title\" content=\"Graphisme en France 09-10 - \/\/\/design graphique\/\u00e9sam-c2\/\" \/>\n<meta property=\"og:description\" content=\"Typographie La seizi\u00e8me \u00e9dition de Graphisme en France vient de para\u00eetre. Edit\u00e9e par le Centre national des arts plastiques en collaboration avec le minist\u00e8re de la Culture et de la Communication ( D\u00e9l\u00e9gation aux arts plastiques), elle a pour th\u00e8me &hellip; Continuer la lecture &rarr;\" \/>\n<meta property=\"og:url\" content=\"https:\/\/blogs.esam-c2.fr\/design-graphique\/graphisme-en-france-09-10\/\" \/>\n<meta property=\"og:site_name\" content=\"\/\/\/design graphique\/\u00e9sam-c2\/\" \/>\n<meta property=\"article:published_time\" content=\"2009-09-12T16:57:00+00:00\" \/>\n<meta property=\"og:image\" content=\"http:\/\/1.bp.blogspot.com\/_Ghj4uKFRtSw\/SqvTj33gMcI\/AAAAAAAAAD0\/hEq77URVYzE\/s320\/3_graphisme09.jpg\" \/>\n<meta name=\"author\" content=\"Sarah Fouquet\" \/>\n<meta name=\"twitter:card\" content=\"summary_large_image\" \/>\n<meta name=\"twitter:label1\" content=\"\u00c9crit par\" \/>\n\t<meta name=\"twitter:data1\" content=\"Sarah Fouquet\" \/>\n\t<meta name=\"twitter:label2\" content=\"Dur\u00e9e de lecture estim\u00e9e\" \/>\n\t<meta name=\"twitter:data2\" content=\"2 minutes\" \/>\n<script type=\"application\/ld+json\" class=\"yoast-schema-graph\">{\"@context\":\"https:\/\/schema.org\",\"@graph\":[{\"@type\":\"Article\",\"@id\":\"https:\/\/blogs.esam-c2.fr\/design-graphique\/graphisme-en-france-09-10\/#article\",\"isPartOf\":{\"@id\":\"https:\/\/blogs.esam-c2.fr\/design-graphique\/graphisme-en-france-09-10\/\"},\"author\":{\"name\":\"Sarah Fouquet\",\"@id\":\"https:\/\/blogs.esam-c2.fr\/design-graphique\/#\/schema\/person\/6efbec67260ce9db24bba1e54d41e7c6\"},\"headline\":\"Graphisme en France 09-10\",\"datePublished\":\"2009-09-12T16:57:00+00:00\",\"mainEntityOfPage\":{\"@id\":\"https:\/\/blogs.esam-c2.fr\/design-graphique\/graphisme-en-france-09-10\/\"},\"wordCount\":464,\"commentCount\":0,\"image\":{\"@id\":\"https:\/\/blogs.esam-c2.fr\/design-graphique\/graphisme-en-france-09-10\/#primaryimage\"},\"thumbnailUrl\":\"http:\/\/1.bp.blogspot.com\/_Ghj4uKFRtSw\/SqvTj33gMcI\/AAAAAAAAAD0\/hEq77URVYzE\/s320\/3_graphisme09.jpg\",\"articleSection\":[\"2009\",\"DG\",\"info\"],\"inLanguage\":\"fr-FR\",\"potentialAction\":[{\"@type\":\"CommentAction\",\"name\":\"Comment\",\"target\":[\"https:\/\/blogs.esam-c2.fr\/design-graphique\/graphisme-en-france-09-10\/#respond\"]}]},{\"@type\":\"WebPage\",\"@id\":\"https:\/\/blogs.esam-c2.fr\/design-graphique\/graphisme-en-france-09-10\/\",\"url\":\"https:\/\/blogs.esam-c2.fr\/design-graphique\/graphisme-en-france-09-10\/\",\"name\":\"Graphisme en France 09-10 - \/\/\/design graphique\/\u00e9sam-c2\/\",\"isPartOf\":{\"@id\":\"https:\/\/blogs.esam-c2.fr\/design-graphique\/#website\"},\"primaryImageOfPage\":{\"@id\":\"https:\/\/blogs.esam-c2.fr\/design-graphique\/graphisme-en-france-09-10\/#primaryimage\"},\"image\":{\"@id\":\"https:\/\/blogs.esam-c2.fr\/design-graphique\/graphisme-en-france-09-10\/#primaryimage\"},\"thumbnailUrl\":\"http:\/\/1.bp.blogspot.com\/_Ghj4uKFRtSw\/SqvTj33gMcI\/AAAAAAAAAD0\/hEq77URVYzE\/s320\/3_graphisme09.jpg\",\"datePublished\":\"2009-09-12T16:57:00+00:00\",\"author\":{\"@id\":\"https:\/\/blogs.esam-c2.fr\/design-graphique\/#\/schema\/person\/6efbec67260ce9db24bba1e54d41e7c6\"},\"breadcrumb\":{\"@id\":\"https:\/\/blogs.esam-c2.fr\/design-graphique\/graphisme-en-france-09-10\/#breadcrumb\"},\"inLanguage\":\"fr-FR\",\"potentialAction\":[{\"@type\":\"ReadAction\",\"target\":[\"https:\/\/blogs.esam-c2.fr\/design-graphique\/graphisme-en-france-09-10\/\"]}]},{\"@type\":\"ImageObject\",\"inLanguage\":\"fr-FR\",\"@id\":\"https:\/\/blogs.esam-c2.fr\/design-graphique\/graphisme-en-france-09-10\/#primaryimage\",\"url\":\"http:\/\/1.bp.blogspot.com\/_Ghj4uKFRtSw\/SqvTj33gMcI\/AAAAAAAAAD0\/hEq77URVYzE\/s320\/3_graphisme09.jpg\",\"contentUrl\":\"http:\/\/1.bp.blogspot.com\/_Ghj4uKFRtSw\/SqvTj33gMcI\/AAAAAAAAAD0\/hEq77URVYzE\/s320\/3_graphisme09.jpg\"},{\"@type\":\"BreadcrumbList\",\"@id\":\"https:\/\/blogs.esam-c2.fr\/design-graphique\/graphisme-en-france-09-10\/#breadcrumb\",\"itemListElement\":[{\"@type\":\"ListItem\",\"position\":1,\"name\":\"Accueil\",\"item\":\"https:\/\/blogs.esam-c2.fr\/design-graphique\/\"},{\"@type\":\"ListItem\",\"position\":2,\"name\":\"Graphisme en France 09-10\"}]},{\"@type\":\"WebSite\",\"@id\":\"https:\/\/blogs.esam-c2.fr\/design-graphique\/#website\",\"url\":\"https:\/\/blogs.esam-c2.fr\/design-graphique\/\",\"name\":\"\/\/\/design graphique\/\u00e9sam-c2\/\",\"description\":\"site d&#039;archives et d&#039;informations \/ cours de graphisme \/ Caen\",\"potentialAction\":[{\"@type\":\"SearchAction\",\"target\":{\"@type\":\"EntryPoint\",\"urlTemplate\":\"https:\/\/blogs.esam-c2.fr\/design-graphique\/?s={search_term_string}\"},\"query-input\":{\"@type\":\"PropertyValueSpecification\",\"valueRequired\":true,\"valueName\":\"search_term_string\"}}],\"inLanguage\":\"fr-FR\"},{\"@type\":\"Person\",\"@id\":\"https:\/\/blogs.esam-c2.fr\/design-graphique\/#\/schema\/person\/6efbec67260ce9db24bba1e54d41e7c6\",\"name\":\"Sarah Fouquet\",\"image\":{\"@type\":\"ImageObject\",\"inLanguage\":\"fr-FR\",\"@id\":\"https:\/\/secure.gravatar.com\/avatar\/626f51a6ce51986c9e9cb4180fd263979c686cef2e0eff37e4a86a5095755363?s=96&d=mm&r=g\",\"url\":\"https:\/\/secure.gravatar.com\/avatar\/626f51a6ce51986c9e9cb4180fd263979c686cef2e0eff37e4a86a5095755363?s=96&d=mm&r=g\",\"contentUrl\":\"https:\/\/secure.gravatar.com\/avatar\/626f51a6ce51986c9e9cb4180fd263979c686cef2e0eff37e4a86a5095755363?s=96&d=mm&r=g\",\"caption\":\"Sarah Fouquet\"},\"description\":\"Dessinatrice, graphiste, auto-\u00e9ditrice, enseigne l'image dans le d\u00e9partement design graphique de l'\u00e9cole sup\u00e9rieure d\u2019arts et m\u00e9dias de Caen\",\"url\":\"https:\/\/blogs.esam-c2.fr\/design-graphique\/author\/design-graphique\/\"}]}<\/script>\n<!-- \/ Yoast SEO plugin. -->","yoast_head_json":{"title":"Graphisme en France 09-10 - \/\/\/design graphique\/\u00e9sam-c2\/","robots":{"index":"index","follow":"follow","max-snippet":"max-snippet:-1","max-image-preview":"max-image-preview:large","max-video-preview":"max-video-preview:-1"},"canonical":"https:\/\/blogs.esam-c2.fr\/design-graphique\/graphisme-en-france-09-10\/","og_locale":"fr_FR","og_type":"article","og_title":"Graphisme en France 09-10 - \/\/\/design graphique\/\u00e9sam-c2\/","og_description":"Typographie La seizi\u00e8me \u00e9dition de Graphisme en France vient de para\u00eetre. Edit\u00e9e par le Centre national des arts plastiques en collaboration avec le minist\u00e8re de la Culture et de la Communication ( D\u00e9l\u00e9gation aux arts plastiques), elle a pour th\u00e8me &hellip; Continuer la lecture &rarr;","og_url":"https:\/\/blogs.esam-c2.fr\/design-graphique\/graphisme-en-france-09-10\/","og_site_name":"\/\/\/design graphique\/\u00e9sam-c2\/","article_published_time":"2009-09-12T16:57:00+00:00","og_image":[{"url":"http:\/\/1.bp.blogspot.com\/_Ghj4uKFRtSw\/SqvTj33gMcI\/AAAAAAAAAD0\/hEq77URVYzE\/s320\/3_graphisme09.jpg","type":"","width":"","height":""}],"author":"Sarah Fouquet","twitter_card":"summary_large_image","twitter_misc":{"\u00c9crit par":"Sarah Fouquet","Dur\u00e9e de lecture estim\u00e9e":"2 minutes"},"schema":{"@context":"https:\/\/schema.org","@graph":[{"@type":"Article","@id":"https:\/\/blogs.esam-c2.fr\/design-graphique\/graphisme-en-france-09-10\/#article","isPartOf":{"@id":"https:\/\/blogs.esam-c2.fr\/design-graphique\/graphisme-en-france-09-10\/"},"author":{"name":"Sarah Fouquet","@id":"https:\/\/blogs.esam-c2.fr\/design-graphique\/#\/schema\/person\/6efbec67260ce9db24bba1e54d41e7c6"},"headline":"Graphisme en France 09-10","datePublished":"2009-09-12T16:57:00+00:00","mainEntityOfPage":{"@id":"https:\/\/blogs.esam-c2.fr\/design-graphique\/graphisme-en-france-09-10\/"},"wordCount":464,"commentCount":0,"image":{"@id":"https:\/\/blogs.esam-c2.fr\/design-graphique\/graphisme-en-france-09-10\/#primaryimage"},"thumbnailUrl":"http:\/\/1.bp.blogspot.com\/_Ghj4uKFRtSw\/SqvTj33gMcI\/AAAAAAAAAD0\/hEq77URVYzE\/s320\/3_graphisme09.jpg","articleSection":["2009","DG","info"],"inLanguage":"fr-FR","potentialAction":[{"@type":"CommentAction","name":"Comment","target":["https:\/\/blogs.esam-c2.fr\/design-graphique\/graphisme-en-france-09-10\/#respond"]}]},{"@type":"WebPage","@id":"https:\/\/blogs.esam-c2.fr\/design-graphique\/graphisme-en-france-09-10\/","url":"https:\/\/blogs.esam-c2.fr\/design-graphique\/graphisme-en-france-09-10\/","name":"Graphisme en France 09-10 - \/\/\/design graphique\/\u00e9sam-c2\/","isPartOf":{"@id":"https:\/\/blogs.esam-c2.fr\/design-graphique\/#website"},"primaryImageOfPage":{"@id":"https:\/\/blogs.esam-c2.fr\/design-graphique\/graphisme-en-france-09-10\/#primaryimage"},"image":{"@id":"https:\/\/blogs.esam-c2.fr\/design-graphique\/graphisme-en-france-09-10\/#primaryimage"},"thumbnailUrl":"http:\/\/1.bp.blogspot.com\/_Ghj4uKFRtSw\/SqvTj33gMcI\/AAAAAAAAAD0\/hEq77URVYzE\/s320\/3_graphisme09.jpg","datePublished":"2009-09-12T16:57:00+00:00","author":{"@id":"https:\/\/blogs.esam-c2.fr\/design-graphique\/#\/schema\/person\/6efbec67260ce9db24bba1e54d41e7c6"},"breadcrumb":{"@id":"https:\/\/blogs.esam-c2.fr\/design-graphique\/graphisme-en-france-09-10\/#breadcrumb"},"inLanguage":"fr-FR","potentialAction":[{"@type":"ReadAction","target":["https:\/\/blogs.esam-c2.fr\/design-graphique\/graphisme-en-france-09-10\/"]}]},{"@type":"ImageObject","inLanguage":"fr-FR","@id":"https:\/\/blogs.esam-c2.fr\/design-graphique\/graphisme-en-france-09-10\/#primaryimage","url":"http:\/\/1.bp.blogspot.com\/_Ghj4uKFRtSw\/SqvTj33gMcI\/AAAAAAAAAD0\/hEq77URVYzE\/s320\/3_graphisme09.jpg","contentUrl":"http:\/\/1.bp.blogspot.com\/_Ghj4uKFRtSw\/SqvTj33gMcI\/AAAAAAAAAD0\/hEq77URVYzE\/s320\/3_graphisme09.jpg"},{"@type":"BreadcrumbList","@id":"https:\/\/blogs.esam-c2.fr\/design-graphique\/graphisme-en-france-09-10\/#breadcrumb","itemListElement":[{"@type":"ListItem","position":1,"name":"Accueil","item":"https:\/\/blogs.esam-c2.fr\/design-graphique\/"},{"@type":"ListItem","position":2,"name":"Graphisme en France 09-10"}]},{"@type":"WebSite","@id":"https:\/\/blogs.esam-c2.fr\/design-graphique\/#website","url":"https:\/\/blogs.esam-c2.fr\/design-graphique\/","name":"\/\/\/design graphique\/\u00e9sam-c2\/","description":"site d&#039;archives et d&#039;informations \/ cours de graphisme \/ Caen","potentialAction":[{"@type":"SearchAction","target":{"@type":"EntryPoint","urlTemplate":"https:\/\/blogs.esam-c2.fr\/design-graphique\/?s={search_term_string}"},"query-input":{"@type":"PropertyValueSpecification","valueRequired":true,"valueName":"search_term_string"}}],"inLanguage":"fr-FR"},{"@type":"Person","@id":"https:\/\/blogs.esam-c2.fr\/design-graphique\/#\/schema\/person\/6efbec67260ce9db24bba1e54d41e7c6","name":"Sarah Fouquet","image":{"@type":"ImageObject","inLanguage":"fr-FR","@id":"https:\/\/secure.gravatar.com\/avatar\/626f51a6ce51986c9e9cb4180fd263979c686cef2e0eff37e4a86a5095755363?s=96&d=mm&r=g","url":"https:\/\/secure.gravatar.com\/avatar\/626f51a6ce51986c9e9cb4180fd263979c686cef2e0eff37e4a86a5095755363?s=96&d=mm&r=g","contentUrl":"https:\/\/secure.gravatar.com\/avatar\/626f51a6ce51986c9e9cb4180fd263979c686cef2e0eff37e4a86a5095755363?s=96&d=mm&r=g","caption":"Sarah Fouquet"},"description":"Dessinatrice, graphiste, auto-\u00e9ditrice, enseigne l'image dans le d\u00e9partement design graphique de l'\u00e9cole sup\u00e9rieure d\u2019arts et m\u00e9dias de Caen","url":"https:\/\/blogs.esam-c2.fr\/design-graphique\/author\/design-graphique\/"}]}},"_links":{"self":[{"href":"https:\/\/blogs.esam-c2.fr\/design-graphique\/wp-json\/wp\/v2\/posts\/65","targetHints":{"allow":["GET"]}}],"collection":[{"href":"https:\/\/blogs.esam-c2.fr\/design-graphique\/wp-json\/wp\/v2\/posts"}],"about":[{"href":"https:\/\/blogs.esam-c2.fr\/design-graphique\/wp-json\/wp\/v2\/types\/post"}],"author":[{"embeddable":true,"href":"https:\/\/blogs.esam-c2.fr\/design-graphique\/wp-json\/wp\/v2\/users\/7"}],"replies":[{"embeddable":true,"href":"https:\/\/blogs.esam-c2.fr\/design-graphique\/wp-json\/wp\/v2\/comments?post=65"}],"version-history":[{"count":0,"href":"https:\/\/blogs.esam-c2.fr\/design-graphique\/wp-json\/wp\/v2\/posts\/65\/revisions"}],"wp:attachment":[{"href":"https:\/\/blogs.esam-c2.fr\/design-graphique\/wp-json\/wp\/v2\/media?parent=65"}],"wp:term":[{"taxonomy":"category","embeddable":true,"href":"https:\/\/blogs.esam-c2.fr\/design-graphique\/wp-json\/wp\/v2\/categories?post=65"},{"taxonomy":"post_tag","embeddable":true,"href":"https:\/\/blogs.esam-c2.fr\/design-graphique\/wp-json\/wp\/v2\/tags?post=65"}],"curies":[{"name":"wp","href":"https:\/\/api.w.org\/{rel}","templated":true}]}}