{"id":70,"date":"2009-10-12T15:35:00","date_gmt":"2009-10-12T15:35:00","guid":{"rendered":"http:\/\/blogs.esamcaen.fr\/design-graphique\/2009\/10\/12\/actualites-du-graphisme\/"},"modified":"2009-10-12T15:35:00","modified_gmt":"2009-10-12T15:35:00","slug":"actualites-du-graphisme","status":"publish","type":"post","link":"https:\/\/blogs.esam-c2.fr\/design-graphique\/actualites-du-graphisme\/","title":{"rendered":"Actualit\u00e9s du Graphisme"},"content":{"rendered":"<p><span class=\"Apple-style-span\"><span class=\"Apple-style-span\" style=\"font-family:'trebuchet ms'\"><span class=\"Apple-style-span\" style=\"font-size:small\"><\/p>\n<div><\/div>\n<p>\/\/\/ Contexte &gt;<\/span><\/span><span class=\"Apple-style-span\" style=\"font-size:small\">\u00a0<\/span><span class=\"Apple-style-span\"><span class=\"Apple-style-span\" style=\"font-family:'times new roman'\"><span class=\"Apple-style-span\" style=\"font-size:small\">R\u00e9aliser un travail de recherche en bin\u00f4me sur l&rsquo;\u0153uvre d&rsquo;un designer en vue de produire un expos\u00e9 oral d&rsquo;une dizaine de minutes \u00a0accompagn\u00e9 d&rsquo;une projection d&rsquo;images<\/span><\/span><\/span><\/span><span class=\"Apple-style-span\" style=\"font-size:small\"><\/p>\n<p><\/span><span class=\"Apple-style-span\"><span class=\"Apple-style-span\" style=\"font-size:small\">\/\/\/ Objectifs &gt;<\/span><\/span><span class=\"Apple-style-span\" style=\"font-size:small\"><br \/><\/span><span class=\"Apple-style-span\"><span class=\"Apple-style-span\" style=\"font-size:small\">. Sensibiliser et d\u00e9velopper son sens de l&rsquo;investigation<\/span><\/span><span class=\"Apple-style-span\" style=\"font-size:small\"><br \/><\/span><span class=\"Apple-style-span\"><span class=\"Apple-style-span\" style=\"font-size:small\">. Acqu\u00e9rir des r\u00e9f\u00e9rences personnelles &gt; savoir citer des noms de designers, de travaux et expliquer leurs d\u00e9marches<\/span><\/span><span class=\"Apple-style-span\" style=\"font-size:small\"><br \/><\/span><span class=\"Apple-style-span\"><span class=\"Apple-style-span\" style=\"font-size:small\">. Ancrer son travail dans une r\u00e9alit\u00e9 professionnelle<\/span><\/span><span class=\"Apple-style-span\" style=\"font-size:small\"><\/span><\/p>\n<div><span class=\"Apple-style-span\" style=\"font-size:small\"><span class=\"Apple-style-span\"><br \/><\/span><\/span><span class=\"Apple-style-span\"><span class=\"Apple-style-span\" style=\"font-family:'trebuchet ms'\"><span class=\"Apple-style-span\" style=\"font-size:small\">\/\/\/ Organisation &gt;<\/span><\/span><span class=\"Apple-style-span\" style=\"font-size:small\">\u00a0travail continu par groupe de deux qui correspond \u00e0 un cr\u00e9dit au premier semestre en DG2<\/span><\/span><span class=\"Apple-style-span\" style=\"font-size:small\"><br \/><\/span><span class=\"Apple-style-span\"><span class=\"Apple-style-span\" style=\"font-size:small\">comme il y a 28 inscrits en DG2 il y aura donc 14 expos\u00e9s oraux \u00e0 choisir parmi la liste suivante.\u00a0<\/span><\/span><span class=\"Apple-style-span\" style=\"font-size:small\"><\/span><\/p>\n<div><span class=\"Apple-style-span\" style=\"font-size:small\"><span class=\"Apple-style-span\"><br \/><\/span><\/span><span class=\"Apple-style-span\"><span class=\"Apple-style-span\" style=\"font-size:small\">. le 17 novembre 2009 = 6 expos\u00e9s<\/span><\/span><span class=\"Apple-style-span\" style=\"font-size:small\"><\/span><\/p>\n<div><span class=\"Apple-style-span\" style=\"font-size:small\"><span class=\"Apple-style-span\"><\/p>\n<p style=\"margin: 0.0px 0.0px 0.0px 0.0px;font: 12.0px Helvetica\"><span class=\"Apple-style-span\" style=\"font-family:'times new roman'\"><span class=\"Apple-style-span\">David Carson &gt; <\/span><span class=\"Apple-style-span\">Mathieu Leprince<\/span><\/span><\/p>\n<p style=\"margin: 0.0px 0.0px 0.0px 0.0px;font: 12.0px Helvetica\"><span class=\"Apple-style-span\" style=\"font-family:'times new roman'\"><span class=\"Apple-style-span\">Max Bill &gt; <\/span><span class=\"Apple-style-span\">C\u00e9line Quevilly<\/span><\/span><\/p>\n<p style=\"margin: 0.0px 0.0px 0.0px 0.0px;font: 12.0px Helvetica\"><span class=\"Apple-style-span\" style=\"font-family:'times new roman'\"><span class=\"Apple-style-span\">Les Designers Republic &gt; <\/span><span class=\"Apple-style-span\">Marie-Claire Courtois &amp; Louise Houel<\/span><\/span><\/p>\n<p style=\"margin: 0.0px 0.0px 0.0px 0.0px;font: 12.0px Helvetica\"><span class=\"Apple-style-span\" style=\"font-family:'times new roman'\"><span class=\"Apple-style-span\">Bazooka &gt; <\/span><span class=\"Apple-style-span\">No\u00ebllie Heudier &amp; Allison Lain\u00e9<\/span><\/span><\/p>\n<p style=\"margin: 0.0px 0.0px 0.0px 0.0px;font: 13.0px Arial\"><span style=\"font: 12.0px Helvetica\"><span class=\"Apple-style-span\" style=\"font-family:'times new roman'\"><span class=\"Apple-style-span\">William Morris &gt; <\/span><\/span><\/span><span class=\"Apple-style-span\" style=\"font-family:'times new roman'\"><span class=\"Apple-style-span\">Sophie Marie &amp; Lara Spelsberg<\/span><\/span><\/p>\n<p style=\"margin: 0.0px 0.0px 0.0px 0.0px;font: 13.0px Arial\"><span class=\"Apple-style-span\" style=\"font-family:'times new roman'\"><span class=\"Apple-style-span\">Dan Perjovschi &gt; <\/span><span class=\"Apple-style-span\">Emma Langevin &amp; Symphonie Robail<\/span><\/span><\/p>\n<p style=\"margin: 0.0px 0.0px 0.0px 0.0px;font: 13.0px Arial\"><span class=\"Apple-style-span\"><br \/><\/span><\/p>\n<p><\/span><\/span><span class=\"Apple-style-span\" style=\"line-height: 20px\"><span class=\"Apple-style-span\" style=\"font-family: 'times new roman'\"><span class=\"Apple-style-span\" style=\"font-size: small\">. le 8 d\u00e9cembre 2009 = 5 expos\u00e9s<\/span><\/span><\/span><span class=\"Apple-style-span\" style=\"font-size: small\"><span class=\"Apple-style-span\" style=\"font-family: 'times new roman'\"><\/span><\/span><\/div>\n<div><span class=\"Apple-style-span\"><\/p>\n<p style=\"margin: 0.0px 0.0px 0.0px 0.0px;font: 12.0px Helvetica\"><span class=\"Apple-style-span\"><span class=\"Apple-style-span\" style=\"font-family: 'times new roman'\"><span class=\"Apple-style-span\" style=\"font-size: small\">Muriel Paris &gt; <\/span><\/span><\/span><span class=\"Apple-style-span\"><span class=\"Apple-style-span\"><span class=\"Apple-style-span\" style=\"font-family: 'times new roman'\"><span class=\"Apple-style-span\" style=\"font-size: small\">Perle<\/span><\/span><\/span><\/span><span class=\"Apple-style-span\"><span class=\"Apple-style-span\" style=\"font-family: 'times new roman'\"><span class=\"Apple-style-span\" style=\"font-size: small\"> Gibelin &amp; Camille Guingouain<\/span><\/span><\/span><\/p>\n<p style=\"margin: 0.0px 0.0px 0.0px 0.0px;font: 12.0px Helvetica\"><span class=\"Apple-style-span\"><span class=\"Apple-style-span\" style=\"font-family: 'times new roman'\"><span class=\"Apple-style-span\" style=\"font-size: small\">James Vctore &gt;<\/span><\/span><\/span><span class=\"Apple-style-span\"><span class=\"Apple-style-span\" style=\"font-family: 'times new roman'\"><span class=\"Apple-style-span\" style=\"font-size: small\"> Ob\u00e9line Auffret et Anissa Roudias<\/span><\/span><\/span><\/p>\n<p style=\"margin-top: 0px;margin-right: 0px;margin-bottom: 0px;margin-left: 0px;font: normal normal normal 12px\/normal Helvetica\"><span class=\"Apple-style-span\" style=\"line-height: 20px\"><span class=\"Apple-style-span\"><span class=\"Apple-style-span\" style=\"font-family: 'times new roman'\"><span class=\"Apple-style-span\" style=\"font-size: small\">Fran\u00e7ois Morellet &gt;\u00a0<\/span><\/span><\/span><span class=\"Apple-style-span\" style=\"font-family: 'times new roman'\"><span class=\"Apple-style-span\" style=\"font-size: small\"><span class=\"Apple-style-span\">\u00c9milie Villedieu de Torcy et Annabelle Lebret<\/span><\/span><\/span><\/span><\/p>\n<p style=\"margin: 0.0px 0.0px 0.0px 0.0px;font: 12.0px Helvetica\"><span class=\"Apple-style-span\" style=\"line-height: 20px\"><span class=\"Apple-style-span\"><span class=\"Apple-style-span\" style=\"font-family: 'times new roman'\"><span class=\"Apple-style-span\" style=\"font-size: small\">Roman Cieslewicz &gt;<\/span><\/span><\/span><span class=\"Apple-style-span\" style=\"font-family: 'times new roman'\"><span class=\"Apple-style-span\" style=\"font-size: small\"> <span class=\"Apple-style-span\">Juliette Hoefler et Jing Ye<\/span><\/span><\/span><\/span><span class=\"Apple-style-span\" style=\"font-family: 'times new roman'\"><span class=\"Apple-style-span\" style=\"font-size: small\"><br \/><\/span><\/span><\/p>\n<p style=\"margin: 0.0px 0.0px 0.0px 0.0px;font: 12.0px Helvetica\"><span class=\"Apple-style-span\" style=\"line-height: 20px\"><span class=\"Apple-style-span\"><span class=\"Apple-style-span\" style=\"font-family: 'times new roman'\"><span class=\"Apple-style-span\" style=\"font-size: small\">M\/M ou Plantu &gt;<\/span><\/span><\/span><span class=\"Apple-style-span\" style=\"font-family: 'times new roman'\"><span class=\"Apple-style-span\" style=\"font-size: small\">\u00a0<span class=\"Apple-style-span\">Clara Liegard et Charlotte Thomas<\/span><\/span><\/span><\/span><\/p>\n<p style=\"margin: 0.0px 0.0px 0.0px 0.0px;font: 12.0px Helvetica\"><span class=\"Apple-style-span\"><span class=\"Apple-style-span\" style=\"font-family: 'times new roman'\"><span class=\"Apple-style-span\" style=\"font-size: small\"><br \/><\/span><\/span><\/span><\/p>\n<p><\/span><span class=\"Apple-style-span\" style=\"line-height: 20px\"><span class=\"Apple-style-span\" style=\"font-family: 'times new roman'\"><span class=\"Apple-style-span\" style=\"font-size: small\">. le 19 janvier 2009 = 5 expos\u00e9s<\/span><\/span><\/span><span class=\"Apple-style-span\" style=\"font-size: small\"><span class=\"Apple-style-span\" style=\"font-family: 'times new roman'\"><\/span><\/span><\/div>\n<div><span class=\"Apple-style-span\"><\/p>\n<p style=\"margin-top: 0px;margin-right: 0px;margin-bottom: 0px;margin-left: 0px;font: normal normal normal 12px\/normal Helvetica\"><span class=\"Apple-style-span\" style=\"line-height: 20px\"><span class=\"Apple-style-span\"><span class=\"Apple-style-span\" style=\"font-family: 'times new roman'\"><span class=\"Apple-style-span\" style=\"font-size: small\">Art Chantry &gt;<\/span><\/span><\/span><span class=\"Apple-style-span\" style=\"font-family: 'times new roman'\"><span class=\"Apple-style-span\" style=\"font-size: small\">\u00a0<span class=\"Apple-style-span\">Nicolas Cosson et Damien Andrieu<\/span><\/span><\/span><\/span><\/p>\n<p style=\"margin-top: 0px;margin-right: 0px;margin-bottom: 0px;margin-left: 0px;font: normal normal normal 12px\/normal Helvetica\"><span class=\"Apple-style-span\" style=\"line-height: 20px\"><span class=\"Apple-style-span\"><span class=\"Apple-style-span\" style=\"font-family: 'times new roman'\"><span class=\"Apple-style-span\" style=\"font-size: small\">Michal Batory &gt;<\/span><\/span><\/span><span class=\"Apple-style-span\" style=\"font-family: 'times new roman'\"><span class=\"Apple-style-span\" style=\"font-size: small\"> Anne Jacquinot et Julie Benameur<\/span><\/span><\/span><span class=\"Apple-style-span\" style=\"font-family: 'times new roman'\"><span class=\"Apple-style-span\" style=\"font-size: small\"><br \/><\/span><\/span><\/p>\n<div><span class=\"Apple-style-span\" style=\"font-size: 13px\"><span class=\"Apple-style-span\" style=\"font-size: 16px\"><\/p>\n<p style=\"margin-top: 0px;margin-right: 0px;margin-bottom: 0px;margin-left: 0px;font: normal normal normal 12px\/normal Helvetica\"><span class=\"Apple-style-span\"><span class=\"Apple-style-span\" style=\"font-family: 'times new roman'\"><span class=\"Apple-style-span\" style=\"font-size: small\">Ikko Tanaka &gt;<\/span><\/span><\/span><span class=\"Apple-style-span\"><span class=\"Apple-style-span\" style=\"font-family: 'times new roman'\"><span class=\"Apple-style-span\" style=\"font-size: small\">\u00a0Jeanne Andr\u00e9 et Maxime Corbeil<\/span><\/span><\/span><\/p>\n<div><span class=\"Apple-style-span\"><br \/><\/span><\/div>\n<p><\/span><\/span><\/div>\n<p><\/span><\/div>\n<div><span class=\"Apple-style-span\" style=\"font-size:small\"><span class=\"Apple-style-span\"><br \/><\/span><\/span><span class=\"Apple-style-span\"><span class=\"Apple-style-span\" style=\"font-family:'trebuchet ms'\"><span class=\"Apple-style-span\" style=\"font-size:small\">\/\/\/ Liste non exhaustive :<\/span><\/span><span class=\"Apple-style-span\" style=\"font-size:small\">\u00a0<\/span><span class=\"Apple-style-span\"><span class=\"Apple-style-span\" style=\"font-size:small\">J<\/span><span class=\"Apple-style-span\" style=\"font-size:x-small\">ean Antoine, Alessandrini,\u00a0Philippe Apeloig,\u00a0Otl Aicher,\u00a0Atalante,\u00a0Phil Baines,\u00a0Jonathan Barnbrook,\u00a0Michal Batory,\u00a0John Baskerville,\u00a0Saul Bass,\u00a0Ruedi Baur,\u00a0Herbert Bayer,\u00a0Bazooka,\u00a0Morris Fuller Benton,\u00a0Pierre Bernard,\u00a0Max Bill,\u00a0Erik van Blokland,\u00a0Giambattista Bodoni,\u00a0Albert Boton,\u00a0Michel Bouvet,\u00a0Thomas Braichet,\u00a0Neville Brody,\u00a0David Carson,\u00a0Matthew Carter,\u00a0William Caslon,\u00a0Cassandre,\u00a0Chermayeff &amp; Geismar,\u00a0Roman Cieslewicz,\u00a0Paul Cox,\u00a0Deberny &amp; Peignot,\u00a0The Designers Republic,\u00a0Pierre Di Sciullo,\u00a0Firmin Didot,\u00a0Th\u00e9o Va Doesburg,\u00a0Gert Dumbar,\u00a0Tom Eckersley,\u00a0Heinz Edelmann,\u00a0El Roto,\u00a0Emigre,\u00a0Roger Excoffon,\u00a0Pierre Faucheux,\u00a0Eduard Fella,\u00a0Alan Fletcher,\u00a0Pierre Fournier,\u00a0Tina Franck,\u00a0Tobias Frere-Jones,\u00a0Adrian Frutiger,\u00a0Shigeo Fukuda,\u00a0Claude Garamond,\u00a0Karl Gerstner,\u00a0Raymond Gid,\u00a0Eric Gill,\u00a0Frederic Goudy,\u00a0Robert Granjon,\u00a0Grapus,\u00a0Francesco Griffo,\u00a0Ryan McGuiness,\u00a0Johannes Gutenberg,\u00a0Raoul Hausmann,\u00a0John Heartfield,\u00a0Karlgeorg Hoefer,\u00a0Jonathan Hoefler,\u00a0Kim Hiorthoy,\u00a0Marcel Jacno,\u00a0Franck Jalleau,\u00a0Nicolas Jenson,\u00a0Edward Johnston,\u00a0Peter Keller,\u00a0Peter Knapp,\u00a0Akira Kobayashi,\u00a0Rudolf Koch Kopelnitsky,\u00a0Barbara Kruger,\u00a0Jean Larcher,\u00a0Zuzana Licko,\u00a0El Lissitzky,\u00a0Raymond Loewy,\u00a0Herb Lubalin,\u00a0Michel Quarez,\u00a0Alain Le Quernec,\u00a0M\/M,\u00a0John Maeda,\u00a0Vladimir Ma\u00efakovski,\u00a0Ladislas Mandel,\u00a0Alde Manuce,\u00a0Bruce Mau,\u00a0Robert Massin,\u00a0Marshall McLuhan,\u00a0Claude M\u00e9diavilla,\u00a0Hans Eduard Meier,\u00a0Pierre Mendell,\u00a0Jos\u00e9 Mendoza,\u00a0Meta Design,\u00a0Rudi Meyer,\u00a0Max Miedinger,\u00a0Philippe Millot,\u00a0L\u00e1szl\u00f3 Moholy-Nagy,\u00a0Stanley Morison,\u00a0Fran\u00e7ois Morellet,\u00a0William Morris,\u00a0Jose Muller-Brockmann,\u00a0Bruno Munari,\u00a0Nous travaillons ensemble,\u00a0Aldo Novarese,\u00a0Vaughan Oliver,\u00a0Clothilde Olyff,\u00a0Muriel Paris,\u00a0G\u00e9rard Paris-Clavel,\u00a0Charles Peignot,\u00a0Pentagram,\u00a0Peret,\u00a0Loulou Picasso,\u00a0Kiki Picasso,\u00a0Christophe Plantin,\u00a0Plantu,\u00a0Jean-Fran\u00e7ois Porchez,\u00a0Paul Rand,\u00a0Jamie Reid,\u00a0Paul Renner,\u00a0Etienne Robial,\u00a0Jakob Sabon,\u00a0Willem Sandberg,\u00a0Raymond Savignac,\u00a0Peter Saville,\u00a0Paula Scher,\u00a0Carlos Segura,\u00a0Sin\u00e9,\u00a0Robert Slimbach,\u00a0Art Spiegelman,\u00a0Erik Spiekermann,\u00a0Ikko Tanaka,\u00a0Lucille Tenazas,\u00a0Jeremy Tankard,\u00a0Fr\u00e9d\u00e9ric Teschner,\u00a0Osamu Tezuka,\u00a0Henryk Tomaszewski,\u00a0Topor,\u00a0Total Design,\u00a0Jan Tschichold,\u00a0Carol Twombly,\u00a0Gerard Unger,\u00a0Tomi Ungerer,\u00a0Rudy VanderLans,\u00a0James Victore,\u00a0Maximilien Vox,\u00a0Justus Erich Walbaum,\u00a0Chris Ware,\u00a0Fred Woodward,\u00a0John Wozencroft,\u00a0Jean Widmer,\u00a0Willem,\u00a0Hermann Zapf et\u00a0<\/span><\/span><span class=\"Apple-style-span\" style=\"font-family:Times\"><span class=\"Apple-style-span\"><span class=\"Apple-style-span\" style=\"font-size:x-small\">Catherine Zask<\/span><\/span><\/span><\/span><\/div>\n<\/div>\n<\/div>\n","protected":false},"excerpt":{"rendered":"<p>\/\/\/ Contexte &gt;\u00a0R\u00e9aliser un travail de recherche en bin\u00f4me sur l&rsquo;\u0153uvre d&rsquo;un designer en vue de produire un expos\u00e9 oral d&rsquo;une dizaine de minutes \u00a0accompagn\u00e9 d&rsquo;une projection d&rsquo;images \/\/\/ Objectifs &gt;. Sensibiliser et d\u00e9velopper son sens de l&rsquo;investigation. Acqu\u00e9rir des &hellip; <a href=\"https:\/\/blogs.esam-c2.fr\/design-graphique\/actualites-du-graphisme\/\">Continuer la lecture <span class=\"meta-nav\">&rarr;<\/span><\/a><\/p>\n","protected":false},"author":7,"featured_media":0,"comment_status":"open","ping_status":"open","sticky":false,"template":"","format":"standard","meta":{"footnotes":""},"categories":[14,4,5],"tags":[],"class_list":["post-70","post","type-post","status-publish","format-standard","hentry","category-14","category-dg2","category-exo"],"yoast_head":"<!-- This site is optimized with the Yoast SEO plugin v27.2 - https:\/\/yoast.com\/product\/yoast-seo-wordpress\/ -->\n<title>Actualit\u00e9s du Graphisme - \/\/\/design graphique\/\u00e9sam-c2\/<\/title>\n<meta name=\"robots\" content=\"index, follow, max-snippet:-1, max-image-preview:large, max-video-preview:-1\" \/>\n<link rel=\"canonical\" href=\"https:\/\/blogs.esam-c2.fr\/design-graphique\/actualites-du-graphisme\/\" \/>\n<meta property=\"og:locale\" content=\"fr_FR\" \/>\n<meta property=\"og:type\" content=\"article\" \/>\n<meta property=\"og:title\" content=\"Actualit\u00e9s du Graphisme - \/\/\/design graphique\/\u00e9sam-c2\/\" \/>\n<meta property=\"og:description\" content=\"\/\/\/ Contexte &gt;\u00a0R\u00e9aliser un travail de recherche en bin\u00f4me sur l&rsquo;\u0153uvre d&rsquo;un designer en vue de produire un expos\u00e9 oral d&rsquo;une dizaine de minutes \u00a0accompagn\u00e9 d&rsquo;une projection d&rsquo;images \/\/\/ Objectifs &gt;. Sensibiliser et d\u00e9velopper son sens de l&rsquo;investigation. Acqu\u00e9rir des &hellip; Continuer la lecture &rarr;\" \/>\n<meta property=\"og:url\" content=\"https:\/\/blogs.esam-c2.fr\/design-graphique\/actualites-du-graphisme\/\" \/>\n<meta property=\"og:site_name\" content=\"\/\/\/design graphique\/\u00e9sam-c2\/\" \/>\n<meta property=\"article:published_time\" content=\"2009-10-12T15:35:00+00:00\" \/>\n<meta name=\"author\" content=\"Sarah Fouquet\" \/>\n<meta name=\"twitter:card\" content=\"summary_large_image\" \/>\n<meta name=\"twitter:label1\" content=\"\u00c9crit par\" \/>\n\t<meta name=\"twitter:data1\" content=\"Sarah Fouquet\" \/>\n\t<meta name=\"twitter:label2\" content=\"Dur\u00e9e de lecture estim\u00e9e\" \/>\n\t<meta name=\"twitter:data2\" content=\"3 minutes\" \/>\n<script type=\"application\/ld+json\" class=\"yoast-schema-graph\">{\"@context\":\"https:\/\/schema.org\",\"@graph\":[{\"@type\":\"Article\",\"@id\":\"https:\/\/blogs.esam-c2.fr\/design-graphique\/actualites-du-graphisme\/#article\",\"isPartOf\":{\"@id\":\"https:\/\/blogs.esam-c2.fr\/design-graphique\/actualites-du-graphisme\/\"},\"author\":{\"name\":\"Sarah Fouquet\",\"@id\":\"https:\/\/blogs.esam-c2.fr\/design-graphique\/#\/schema\/person\/6efbec67260ce9db24bba1e54d41e7c6\"},\"headline\":\"Actualit\u00e9s du Graphisme\",\"datePublished\":\"2009-10-12T15:35:00+00:00\",\"mainEntityOfPage\":{\"@id\":\"https:\/\/blogs.esam-c2.fr\/design-graphique\/actualites-du-graphisme\/\"},\"wordCount\":561,\"commentCount\":0,\"articleSection\":[\"2009\",\"DG2\",\"exo\"],\"inLanguage\":\"fr-FR\",\"potentialAction\":[{\"@type\":\"CommentAction\",\"name\":\"Comment\",\"target\":[\"https:\/\/blogs.esam-c2.fr\/design-graphique\/actualites-du-graphisme\/#respond\"]}]},{\"@type\":\"WebPage\",\"@id\":\"https:\/\/blogs.esam-c2.fr\/design-graphique\/actualites-du-graphisme\/\",\"url\":\"https:\/\/blogs.esam-c2.fr\/design-graphique\/actualites-du-graphisme\/\",\"name\":\"Actualit\u00e9s du Graphisme - \/\/\/design graphique\/\u00e9sam-c2\/\",\"isPartOf\":{\"@id\":\"https:\/\/blogs.esam-c2.fr\/design-graphique\/#website\"},\"datePublished\":\"2009-10-12T15:35:00+00:00\",\"author\":{\"@id\":\"https:\/\/blogs.esam-c2.fr\/design-graphique\/#\/schema\/person\/6efbec67260ce9db24bba1e54d41e7c6\"},\"breadcrumb\":{\"@id\":\"https:\/\/blogs.esam-c2.fr\/design-graphique\/actualites-du-graphisme\/#breadcrumb\"},\"inLanguage\":\"fr-FR\",\"potentialAction\":[{\"@type\":\"ReadAction\",\"target\":[\"https:\/\/blogs.esam-c2.fr\/design-graphique\/actualites-du-graphisme\/\"]}]},{\"@type\":\"BreadcrumbList\",\"@id\":\"https:\/\/blogs.esam-c2.fr\/design-graphique\/actualites-du-graphisme\/#breadcrumb\",\"itemListElement\":[{\"@type\":\"ListItem\",\"position\":1,\"name\":\"Accueil\",\"item\":\"https:\/\/blogs.esam-c2.fr\/design-graphique\/\"},{\"@type\":\"ListItem\",\"position\":2,\"name\":\"Actualit\u00e9s du Graphisme\"}]},{\"@type\":\"WebSite\",\"@id\":\"https:\/\/blogs.esam-c2.fr\/design-graphique\/#website\",\"url\":\"https:\/\/blogs.esam-c2.fr\/design-graphique\/\",\"name\":\"\/\/\/design graphique\/\u00e9sam-c2\/\",\"description\":\"site d&#039;archives et d&#039;informations \/ cours de graphisme \/ Caen\",\"potentialAction\":[{\"@type\":\"SearchAction\",\"target\":{\"@type\":\"EntryPoint\",\"urlTemplate\":\"https:\/\/blogs.esam-c2.fr\/design-graphique\/?s={search_term_string}\"},\"query-input\":{\"@type\":\"PropertyValueSpecification\",\"valueRequired\":true,\"valueName\":\"search_term_string\"}}],\"inLanguage\":\"fr-FR\"},{\"@type\":\"Person\",\"@id\":\"https:\/\/blogs.esam-c2.fr\/design-graphique\/#\/schema\/person\/6efbec67260ce9db24bba1e54d41e7c6\",\"name\":\"Sarah Fouquet\",\"image\":{\"@type\":\"ImageObject\",\"inLanguage\":\"fr-FR\",\"@id\":\"https:\/\/secure.gravatar.com\/avatar\/626f51a6ce51986c9e9cb4180fd263979c686cef2e0eff37e4a86a5095755363?s=96&d=mm&r=g\",\"url\":\"https:\/\/secure.gravatar.com\/avatar\/626f51a6ce51986c9e9cb4180fd263979c686cef2e0eff37e4a86a5095755363?s=96&d=mm&r=g\",\"contentUrl\":\"https:\/\/secure.gravatar.com\/avatar\/626f51a6ce51986c9e9cb4180fd263979c686cef2e0eff37e4a86a5095755363?s=96&d=mm&r=g\",\"caption\":\"Sarah Fouquet\"},\"description\":\"Dessinatrice, graphiste, auto-\u00e9ditrice, enseigne l'image dans le d\u00e9partement design graphique de l'\u00e9cole sup\u00e9rieure d\u2019arts et m\u00e9dias de Caen\",\"url\":\"https:\/\/blogs.esam-c2.fr\/design-graphique\/author\/design-graphique\/\"}]}<\/script>\n<!-- \/ Yoast SEO plugin. -->","yoast_head_json":{"title":"Actualit\u00e9s du Graphisme - \/\/\/design graphique\/\u00e9sam-c2\/","robots":{"index":"index","follow":"follow","max-snippet":"max-snippet:-1","max-image-preview":"max-image-preview:large","max-video-preview":"max-video-preview:-1"},"canonical":"https:\/\/blogs.esam-c2.fr\/design-graphique\/actualites-du-graphisme\/","og_locale":"fr_FR","og_type":"article","og_title":"Actualit\u00e9s du Graphisme - \/\/\/design graphique\/\u00e9sam-c2\/","og_description":"\/\/\/ Contexte &gt;\u00a0R\u00e9aliser un travail de recherche en bin\u00f4me sur l&rsquo;\u0153uvre d&rsquo;un designer en vue de produire un expos\u00e9 oral d&rsquo;une dizaine de minutes \u00a0accompagn\u00e9 d&rsquo;une projection d&rsquo;images \/\/\/ Objectifs &gt;. Sensibiliser et d\u00e9velopper son sens de l&rsquo;investigation. Acqu\u00e9rir des &hellip; Continuer la lecture &rarr;","og_url":"https:\/\/blogs.esam-c2.fr\/design-graphique\/actualites-du-graphisme\/","og_site_name":"\/\/\/design graphique\/\u00e9sam-c2\/","article_published_time":"2009-10-12T15:35:00+00:00","author":"Sarah Fouquet","twitter_card":"summary_large_image","twitter_misc":{"\u00c9crit par":"Sarah Fouquet","Dur\u00e9e de lecture estim\u00e9e":"3 minutes"},"schema":{"@context":"https:\/\/schema.org","@graph":[{"@type":"Article","@id":"https:\/\/blogs.esam-c2.fr\/design-graphique\/actualites-du-graphisme\/#article","isPartOf":{"@id":"https:\/\/blogs.esam-c2.fr\/design-graphique\/actualites-du-graphisme\/"},"author":{"name":"Sarah Fouquet","@id":"https:\/\/blogs.esam-c2.fr\/design-graphique\/#\/schema\/person\/6efbec67260ce9db24bba1e54d41e7c6"},"headline":"Actualit\u00e9s du Graphisme","datePublished":"2009-10-12T15:35:00+00:00","mainEntityOfPage":{"@id":"https:\/\/blogs.esam-c2.fr\/design-graphique\/actualites-du-graphisme\/"},"wordCount":561,"commentCount":0,"articleSection":["2009","DG2","exo"],"inLanguage":"fr-FR","potentialAction":[{"@type":"CommentAction","name":"Comment","target":["https:\/\/blogs.esam-c2.fr\/design-graphique\/actualites-du-graphisme\/#respond"]}]},{"@type":"WebPage","@id":"https:\/\/blogs.esam-c2.fr\/design-graphique\/actualites-du-graphisme\/","url":"https:\/\/blogs.esam-c2.fr\/design-graphique\/actualites-du-graphisme\/","name":"Actualit\u00e9s du Graphisme - \/\/\/design graphique\/\u00e9sam-c2\/","isPartOf":{"@id":"https:\/\/blogs.esam-c2.fr\/design-graphique\/#website"},"datePublished":"2009-10-12T15:35:00+00:00","author":{"@id":"https:\/\/blogs.esam-c2.fr\/design-graphique\/#\/schema\/person\/6efbec67260ce9db24bba1e54d41e7c6"},"breadcrumb":{"@id":"https:\/\/blogs.esam-c2.fr\/design-graphique\/actualites-du-graphisme\/#breadcrumb"},"inLanguage":"fr-FR","potentialAction":[{"@type":"ReadAction","target":["https:\/\/blogs.esam-c2.fr\/design-graphique\/actualites-du-graphisme\/"]}]},{"@type":"BreadcrumbList","@id":"https:\/\/blogs.esam-c2.fr\/design-graphique\/actualites-du-graphisme\/#breadcrumb","itemListElement":[{"@type":"ListItem","position":1,"name":"Accueil","item":"https:\/\/blogs.esam-c2.fr\/design-graphique\/"},{"@type":"ListItem","position":2,"name":"Actualit\u00e9s du Graphisme"}]},{"@type":"WebSite","@id":"https:\/\/blogs.esam-c2.fr\/design-graphique\/#website","url":"https:\/\/blogs.esam-c2.fr\/design-graphique\/","name":"\/\/\/design graphique\/\u00e9sam-c2\/","description":"site d&#039;archives et d&#039;informations \/ cours de graphisme \/ Caen","potentialAction":[{"@type":"SearchAction","target":{"@type":"EntryPoint","urlTemplate":"https:\/\/blogs.esam-c2.fr\/design-graphique\/?s={search_term_string}"},"query-input":{"@type":"PropertyValueSpecification","valueRequired":true,"valueName":"search_term_string"}}],"inLanguage":"fr-FR"},{"@type":"Person","@id":"https:\/\/blogs.esam-c2.fr\/design-graphique\/#\/schema\/person\/6efbec67260ce9db24bba1e54d41e7c6","name":"Sarah Fouquet","image":{"@type":"ImageObject","inLanguage":"fr-FR","@id":"https:\/\/secure.gravatar.com\/avatar\/626f51a6ce51986c9e9cb4180fd263979c686cef2e0eff37e4a86a5095755363?s=96&d=mm&r=g","url":"https:\/\/secure.gravatar.com\/avatar\/626f51a6ce51986c9e9cb4180fd263979c686cef2e0eff37e4a86a5095755363?s=96&d=mm&r=g","contentUrl":"https:\/\/secure.gravatar.com\/avatar\/626f51a6ce51986c9e9cb4180fd263979c686cef2e0eff37e4a86a5095755363?s=96&d=mm&r=g","caption":"Sarah Fouquet"},"description":"Dessinatrice, graphiste, auto-\u00e9ditrice, enseigne l'image dans le d\u00e9partement design graphique de l'\u00e9cole sup\u00e9rieure d\u2019arts et m\u00e9dias de Caen","url":"https:\/\/blogs.esam-c2.fr\/design-graphique\/author\/design-graphique\/"}]}},"_links":{"self":[{"href":"https:\/\/blogs.esam-c2.fr\/design-graphique\/wp-json\/wp\/v2\/posts\/70","targetHints":{"allow":["GET"]}}],"collection":[{"href":"https:\/\/blogs.esam-c2.fr\/design-graphique\/wp-json\/wp\/v2\/posts"}],"about":[{"href":"https:\/\/blogs.esam-c2.fr\/design-graphique\/wp-json\/wp\/v2\/types\/post"}],"author":[{"embeddable":true,"href":"https:\/\/blogs.esam-c2.fr\/design-graphique\/wp-json\/wp\/v2\/users\/7"}],"replies":[{"embeddable":true,"href":"https:\/\/blogs.esam-c2.fr\/design-graphique\/wp-json\/wp\/v2\/comments?post=70"}],"version-history":[{"count":0,"href":"https:\/\/blogs.esam-c2.fr\/design-graphique\/wp-json\/wp\/v2\/posts\/70\/revisions"}],"wp:attachment":[{"href":"https:\/\/blogs.esam-c2.fr\/design-graphique\/wp-json\/wp\/v2\/media?parent=70"}],"wp:term":[{"taxonomy":"category","embeddable":true,"href":"https:\/\/blogs.esam-c2.fr\/design-graphique\/wp-json\/wp\/v2\/categories?post=70"},{"taxonomy":"post_tag","embeddable":true,"href":"https:\/\/blogs.esam-c2.fr\/design-graphique\/wp-json\/wp\/v2\/tags?post=70"}],"curies":[{"name":"wp","href":"https:\/\/api.w.org\/{rel}","templated":true}]}}