{"id":78,"date":"2009-11-02T15:34:00","date_gmt":"2009-11-02T15:34:00","guid":{"rendered":"http:\/\/blogs.esamcaen.fr\/design-graphique\/2009\/11\/02\/graphisme-commandes\/"},"modified":"2009-11-02T15:34:00","modified_gmt":"2009-11-02T15:34:00","slug":"graphisme-commandes","status":"publish","type":"post","link":"https:\/\/blogs.esam-c2.fr\/design-graphique\/graphisme-commandes\/","title":{"rendered":"Graphisme &amp; commandes"},"content":{"rendered":"<p><span class=\"Apple-style-span\" style=\"font-family:'trebuchet ms'\"><span class=\"Apple-style-span\" style=\"font-size: small\">\/\/\/ Contexte &gt;<\/span><\/span><span class=\"Apple-style-span\" style=\"font-family:'times new roman'\"><span class=\"Apple-style-span\" style=\"font-size: small\"><span class=\"Apple-style-span\" style=\"border-collapse: collapse\"><\/span><\/span><\/span><\/p>\n<div><span class=\"Apple-style-span\" style=\"border-collapse: collapse\"><span class=\"Apple-style-span\" style=\"font-family:'times new roman'\"><span class=\"Apple-style-span\" style=\"font-size: small\"><br \/><\/span><\/span><\/span><\/div>\n<div><span class=\"Apple-style-span\" style=\"border-collapse: collapse\"><span class=\"Apple-style-span\" style=\"font-family:'times new roman'\"><span class=\"Apple-style-span\" style=\"font-size: small\">Les \u00e9tudiants se trouvent progressivement charg\u00e9s de responsabilit\u00e9s face aux sujets qui deviennent de v\u00e9ritables cahiers des charges. Ils abordent des domaines diff\u00e9rents de la cr\u00e9ation et doivent apprendre \u00e0 se positionner en cons\u00e9quence. Ils sont incit\u00e9s \u00e0 exp\u00e9rimenter les diff\u00e9rents ateliers de l\u2019\u00e9cole (s\u00e9rigraphie, photo, infographie \u2026) afin de conna\u00eetre de plus pr\u00e8s la cha\u00eene graphique. La typographie devient un enjeu majeur, \u00e0 la fois th\u00e9orique et pratique, dans leur travail. <\/span><\/span><\/span><\/div>\n<div><span class=\"Apple-style-span\" style=\"border-collapse: collapse\"><span class=\"Apple-style-span\" style=\"font-family:'times new roman'\"><span class=\"Apple-style-span\" style=\"font-size: small\"><br \/><\/span><\/span><\/span><\/div>\n<div><span class=\"Apple-style-span\" style=\"border-collapse: collapse\"><span class=\"Apple-style-span\" style=\"font-family:'times new roman'\"><span class=\"Apple-style-span\" style=\"font-size: small\">Deux sujets au premier semestre &gt; \u00ab\u00a0Afficher la douleur\u00a0\u00bb et \u00ab\u00a0Reportage graphique\u00a0\u00bb<\/span><\/span><\/span><\/div>\n<div><span class=\"Apple-style-span\" style=\"border-collapse: collapse\"><span class=\"Apple-style-span\" style=\"font-family:'times new roman'\"><span class=\"Apple-style-span\" style=\"font-size: small\"><br \/><\/span><\/span><\/span><\/div>\n<div><span class=\"Apple-style-span\" style=\"border-collapse: collapse\"><span class=\"Apple-style-span\" style=\"font-family:'times new roman'\"><span class=\"Apple-style-span\" style=\"font-size: small\">Pr\u00e9-requis : Notions de PAO, dessin et photographie<\/span><\/span><\/span><\/div>\n<div><span class=\"Apple-style-span\" style=\"border-collapse: collapse\"><span class=\"Apple-style-span\" style=\"font-family:'times new roman'\"><span class=\"Apple-style-span\" style=\"font-size: small\"><br \/><\/span><\/span><\/span><\/div>\n<div><span class=\"Apple-style-span\" style=\"border-collapse: collapse\"><span class=\"Apple-style-span\" style=\"font-family:'times new roman'\"><span class=\"Apple-style-span\" style=\"font-size: small\">Objectifs :<\/span><\/span><\/span><\/div>\n<div><span class=\"Apple-style-span\" style=\"border-collapse: collapse\"><span class=\"Apple-style-span\" style=\"font-family:'times new roman'\"><span class=\"Apple-style-span\" style=\"font-size: small\">1 . Acquisitions des outils graphiques (traitement d\u2019images, mise-en-page et vectorisation)<\/span><\/span><\/span><\/div>\n<p><span class=\"Apple-style-span\" style=\"border-collapse: collapse\"><span class=\"Apple-style-span\" style=\"font-family:'times new roman'\"><span class=\"Apple-style-span\" style=\"font-size: small\">2. Savoir argumenter, justifier et valoriser son travail (oral, \u00e9crit, accrochage) 3. Enrichir ses r\u00e9f\u00e9rences culturelles sous forme de carnets de recherches (texte et image) 4. Pouvoir faire diff\u00e9rentes propositions sur un m\u00eame sujet avant de proc\u00e9der au choix le plus pertinent 5. Trouver son autonomie de travail au sein d\u2019un groupe<\/span><\/span><\/span><\/p>\n<div><span class=\"Apple-style-span\" style=\"border-collapse: collapse\"><span class=\"Apple-style-span\" style=\"font-family:'times new roman'\"><span class=\"Apple-style-span\" style=\"font-size: small\"><br \/><\/span><\/span><\/span><\/div>\n<div><span class=\"Apple-style-span\" style=\"border-collapse: collapse\"><span class=\"Apple-style-span\" style=\"font-family:'times new roman'\"><span class=\"Apple-style-span\" style=\"font-size: small\">M\u00e9thode d&rsquo;enseignement :<\/span><\/span><\/span><\/div>\n<div><span class=\"Apple-style-span\" style=\"border-collapse: collapse\"><span class=\"Apple-style-span\" style=\"font-family:'times new roman'\"><span class=\"Apple-style-span\" style=\"font-size: small\">1. Cours introductifs proposant les r\u00e9f\u00e9rences et notions n\u00e9cessaires pour bien aborder les exercices ainsi qu\u2019une bibliographie adapt\u00e9e par sujet 2. Travail individuel ou collectif en atelier 3. Entretiens, contr\u00f4le continu et rendu collectif 4. Recherches personnelles sous forme de carnet de croquis, de lectures et de fiches bibliographiques<br \/><\/span><\/span><\/span><\/div>\n<div><span class=\"Apple-style-span\" style=\"border-collapse: collapse\"><span class=\"Apple-style-span\" style=\"font-family:'times new roman'\"><span class=\"Apple-style-span\" style=\"font-size: small\"><br \/><\/span><\/span><\/span><\/div>\n<div><span class=\"Apple-style-span\" style=\"border-collapse: collapse\"><span class=\"Apple-style-span\" style=\"font-family:'times new roman'\"><span class=\"Apple-style-span\" style=\"font-size: small\">\u00c9valuation :\u00a0<\/span><\/span><\/span><\/div>\n<div><span class=\"Apple-style-span\" style=\"border-collapse: collapse\"><span class=\"Apple-style-span\" style=\"font-family:'times new roman'\"><span class=\"Apple-style-span\" style=\"font-size: small\">1. Pr\u00e9sence et investissement<\/span><\/span><\/span><\/div>\n<div><span class=\"Apple-style-span\" style=\"border-collapse: collapse\"><span class=\"Apple-style-span\" style=\"font-family:'times new roman'\"><span class=\"Apple-style-span\" style=\"font-size: small\">2. R\u00e9flexion et pertinence des recherches et du projet finalis\u00e9 3. M\u00e9thodologie et ma\u00eetrise des outils graphiques 4. Qualit\u00e9 du rendu et pr\u00e9sentation <\/span><\/span><\/span><\/div>\n<div><span class=\"Apple-style-span\" style=\"border-collapse: collapse\"><span class=\"Apple-style-span\" style=\"font-family:'times new roman'\"><span class=\"Apple-style-span\" style=\"font-size: small\"><br \/><\/span><\/span><\/span><\/div>\n<div><span class=\"Apple-style-span\" style=\"border-collapse: collapse\"><span class=\"Apple-style-span\" style=\"font-family:'times new roman'\"><span class=\"Apple-style-span\" style=\"font-size: small\">R\u00e9f\u00e9rences bibliographiques :<\/span><\/span><\/span><\/div>\n<div><span class=\"Apple-style-span\" style=\"border-collapse: collapse\"><span class=\"Apple-style-span\" style=\"font-family:'times new roman'\"><span class=\"Apple-style-span\" style=\"font-size: small\">Paris, Muriel, <\/span><\/span><span class=\"Apple-style-span\" style=\"font-style: italic\"><span class=\"Apple-style-span\" style=\"font-family:'times new roman'\"><span class=\"Apple-style-span\" style=\"font-size: small\">Petit manuel de composition typographiqu<\/span><\/span><\/span><span class=\"Apple-style-span\" style=\"font-family:'times new roman'\"><span class=\"Apple-style-span\" style=\"font-size: small\">e (1999) <\/span><\/span><span class=\"Apple-style-span\" style=\"font-style: italic\"><span class=\"Apple-style-span\" style=\"font-family:'times new roman'\"><span class=\"Apple-style-span\" style=\"font-size: small\">Encyclop\u00e9die de la chose imprim\u00e9e : du papier \u00e0 l&rsquo;\u00e9cra<\/span><\/span><\/span><span class=\"Apple-style-span\" style=\"font-family:'times new roman'\"><span class=\"Apple-style-span\" style=\"font-size: small\">n (1999) <\/span><\/span><span class=\"Apple-style-span\" style=\"font-style: italic\"><span class=\"Apple-style-span\" style=\"font-family:'times new roman'\"><span class=\"Apple-style-span\" style=\"font-size: small\">Aide au choix typographique : cours sup\u00e9rieu<\/span><\/span><\/span><span class=\"Apple-style-span\" style=\"font-family:'times new roman'\"><span class=\"Apple-style-span\" style=\"font-size: small\">r, Blanchard, G\u00e9rard (1998) Il est demand\u00e9 aux \u00e9tudiants de se tenir au courant de l\u2019actualit\u00e9 en faisant de la presse, quotidienne et sp\u00e9cialis\u00e9e, la base de leurs lectures.<\/span><\/span><\/span><\/div>\n<div><span class=\"Apple-style-span\" style=\"border-collapse: collapse;font-family:'times new roman'\"><span class=\"Apple-style-span\" style=\"font-size: small\"><br \/><\/span><\/span><\/div>\n<div><span class=\"Apple-style-span\" style=\"border-collapse: collapse\"><span class=\"Apple-style-span\" style=\"font-family: 'trebuchet ms'\"><span class=\"Apple-style-span\" style=\"font-size: small\">\/\/\/ Sujet 1 &gt; Campagne de sensibilisation sur la douleur \u00e0 destination des m\u00e9decins g\u00e9n\u00e9ralistes<\/span><\/span><\/span><\/div>\n<div><span class=\"Apple-style-span\" style=\"border-collapse: collapse;font-family:'times new roman'\"><span class=\"Apple-style-span\" style=\"font-size: small\"><br \/><\/span><\/span><\/div>\n<div><span class=\"Apple-style-span\" style=\"border-collapse: collapse;font-family:'times new roman'\"><span class=\"Apple-style-span\" style=\"font-size: small\">Les m\u00e9decins g\u00e9n\u00e9ralistes n\u00e9gligent trop souvent la notion de douleur du patient s&rsquo;occupant avant toute chose de traiter les sympt\u00f4mes et de soigner les maux physiques quel qu&rsquo;en soit le proc\u00e9d\u00e9s m\u00e9dical.\u00a0La douleur est une donn\u00e9e difficile \u00e0 mesurer car elle d\u00e9pend du niveau de tol\u00e9rance de chacun.\u00a0Il suffit de prendre pour exemple la migraine, qui est une douleur encore mal trait\u00e9e chez des millions d&rsquo;individus en France, pour saisir toute la complexit\u00e9 du probl\u00e8me.<\/span><\/span><\/div>\n<div><span class=\"Apple-style-span\" style=\"border-collapse: collapse;font-family:'times new roman'\"><span class=\"Apple-style-span\" style=\"font-size: small\">L&rsquo;id\u00e9e serait donc de r\u00e9aliser des affiches, sans texte, qui puissent \u00e9veiller une prise de conscience dans la m\u00e9decine g\u00e9n\u00e9rale afin de favoriser le dialogue avec le patient. Pour se faire il faudra avoir une approche subtile du sujet qui n\u00e9cessitera une phase importante de recherches et la production de diff\u00e9rentes pistes. \u00a0<\/span><\/span><\/div>\n<div><span class=\"Apple-style-span\" style=\"border-collapse: collapse;font-family:'times new roman'\"><span class=\"Apple-style-span\" style=\"font-size: small\">Ce travail demande de conceptualiser sa d\u00e9marche en vue de cr\u00e9er des signes qui v\u00e9hiculent des messages forts et clairs sur le probl\u00e8me.<\/span><\/span><\/div>\n<div><span class=\"Apple-style-span\" style=\"border-collapse: collapse;font-family: 'times new roman';font-size: 13px\"><br \/><\/span><\/div>\n<div><span class=\"Apple-style-span\" style=\"border-collapse: collapse;font-family: 'times new roman';font-size: 13px\">D\u00e9coupage <\/span><\/div>\n<div><span class=\"Apple-style-span\" style=\"border-collapse: collapse;font-family: 'times new roman';font-size: 13px\">3 novembre : recherches sur le sujet et esquisses sur diff\u00e9rentes pistes<\/span><\/div>\n<div><span class=\"Apple-style-span\" style=\"border-collapse: collapse;font-family: 'times new roman';font-size: 13px\">24 novembre : propositions et essais de mise en forme graphique<\/span><\/div>\n<div><span class=\"Apple-style-span\" style=\"border-collapse: collapse;font-family: 'times new roman';font-size: 13px\">3 d\u00e9cembre au matin : s\u00e9lection des projets<\/span><\/div>\n<div><span class=\"Apple-style-span\" style=\"border-collapse: collapse;font-family: 'times new roman';font-size: 13px\">14 d\u00e9cembre au matin : suivi de projet<\/span><\/div>\n<div><span class=\"Apple-style-span\" style=\"border-collapse: collapse;font-family: 'times new roman';font-size: 13px\">18 janvier au matin : rendu<\/span><\/div>\n<div><span class=\"Apple-style-span\" style=\"border-collapse: collapse;font-family:'times new roman'\"><span class=\"Apple-style-span\" style=\"font-size: small\"><br \/><\/span><\/span><\/div>\n<div><span class=\"Apple-style-span\" style=\"border-collapse: collapse\"><span class=\"Apple-style-span\" style=\"font-family: 'times new roman'\"><span class=\"Apple-style-span\" style=\"font-size: x-small\">Quelques sites de graphistes : <\/span><\/span><a href=\"http:\/\/www.pixelcreation.fr\/graphismeart-design\/art\/deux-expositions-de-michel-quarez\/\"><span class=\"Apple-style-span\" style=\"font-family: 'times new roman'\"><span class=\"Apple-style-span\" style=\"font-size: x-small\">Michel Quarez<\/span><\/span><\/a><span class=\"Apple-style-span\" style=\"font-family: 'times new roman'\"><span class=\"Apple-style-span\" style=\"font-size: x-small\">,\u00a0<\/span><\/span><a href=\"http:\/\/www.pixelcreation.fr\/graphismeart-design\/graphisme\/michal-batory\/\"><span class=\"Apple-style-span\" style=\"font-family: 'times new roman'\"><span class=\"Apple-style-span\" style=\"font-size: x-small\">Michal Batory<\/span><\/span><\/a><span class=\"Apple-style-span\" style=\"font-family: 'times new roman'\"><span class=\"Apple-style-span\" style=\"font-size: x-small\">, <\/span><\/span><a href=\"pixelcreation.fr\/graphismeart-design\/graphisme\/alain-le-quernec\/\"><span class=\"Apple-style-span\" style=\"font-family: 'times new roman'\"><span class=\"Apple-style-span\" style=\"font-size: x-small\">Alain LeQuernec<\/span><\/span><\/a><span class=\"Apple-style-span\" style=\"font-family: 'times new roman'\"><span class=\"Apple-style-span\" style=\"font-size: x-small\">, <\/span><\/span><a href=\"http:\/\/www.noustravaillonsensemble.fr\/\"><span class=\"Apple-style-span\" style=\"font-family: 'times new roman'\"><span class=\"Apple-style-span\" style=\"font-size: x-small\">Nous travaillons ensemble<\/span><\/span><\/a><span class=\"Apple-style-span\" style=\"font-family: 'times new roman'\"><span class=\"Apple-style-span\" style=\"font-size: x-small\">, <\/span><\/span><a href=\"http:\/\/www.pascalcolrat.fr\/\"><span class=\"Apple-style-span\" style=\"font-family: 'times new roman'\"><span class=\"Apple-style-span\" style=\"font-size: x-small\">Pascal Colrat<\/span><\/span><\/a><span class=\"Apple-style-span\" style=\"font-family: 'times new roman'\"><span class=\"Apple-style-span\" style=\"font-size: x-small\">, <\/span><\/span><a href=\"http:\/\/www.galerieannebarrault.com\/killoffer\/expo_fr.html\"><span class=\"Apple-style-span\" style=\"font-family: 'times new roman'\"><span class=\"Apple-style-span\" style=\"font-size: x-small\">Killoffer<\/span><\/span><\/a><span class=\"Apple-style-span\" style=\"font-family: 'times new roman'\"><span class=\"Apple-style-span\" style=\"font-size: x-small\">&#8230;<\/span><\/span><\/span><\/div>\n<div><span class=\"Apple-style-span\" style=\"border-collapse: collapse\"><span class=\"Apple-style-span\" style=\"font-family: 'times new roman'\"><span class=\"Apple-style-span\" style=\"font-size: 10px\">Quelques sites utiles : <\/span><\/span><\/span><a href=\"http:\/\/www.migraine-cephalee.com\/\"><span class=\"Apple-style-span\" style=\"font-family: 'times new roman'\"><span class=\"Apple-style-span\" style=\"font-size: 10px\">Centre anti migraine<\/span><\/span><\/a><span class=\"Apple-style-span\" style=\"font-family: 'times new roman'\"><span class=\"Apple-style-span\" style=\"font-size: 10px\">, <\/span><\/span><a href=\"http:\/\/www.sfap.org\/index.php\"><span class=\"Apple-style-span\" style=\"font-family: 'times new roman'\"><span class=\"Apple-style-span\" style=\"font-size: 10px\">Soci\u00e9t\u00e9 Fran\u00e7aise d&rsquo;Accompagnement et de soins Palliatifs<\/span><\/span><\/a><span class=\"Apple-style-span\" style=\"font-family: 'times new roman'\"><span class=\"Apple-style-span\" style=\"font-size: 10px\">, <\/span><\/span><a href=\"http:\/\/www.chu-caen.fr\/service_detail.php?id_service=43\"><span class=\"Apple-style-span\" style=\"font-family: 'times new roman'\"><span class=\"Apple-style-span\" style=\"font-size: 10px\">CHU de Caen<\/span><\/span><\/a><span class=\"Apple-style-span\" style=\"font-family: 'times new roman'\"><span class=\"Apple-style-span\" style=\"font-size: 10px\">&#8230;<\/span><\/span><\/div>\n<div><span class=\"Apple-style-span\" style=\"border-collapse: collapse;font-family: 'trebuchet ms'\"><span class=\"Apple-style-span\" style=\"font-size: small\"><br \/><\/span><\/span><\/div>\n<div><span class=\"Apple-style-span\" style=\"border-collapse: collapse\"><span class=\"Apple-style-span\" style=\"font-family: 'trebuchet ms'\"><span class=\"Apple-style-span\" style=\"font-size: small\">\/\/\/ Sujet 2 &gt; Cr\u00e9er un reportage graphique <\/span><\/span><span class=\"Apple-style-span\" style=\"font-style: italic\"><span class=\"Apple-style-span\" style=\"font-family: 'trebuchet ms'\"><span class=\"Apple-style-span\" style=\"font-size: small\">in situ<\/span><\/span><\/span><\/span><\/div>\n<div><span class=\"Apple-style-span\" style=\"border-collapse: collapse;font-family:'times new roman'\"><span class=\"Apple-style-span\" style=\"font-size: small\"><br \/><\/span><\/span><\/div>\n<div><span class=\"Apple-style-span\" style=\"border-collapse: collapse;font-family:'times new roman'\"><span class=\"Apple-style-span\" style=\"font-size: small\">L&rsquo;objectif de cet atelier est de produire des reportages ou documentaires graphiques (via le dessin ou la photographie) sur le terrain afin qu&rsquo;il devienne un r\u00e9flexe pour les \u00e9tudiants de faire un \u00e9tat des lieux avant d&rsquo;entamer la r\u00e9alisation d&rsquo;un projet personnel. En effet le risque de ne pas proc\u00e9der \u00e0 ce type d&rsquo;exercice en amont de la r\u00e9alisation d&rsquo;un projet de dipl\u00f4me serait de construire du vide. L&rsquo;int\u00e9r\u00eat de cette exp\u00e9rience sera donc de d\u00e9velopper une \u00e9criture graphique, tourn\u00e9e vers le croquis ou la photographie, s&rsquo;accompagnant de prises de notes et dont l&rsquo;articulation formelle serait un objet \u00e9ditorial simple.<\/span><\/span><\/div>\n<div><span class=\"Apple-style-span\" style=\"border-collapse: collapse;font-family: 'times new roman'\"><span class=\"Apple-style-span\" style=\"font-size: small\"><br \/><\/span><\/span><\/div>\n<div><span class=\"Apple-style-span\" style=\"border-collapse: collapse;font-family:'times new roman'\"><span class=\"Apple-style-span\" style=\"font-size: small\">Chacun devra choisir un ou des lieux, assez bien d\u00e9limit\u00e9s par un th\u00e8me ou dans l&rsquo;espace, sur lesquels poser son regard et qu&rsquo;il pourra questionner visuellement. Ce lieu peut-\u00eatre li\u00e9 \u00e0 un souvenir, \u00e0 un projet architectural ou simplement \u00e0 une d\u00e9couverte sensible. Certains s&rsquo;attacheront peut-\u00eatre \u00e0 la typographie dans l&rsquo;espace via la signal\u00e9tique quand d&rsquo;autres m\u00e8neront une enqu\u00eate sur les mati\u00e8res et les couleurs pr\u00e9sentes dans l&rsquo;espace urbain. \u00a0<\/span><\/span><\/div>\n<div><span class=\"Apple-style-span\" style=\"border-collapse: collapse;font-family: 'times new roman'\"><span class=\"Apple-style-span\" style=\"font-size: small\"><br \/><\/span><\/span><\/div>\n<div><span class=\"Apple-style-span\" style=\"border-collapse: collapse;font-family:'times new roman'\"><span class=\"Apple-style-span\" style=\"font-size: small\">Ce travail fera l&rsquo;objet d&rsquo;exp\u00e9rimentations graphiques et aboutira \u00e0 la conception d&rsquo;un ouvrage original.<\/span><\/span><\/div>\n<div><span class=\"Apple-style-span\" style=\"border-collapse: collapse;font-family: 'times new roman';font-size: 13px\"><br \/><\/span><\/div>\n<div><span class=\"Apple-style-span\" style=\"border-collapse: collapse;font-family: 'times new roman';font-size: 13px\">D\u00e9coupage :\u00a0<\/span><\/div>\n<div><span class=\"Apple-style-span\" style=\"border-collapse: collapse;font-family: 'times new roman';font-size: 13px\">prises de notes, photographies et dessins in-situ entre le 3 novembre et le 2 d\u00e9cembre<\/span><\/div>\n<div><span class=\"Apple-style-span\" style=\"border-collapse: collapse;font-family: 'times new roman';font-size: 13px\">3 d\u00e9cembre apr\u00e8s-midi : pr\u00e9sentation de la production in-situ et analyse<\/span><\/div>\n<div><span class=\"Apple-style-span\" style=\"border-collapse: collapse;font-family: 'times new roman';font-size: 13px\">14 d\u00e9cembre apr\u00e8s-midi : maquette en blanc et suivi de projet<\/span><\/div>\n<div><span class=\"Apple-style-span\" style=\"border-collapse: collapse;font-family: 'times new roman';font-size: 13px\">18 janvier apr\u00e8s-midi : suivi de projet<\/span><\/div>\n<div><span class=\"Apple-style-span\" style=\"border-collapse: collapse;font-family: 'times new roman';font-size: 13px\">25 janvier : finalisation et rendu<\/span><\/div>\n","protected":false},"excerpt":{"rendered":"<p>\/\/\/ Contexte &gt; Les \u00e9tudiants se trouvent progressivement charg\u00e9s de responsabilit\u00e9s face aux sujets qui deviennent de v\u00e9ritables cahiers des charges. Ils abordent des domaines diff\u00e9rents de la cr\u00e9ation et doivent apprendre \u00e0 se positionner en cons\u00e9quence. Ils sont incit\u00e9s &hellip; <a href=\"https:\/\/blogs.esam-c2.fr\/design-graphique\/graphisme-commandes\/\">Continuer la lecture <span class=\"meta-nav\">&rarr;<\/span><\/a><\/p>\n","protected":false},"author":7,"featured_media":0,"comment_status":"open","ping_status":"open","sticky":false,"template":"","format":"standard","meta":{"footnotes":""},"categories":[14,4,5],"tags":[],"class_list":["post-78","post","type-post","status-publish","format-standard","hentry","category-14","category-dg2","category-exo"],"yoast_head":"<!-- This site is optimized with the Yoast SEO plugin v27.2 - https:\/\/yoast.com\/product\/yoast-seo-wordpress\/ -->\n<title>Graphisme &amp; commandes - \/\/\/design graphique\/\u00e9sam-c2\/<\/title>\n<meta name=\"robots\" content=\"index, follow, max-snippet:-1, max-image-preview:large, max-video-preview:-1\" \/>\n<link rel=\"canonical\" href=\"https:\/\/blogs.esam-c2.fr\/design-graphique\/graphisme-commandes\/\" \/>\n<meta property=\"og:locale\" content=\"fr_FR\" \/>\n<meta property=\"og:type\" content=\"article\" \/>\n<meta property=\"og:title\" content=\"Graphisme &amp; commandes - \/\/\/design graphique\/\u00e9sam-c2\/\" \/>\n<meta property=\"og:description\" content=\"\/\/\/ Contexte &gt; Les \u00e9tudiants se trouvent progressivement charg\u00e9s de responsabilit\u00e9s face aux sujets qui deviennent de v\u00e9ritables cahiers des charges. Ils abordent des domaines diff\u00e9rents de la cr\u00e9ation et doivent apprendre \u00e0 se positionner en cons\u00e9quence. Ils sont incit\u00e9s &hellip; Continuer la lecture &rarr;\" \/>\n<meta property=\"og:url\" content=\"https:\/\/blogs.esam-c2.fr\/design-graphique\/graphisme-commandes\/\" \/>\n<meta property=\"og:site_name\" content=\"\/\/\/design graphique\/\u00e9sam-c2\/\" \/>\n<meta property=\"article:published_time\" content=\"2009-11-02T15:34:00+00:00\" \/>\n<meta name=\"author\" content=\"Sarah Fouquet\" \/>\n<meta name=\"twitter:card\" content=\"summary_large_image\" \/>\n<meta name=\"twitter:label1\" content=\"\u00c9crit par\" \/>\n\t<meta name=\"twitter:data1\" content=\"Sarah Fouquet\" \/>\n\t<meta name=\"twitter:label2\" content=\"Dur\u00e9e de lecture estim\u00e9e\" \/>\n\t<meta name=\"twitter:data2\" content=\"4 minutes\" \/>\n<script type=\"application\/ld+json\" class=\"yoast-schema-graph\">{\"@context\":\"https:\/\/schema.org\",\"@graph\":[{\"@type\":\"Article\",\"@id\":\"https:\/\/blogs.esam-c2.fr\/design-graphique\/graphisme-commandes\/#article\",\"isPartOf\":{\"@id\":\"https:\/\/blogs.esam-c2.fr\/design-graphique\/graphisme-commandes\/\"},\"author\":{\"name\":\"Sarah Fouquet\",\"@id\":\"https:\/\/blogs.esam-c2.fr\/design-graphique\/#\/schema\/person\/6efbec67260ce9db24bba1e54d41e7c6\"},\"headline\":\"Graphisme &amp; commandes\",\"datePublished\":\"2009-11-02T15:34:00+00:00\",\"mainEntityOfPage\":{\"@id\":\"https:\/\/blogs.esam-c2.fr\/design-graphique\/graphisme-commandes\/\"},\"wordCount\":865,\"commentCount\":0,\"articleSection\":[\"2009\",\"DG2\",\"exo\"],\"inLanguage\":\"fr-FR\",\"potentialAction\":[{\"@type\":\"CommentAction\",\"name\":\"Comment\",\"target\":[\"https:\/\/blogs.esam-c2.fr\/design-graphique\/graphisme-commandes\/#respond\"]}]},{\"@type\":\"WebPage\",\"@id\":\"https:\/\/blogs.esam-c2.fr\/design-graphique\/graphisme-commandes\/\",\"url\":\"https:\/\/blogs.esam-c2.fr\/design-graphique\/graphisme-commandes\/\",\"name\":\"Graphisme &amp; commandes - \/\/\/design graphique\/\u00e9sam-c2\/\",\"isPartOf\":{\"@id\":\"https:\/\/blogs.esam-c2.fr\/design-graphique\/#website\"},\"datePublished\":\"2009-11-02T15:34:00+00:00\",\"author\":{\"@id\":\"https:\/\/blogs.esam-c2.fr\/design-graphique\/#\/schema\/person\/6efbec67260ce9db24bba1e54d41e7c6\"},\"breadcrumb\":{\"@id\":\"https:\/\/blogs.esam-c2.fr\/design-graphique\/graphisme-commandes\/#breadcrumb\"},\"inLanguage\":\"fr-FR\",\"potentialAction\":[{\"@type\":\"ReadAction\",\"target\":[\"https:\/\/blogs.esam-c2.fr\/design-graphique\/graphisme-commandes\/\"]}]},{\"@type\":\"BreadcrumbList\",\"@id\":\"https:\/\/blogs.esam-c2.fr\/design-graphique\/graphisme-commandes\/#breadcrumb\",\"itemListElement\":[{\"@type\":\"ListItem\",\"position\":1,\"name\":\"Accueil\",\"item\":\"https:\/\/blogs.esam-c2.fr\/design-graphique\/\"},{\"@type\":\"ListItem\",\"position\":2,\"name\":\"Graphisme &amp; commandes\"}]},{\"@type\":\"WebSite\",\"@id\":\"https:\/\/blogs.esam-c2.fr\/design-graphique\/#website\",\"url\":\"https:\/\/blogs.esam-c2.fr\/design-graphique\/\",\"name\":\"\/\/\/design graphique\/\u00e9sam-c2\/\",\"description\":\"site d&#039;archives et d&#039;informations \/ cours de graphisme \/ Caen\",\"potentialAction\":[{\"@type\":\"SearchAction\",\"target\":{\"@type\":\"EntryPoint\",\"urlTemplate\":\"https:\/\/blogs.esam-c2.fr\/design-graphique\/?s={search_term_string}\"},\"query-input\":{\"@type\":\"PropertyValueSpecification\",\"valueRequired\":true,\"valueName\":\"search_term_string\"}}],\"inLanguage\":\"fr-FR\"},{\"@type\":\"Person\",\"@id\":\"https:\/\/blogs.esam-c2.fr\/design-graphique\/#\/schema\/person\/6efbec67260ce9db24bba1e54d41e7c6\",\"name\":\"Sarah Fouquet\",\"image\":{\"@type\":\"ImageObject\",\"inLanguage\":\"fr-FR\",\"@id\":\"https:\/\/secure.gravatar.com\/avatar\/626f51a6ce51986c9e9cb4180fd263979c686cef2e0eff37e4a86a5095755363?s=96&d=mm&r=g\",\"url\":\"https:\/\/secure.gravatar.com\/avatar\/626f51a6ce51986c9e9cb4180fd263979c686cef2e0eff37e4a86a5095755363?s=96&d=mm&r=g\",\"contentUrl\":\"https:\/\/secure.gravatar.com\/avatar\/626f51a6ce51986c9e9cb4180fd263979c686cef2e0eff37e4a86a5095755363?s=96&d=mm&r=g\",\"caption\":\"Sarah Fouquet\"},\"description\":\"Dessinatrice, graphiste, auto-\u00e9ditrice, enseigne l'image dans le d\u00e9partement design graphique de l'\u00e9cole sup\u00e9rieure d\u2019arts et m\u00e9dias de Caen\",\"url\":\"https:\/\/blogs.esam-c2.fr\/design-graphique\/author\/design-graphique\/\"}]}<\/script>\n<!-- \/ Yoast SEO plugin. -->","yoast_head_json":{"title":"Graphisme &amp; commandes - \/\/\/design graphique\/\u00e9sam-c2\/","robots":{"index":"index","follow":"follow","max-snippet":"max-snippet:-1","max-image-preview":"max-image-preview:large","max-video-preview":"max-video-preview:-1"},"canonical":"https:\/\/blogs.esam-c2.fr\/design-graphique\/graphisme-commandes\/","og_locale":"fr_FR","og_type":"article","og_title":"Graphisme &amp; commandes - \/\/\/design graphique\/\u00e9sam-c2\/","og_description":"\/\/\/ Contexte &gt; Les \u00e9tudiants se trouvent progressivement charg\u00e9s de responsabilit\u00e9s face aux sujets qui deviennent de v\u00e9ritables cahiers des charges. Ils abordent des domaines diff\u00e9rents de la cr\u00e9ation et doivent apprendre \u00e0 se positionner en cons\u00e9quence. Ils sont incit\u00e9s &hellip; Continuer la lecture &rarr;","og_url":"https:\/\/blogs.esam-c2.fr\/design-graphique\/graphisme-commandes\/","og_site_name":"\/\/\/design graphique\/\u00e9sam-c2\/","article_published_time":"2009-11-02T15:34:00+00:00","author":"Sarah Fouquet","twitter_card":"summary_large_image","twitter_misc":{"\u00c9crit par":"Sarah Fouquet","Dur\u00e9e de lecture estim\u00e9e":"4 minutes"},"schema":{"@context":"https:\/\/schema.org","@graph":[{"@type":"Article","@id":"https:\/\/blogs.esam-c2.fr\/design-graphique\/graphisme-commandes\/#article","isPartOf":{"@id":"https:\/\/blogs.esam-c2.fr\/design-graphique\/graphisme-commandes\/"},"author":{"name":"Sarah Fouquet","@id":"https:\/\/blogs.esam-c2.fr\/design-graphique\/#\/schema\/person\/6efbec67260ce9db24bba1e54d41e7c6"},"headline":"Graphisme &amp; commandes","datePublished":"2009-11-02T15:34:00+00:00","mainEntityOfPage":{"@id":"https:\/\/blogs.esam-c2.fr\/design-graphique\/graphisme-commandes\/"},"wordCount":865,"commentCount":0,"articleSection":["2009","DG2","exo"],"inLanguage":"fr-FR","potentialAction":[{"@type":"CommentAction","name":"Comment","target":["https:\/\/blogs.esam-c2.fr\/design-graphique\/graphisme-commandes\/#respond"]}]},{"@type":"WebPage","@id":"https:\/\/blogs.esam-c2.fr\/design-graphique\/graphisme-commandes\/","url":"https:\/\/blogs.esam-c2.fr\/design-graphique\/graphisme-commandes\/","name":"Graphisme &amp; commandes - \/\/\/design graphique\/\u00e9sam-c2\/","isPartOf":{"@id":"https:\/\/blogs.esam-c2.fr\/design-graphique\/#website"},"datePublished":"2009-11-02T15:34:00+00:00","author":{"@id":"https:\/\/blogs.esam-c2.fr\/design-graphique\/#\/schema\/person\/6efbec67260ce9db24bba1e54d41e7c6"},"breadcrumb":{"@id":"https:\/\/blogs.esam-c2.fr\/design-graphique\/graphisme-commandes\/#breadcrumb"},"inLanguage":"fr-FR","potentialAction":[{"@type":"ReadAction","target":["https:\/\/blogs.esam-c2.fr\/design-graphique\/graphisme-commandes\/"]}]},{"@type":"BreadcrumbList","@id":"https:\/\/blogs.esam-c2.fr\/design-graphique\/graphisme-commandes\/#breadcrumb","itemListElement":[{"@type":"ListItem","position":1,"name":"Accueil","item":"https:\/\/blogs.esam-c2.fr\/design-graphique\/"},{"@type":"ListItem","position":2,"name":"Graphisme &amp; commandes"}]},{"@type":"WebSite","@id":"https:\/\/blogs.esam-c2.fr\/design-graphique\/#website","url":"https:\/\/blogs.esam-c2.fr\/design-graphique\/","name":"\/\/\/design graphique\/\u00e9sam-c2\/","description":"site d&#039;archives et d&#039;informations \/ cours de graphisme \/ Caen","potentialAction":[{"@type":"SearchAction","target":{"@type":"EntryPoint","urlTemplate":"https:\/\/blogs.esam-c2.fr\/design-graphique\/?s={search_term_string}"},"query-input":{"@type":"PropertyValueSpecification","valueRequired":true,"valueName":"search_term_string"}}],"inLanguage":"fr-FR"},{"@type":"Person","@id":"https:\/\/blogs.esam-c2.fr\/design-graphique\/#\/schema\/person\/6efbec67260ce9db24bba1e54d41e7c6","name":"Sarah Fouquet","image":{"@type":"ImageObject","inLanguage":"fr-FR","@id":"https:\/\/secure.gravatar.com\/avatar\/626f51a6ce51986c9e9cb4180fd263979c686cef2e0eff37e4a86a5095755363?s=96&d=mm&r=g","url":"https:\/\/secure.gravatar.com\/avatar\/626f51a6ce51986c9e9cb4180fd263979c686cef2e0eff37e4a86a5095755363?s=96&d=mm&r=g","contentUrl":"https:\/\/secure.gravatar.com\/avatar\/626f51a6ce51986c9e9cb4180fd263979c686cef2e0eff37e4a86a5095755363?s=96&d=mm&r=g","caption":"Sarah Fouquet"},"description":"Dessinatrice, graphiste, auto-\u00e9ditrice, enseigne l'image dans le d\u00e9partement design graphique de l'\u00e9cole sup\u00e9rieure d\u2019arts et m\u00e9dias de Caen","url":"https:\/\/blogs.esam-c2.fr\/design-graphique\/author\/design-graphique\/"}]}},"_links":{"self":[{"href":"https:\/\/blogs.esam-c2.fr\/design-graphique\/wp-json\/wp\/v2\/posts\/78","targetHints":{"allow":["GET"]}}],"collection":[{"href":"https:\/\/blogs.esam-c2.fr\/design-graphique\/wp-json\/wp\/v2\/posts"}],"about":[{"href":"https:\/\/blogs.esam-c2.fr\/design-graphique\/wp-json\/wp\/v2\/types\/post"}],"author":[{"embeddable":true,"href":"https:\/\/blogs.esam-c2.fr\/design-graphique\/wp-json\/wp\/v2\/users\/7"}],"replies":[{"embeddable":true,"href":"https:\/\/blogs.esam-c2.fr\/design-graphique\/wp-json\/wp\/v2\/comments?post=78"}],"version-history":[{"count":0,"href":"https:\/\/blogs.esam-c2.fr\/design-graphique\/wp-json\/wp\/v2\/posts\/78\/revisions"}],"wp:attachment":[{"href":"https:\/\/blogs.esam-c2.fr\/design-graphique\/wp-json\/wp\/v2\/media?parent=78"}],"wp:term":[{"taxonomy":"category","embeddable":true,"href":"https:\/\/blogs.esam-c2.fr\/design-graphique\/wp-json\/wp\/v2\/categories?post=78"},{"taxonomy":"post_tag","embeddable":true,"href":"https:\/\/blogs.esam-c2.fr\/design-graphique\/wp-json\/wp\/v2\/tags?post=78"}],"curies":[{"name":"wp","href":"https:\/\/api.w.org\/{rel}","templated":true}]}}