{"id":917,"date":"2011-10-17T12:36:10","date_gmt":"2011-10-17T12:36:10","guid":{"rendered":"http:\/\/blogs.esam-c2.fr\/design-graphique\/?p=917"},"modified":"2011-10-17T12:36:33","modified_gmt":"2011-10-17T12:36:33","slug":"graphisme-commande-affiche-des-portes-ouvertes","status":"publish","type":"post","link":"https:\/\/blogs.esam-c2.fr\/design-graphique\/graphisme-commande-affiche-des-portes-ouvertes\/","title":{"rendered":"Graphisme et commande \/ Affiche des Portes Ouvertes"},"content":{"rendered":"<p>DG3 \u2014 semestre 5\u00a0: 24h de cours sur un bloc de 3 jours + 8h de travail personnel<br \/>\nIntervenants\u00a0: Christophe Bouder, Sarah Fouquet<br \/>\ninvit\u00e9e ext\u00e9rieure : Lola Duval<\/p>\n<p><strong>Pr\u00e9-requis :<\/strong> connaissances en histoire de l\u2019affiche, ma\u00eetrise de la suite Adobe<\/p>\n<p><strong>Objectifs :<\/strong><br \/>\n. Cr\u00e9er une affiche institutionnelle originale<br \/>\n. Comprendre les enjeux de l&rsquo;affiche dans l&rsquo;espace public<br \/>\n. Travailler le rapport fond-forme<br \/>\n. R\u00e9aliser une commande en temps limit\u00e9<\/p>\n<p><strong>Contenu :<\/strong><br \/>\n\u00c0 l\u2019occasion de la journ\u00e9e portes ouvertes et du concours d&rsquo;entr\u00e9e de l&rsquo;\u00e9dam C2, r\u00e9alisation d&rsquo;une affiche format A2 pour informer le public de l\u2019\u00e9v\u00e9nement.<\/p>\n<p>Ce travail d\u00e9coule d\u2019un appel \u00e0 projet, comprenant un bref cahier des charges. Cette affiche doit pouvoir susciter la curiosit\u00e9 de chacun et, par sa qualit\u00e9 de r\u00e9alisation, doit donner envie aux lyc\u00e9ens et futurs candidats de pouvoir acc\u00e9der \u00e0 une formation qui les rendrait capable d\u2019un tel rendu.<\/p>\n<p><strong>M\u00e9thode d&rsquo;enseignement :<\/strong><br \/>\n. Travail individuel ou en bin\u00f4me<br \/>\n. Cours en atelier avec suivi en salle informatique<br \/>\n. Entretiens individuels avec les diff\u00e9rents intervenants en alternance<br \/>\n. Validation du travail avant impression<\/p>\n<p><strong>Evaluation :<\/strong><br \/>\n. Pr\u00e9sence et investissement<br \/>\n. R\u00e9flexion et pertinence des recherches et du choix d\u00e9finitif<br \/>\n. M\u00e9thodologie<br \/>\n. Qualit\u00e9 du rendu et de la pr\u00e9sentation<\/p>\n<p><strong>Invit\u00e9e de l&rsquo;atelier :<\/strong><\/p>\n<p>Graphiste pour des clients tr\u00e8s divers ARTE, M\u00e9morial de la Shoah, la Cit\u00e9 des Sciences et de l\u2019Industrie, Cirque 360\u00b0, la FNAC, SFR ou encore Levi\u2019s, Lola Duval\u00a0 d\u00e9velopp\u00e9 une \u00e9criture tr\u00e8s personnelle et color\u00e9e facilement identifiable. D&rsquo;un travail tr\u00e8s rigoureux comme r\u00e9cemment la signal\u00e9tique pour de le Centre des Monuments Nationaux, \u00e0 la communication visuelle du Batofar ou du Th\u00e9\u00e2tre de Montreuil, Lola Duval montre l&rsquo;\u00e9tendu de ses comp\u00e9tences dans des situations de commandes tr\u00e8s diff\u00e9rentes.<br \/>\n<a href=\"http:\/\/www.loladuval.com\/\">http:\/\/www.loladuval.com\/<\/a><\/p>\n<div id=\"attachment_918\" style=\"width: 420px\" class=\"wp-caption alignleft\"><a href=\"http:\/\/blogs.esam-c2.fr\/design-graphique\/files\/2011\/10\/LolaDuval1.jpg\"><img loading=\"lazy\" decoding=\"async\" aria-describedby=\"caption-attachment-918\" class=\"size-full wp-image-918\" src=\"http:\/\/blogs.esam-c2.fr\/design-graphique\/files\/2011\/10\/LolaDuval1.jpg\" alt=\"\" width=\"410\" height=\"560\" srcset=\"https:\/\/blogs.esam-c2.fr\/design-graphique\/files\/2011\/10\/LolaDuval1.jpg 410w, https:\/\/blogs.esam-c2.fr\/design-graphique\/files\/2011\/10\/LolaDuval1-219x300.jpg 219w\" sizes=\"auto, (max-width: 410px) 100vw, 410px\" \/><\/a><p id=\"caption-attachment-918\" class=\"wp-caption-text\">Printemps de Bourges Festival de Musique , 2005 \u00a9 Lola Duval<\/p><\/div>\n<div id=\"attachment_919\" style=\"width: 420px\" class=\"wp-caption alignleft\"><a href=\"http:\/\/blogs.esam-c2.fr\/design-graphique\/files\/2011\/10\/LolaDuval2.jpg\"><img loading=\"lazy\" decoding=\"async\" aria-describedby=\"caption-attachment-919\" class=\"size-full wp-image-919\" src=\"http:\/\/blogs.esam-c2.fr\/design-graphique\/files\/2011\/10\/LolaDuval2.jpg\" alt=\"\" width=\"410\" height=\"560\" srcset=\"https:\/\/blogs.esam-c2.fr\/design-graphique\/files\/2011\/10\/LolaDuval2.jpg 410w, https:\/\/blogs.esam-c2.fr\/design-graphique\/files\/2011\/10\/LolaDuval2-219x300.jpg 219w\" sizes=\"auto, (max-width: 410px) 100vw, 410px\" \/><\/a><p id=\"caption-attachment-919\" class=\"wp-caption-text\">programme pour le Batofar \u00a9 Lola Duval<\/p><\/div>\n<div id=\"attachment_920\" style=\"width: 409px\" class=\"wp-caption alignleft\"><a href=\"http:\/\/blogs.esam-c2.fr\/design-graphique\/files\/2011\/10\/LolaDuval3.jpg\"><img loading=\"lazy\" decoding=\"async\" aria-describedby=\"caption-attachment-920\" class=\"size-full wp-image-920\" src=\"http:\/\/blogs.esam-c2.fr\/design-graphique\/files\/2011\/10\/LolaDuval3.jpg\" alt=\"\" width=\"399\" height=\"574\" srcset=\"https:\/\/blogs.esam-c2.fr\/design-graphique\/files\/2011\/10\/LolaDuval3.jpg 399w, https:\/\/blogs.esam-c2.fr\/design-graphique\/files\/2011\/10\/LolaDuval3-208x300.jpg 208w\" sizes=\"auto, (max-width: 399px) 100vw, 399px\" \/><\/a><p id=\"caption-attachment-920\" class=\"wp-caption-text\">affiche pour Radio Grenouille, 2006 \u00a9 Lola Duval<\/p><\/div>\n","protected":false},"excerpt":{"rendered":"<p>DG3 \u2014 semestre 5\u00a0: 24h de cours sur un bloc de 3 jours + 8h de travail personnel Intervenants\u00a0: Christophe Bouder, Sarah Fouquet invit\u00e9e ext\u00e9rieure : Lola Duval Pr\u00e9-requis : connaissances en histoire de l\u2019affiche, ma\u00eetrise de la suite Adobe &hellip; <a href=\"https:\/\/blogs.esam-c2.fr\/design-graphique\/graphisme-commande-affiche-des-portes-ouvertes\/\">Continuer la lecture <span class=\"meta-nav\">&rarr;<\/span><\/a><\/p>\n","protected":false},"author":7,"featured_media":0,"comment_status":"closed","ping_status":"open","sticky":false,"template":"","format":"standard","meta":{"footnotes":""},"categories":[30,39,8,5,32,10,33],"tags":[],"class_list":["post-917","post","type-post","status-publish","format-standard","hentry","category-30","category-affiche","category-dg3","category-exo","category-portes-ouvertes","category-sem-5","category-workshop"],"yoast_head":"<!-- This site is optimized with the Yoast SEO plugin v27.2 - https:\/\/yoast.com\/product\/yoast-seo-wordpress\/ -->\n<title>Graphisme et commande \/ Affiche des Portes Ouvertes - \/\/\/design graphique\/\u00e9sam-c2\/<\/title>\n<meta name=\"robots\" content=\"index, follow, max-snippet:-1, max-image-preview:large, max-video-preview:-1\" \/>\n<link rel=\"canonical\" href=\"https:\/\/blogs.esam-c2.fr\/design-graphique\/graphisme-commande-affiche-des-portes-ouvertes\/\" \/>\n<meta property=\"og:locale\" content=\"fr_FR\" \/>\n<meta property=\"og:type\" content=\"article\" \/>\n<meta property=\"og:title\" content=\"Graphisme et commande \/ Affiche des Portes Ouvertes - \/\/\/design graphique\/\u00e9sam-c2\/\" \/>\n<meta property=\"og:description\" content=\"DG3 \u2014 semestre 5\u00a0: 24h de cours sur un bloc de 3 jours + 8h de travail personnel Intervenants\u00a0: Christophe Bouder, Sarah Fouquet invit\u00e9e ext\u00e9rieure : Lola Duval Pr\u00e9-requis : connaissances en histoire de l\u2019affiche, ma\u00eetrise de la suite Adobe &hellip; Continuer la lecture &rarr;\" \/>\n<meta property=\"og:url\" content=\"https:\/\/blogs.esam-c2.fr\/design-graphique\/graphisme-commande-affiche-des-portes-ouvertes\/\" \/>\n<meta property=\"og:site_name\" content=\"\/\/\/design graphique\/\u00e9sam-c2\/\" \/>\n<meta property=\"article:published_time\" content=\"2011-10-17T12:36:10+00:00\" \/>\n<meta property=\"article:modified_time\" content=\"2011-10-17T12:36:33+00:00\" \/>\n<meta property=\"og:image\" content=\"http:\/\/blogs.esam-c2.fr\/design-graphique\/files\/2011\/10\/LolaDuval1.jpg\" \/>\n<meta name=\"author\" content=\"Sarah Fouquet\" \/>\n<meta name=\"twitter:card\" content=\"summary_large_image\" \/>\n<meta name=\"twitter:label1\" content=\"\u00c9crit par\" \/>\n\t<meta name=\"twitter:data1\" content=\"Sarah Fouquet\" \/>\n\t<meta name=\"twitter:label2\" content=\"Dur\u00e9e de lecture estim\u00e9e\" \/>\n\t<meta name=\"twitter:data2\" content=\"2 minutes\" \/>\n<script type=\"application\/ld+json\" class=\"yoast-schema-graph\">{\"@context\":\"https:\/\/schema.org\",\"@graph\":[{\"@type\":\"Article\",\"@id\":\"https:\/\/blogs.esam-c2.fr\/design-graphique\/graphisme-commande-affiche-des-portes-ouvertes\/#article\",\"isPartOf\":{\"@id\":\"https:\/\/blogs.esam-c2.fr\/design-graphique\/graphisme-commande-affiche-des-portes-ouvertes\/\"},\"author\":{\"name\":\"Sarah Fouquet\",\"@id\":\"https:\/\/blogs.esam-c2.fr\/design-graphique\/#\/schema\/person\/6efbec67260ce9db24bba1e54d41e7c6\"},\"headline\":\"Graphisme et commande \/ Affiche des Portes Ouvertes\",\"datePublished\":\"2011-10-17T12:36:10+00:00\",\"dateModified\":\"2011-10-17T12:36:33+00:00\",\"mainEntityOfPage\":{\"@id\":\"https:\/\/blogs.esam-c2.fr\/design-graphique\/graphisme-commande-affiche-des-portes-ouvertes\/\"},\"wordCount\":363,\"image\":{\"@id\":\"https:\/\/blogs.esam-c2.fr\/design-graphique\/graphisme-commande-affiche-des-portes-ouvertes\/#primaryimage\"},\"thumbnailUrl\":\"http:\/\/blogs.esam-c2.fr\/design-graphique\/files\/2011\/10\/LolaDuval1.jpg\",\"articleSection\":[\"2011\",\"affiche\",\"DG3\",\"exo\",\"portes ouvertes\",\"Sem 5\",\"workshop\"],\"inLanguage\":\"fr-FR\"},{\"@type\":\"WebPage\",\"@id\":\"https:\/\/blogs.esam-c2.fr\/design-graphique\/graphisme-commande-affiche-des-portes-ouvertes\/\",\"url\":\"https:\/\/blogs.esam-c2.fr\/design-graphique\/graphisme-commande-affiche-des-portes-ouvertes\/\",\"name\":\"Graphisme et commande \/ Affiche des Portes Ouvertes - \/\/\/design graphique\/\u00e9sam-c2\/\",\"isPartOf\":{\"@id\":\"https:\/\/blogs.esam-c2.fr\/design-graphique\/#website\"},\"primaryImageOfPage\":{\"@id\":\"https:\/\/blogs.esam-c2.fr\/design-graphique\/graphisme-commande-affiche-des-portes-ouvertes\/#primaryimage\"},\"image\":{\"@id\":\"https:\/\/blogs.esam-c2.fr\/design-graphique\/graphisme-commande-affiche-des-portes-ouvertes\/#primaryimage\"},\"thumbnailUrl\":\"http:\/\/blogs.esam-c2.fr\/design-graphique\/files\/2011\/10\/LolaDuval1.jpg\",\"datePublished\":\"2011-10-17T12:36:10+00:00\",\"dateModified\":\"2011-10-17T12:36:33+00:00\",\"author\":{\"@id\":\"https:\/\/blogs.esam-c2.fr\/design-graphique\/#\/schema\/person\/6efbec67260ce9db24bba1e54d41e7c6\"},\"breadcrumb\":{\"@id\":\"https:\/\/blogs.esam-c2.fr\/design-graphique\/graphisme-commande-affiche-des-portes-ouvertes\/#breadcrumb\"},\"inLanguage\":\"fr-FR\",\"potentialAction\":[{\"@type\":\"ReadAction\",\"target\":[\"https:\/\/blogs.esam-c2.fr\/design-graphique\/graphisme-commande-affiche-des-portes-ouvertes\/\"]}]},{\"@type\":\"ImageObject\",\"inLanguage\":\"fr-FR\",\"@id\":\"https:\/\/blogs.esam-c2.fr\/design-graphique\/graphisme-commande-affiche-des-portes-ouvertes\/#primaryimage\",\"url\":\"http:\/\/blogs.esam-c2.fr\/design-graphique\/files\/2011\/10\/LolaDuval1.jpg\",\"contentUrl\":\"http:\/\/blogs.esam-c2.fr\/design-graphique\/files\/2011\/10\/LolaDuval1.jpg\"},{\"@type\":\"BreadcrumbList\",\"@id\":\"https:\/\/blogs.esam-c2.fr\/design-graphique\/graphisme-commande-affiche-des-portes-ouvertes\/#breadcrumb\",\"itemListElement\":[{\"@type\":\"ListItem\",\"position\":1,\"name\":\"Accueil\",\"item\":\"https:\/\/blogs.esam-c2.fr\/design-graphique\/\"},{\"@type\":\"ListItem\",\"position\":2,\"name\":\"Graphisme et commande \/ Affiche des Portes Ouvertes\"}]},{\"@type\":\"WebSite\",\"@id\":\"https:\/\/blogs.esam-c2.fr\/design-graphique\/#website\",\"url\":\"https:\/\/blogs.esam-c2.fr\/design-graphique\/\",\"name\":\"\/\/\/design graphique\/\u00e9sam-c2\/\",\"description\":\"site d&#039;archives et d&#039;informations \/ cours de graphisme \/ Caen\",\"potentialAction\":[{\"@type\":\"SearchAction\",\"target\":{\"@type\":\"EntryPoint\",\"urlTemplate\":\"https:\/\/blogs.esam-c2.fr\/design-graphique\/?s={search_term_string}\"},\"query-input\":{\"@type\":\"PropertyValueSpecification\",\"valueRequired\":true,\"valueName\":\"search_term_string\"}}],\"inLanguage\":\"fr-FR\"},{\"@type\":\"Person\",\"@id\":\"https:\/\/blogs.esam-c2.fr\/design-graphique\/#\/schema\/person\/6efbec67260ce9db24bba1e54d41e7c6\",\"name\":\"Sarah Fouquet\",\"image\":{\"@type\":\"ImageObject\",\"inLanguage\":\"fr-FR\",\"@id\":\"https:\/\/secure.gravatar.com\/avatar\/626f51a6ce51986c9e9cb4180fd263979c686cef2e0eff37e4a86a5095755363?s=96&d=mm&r=g\",\"url\":\"https:\/\/secure.gravatar.com\/avatar\/626f51a6ce51986c9e9cb4180fd263979c686cef2e0eff37e4a86a5095755363?s=96&d=mm&r=g\",\"contentUrl\":\"https:\/\/secure.gravatar.com\/avatar\/626f51a6ce51986c9e9cb4180fd263979c686cef2e0eff37e4a86a5095755363?s=96&d=mm&r=g\",\"caption\":\"Sarah Fouquet\"},\"description\":\"Dessinatrice, graphiste, auto-\u00e9ditrice, enseigne l'image dans le d\u00e9partement design graphique de l'\u00e9cole sup\u00e9rieure d\u2019arts et m\u00e9dias de Caen\",\"url\":\"https:\/\/blogs.esam-c2.fr\/design-graphique\/author\/design-graphique\/\"}]}<\/script>\n<!-- \/ Yoast SEO plugin. -->","yoast_head_json":{"title":"Graphisme et commande \/ Affiche des Portes Ouvertes - \/\/\/design graphique\/\u00e9sam-c2\/","robots":{"index":"index","follow":"follow","max-snippet":"max-snippet:-1","max-image-preview":"max-image-preview:large","max-video-preview":"max-video-preview:-1"},"canonical":"https:\/\/blogs.esam-c2.fr\/design-graphique\/graphisme-commande-affiche-des-portes-ouvertes\/","og_locale":"fr_FR","og_type":"article","og_title":"Graphisme et commande \/ Affiche des Portes Ouvertes - \/\/\/design graphique\/\u00e9sam-c2\/","og_description":"DG3 \u2014 semestre 5\u00a0: 24h de cours sur un bloc de 3 jours + 8h de travail personnel Intervenants\u00a0: Christophe Bouder, Sarah Fouquet invit\u00e9e ext\u00e9rieure : Lola Duval Pr\u00e9-requis : connaissances en histoire de l\u2019affiche, ma\u00eetrise de la suite Adobe &hellip; Continuer la lecture &rarr;","og_url":"https:\/\/blogs.esam-c2.fr\/design-graphique\/graphisme-commande-affiche-des-portes-ouvertes\/","og_site_name":"\/\/\/design graphique\/\u00e9sam-c2\/","article_published_time":"2011-10-17T12:36:10+00:00","article_modified_time":"2011-10-17T12:36:33+00:00","og_image":[{"url":"http:\/\/blogs.esam-c2.fr\/design-graphique\/files\/2011\/10\/LolaDuval1.jpg","type":"","width":"","height":""}],"author":"Sarah Fouquet","twitter_card":"summary_large_image","twitter_misc":{"\u00c9crit par":"Sarah Fouquet","Dur\u00e9e de lecture estim\u00e9e":"2 minutes"},"schema":{"@context":"https:\/\/schema.org","@graph":[{"@type":"Article","@id":"https:\/\/blogs.esam-c2.fr\/design-graphique\/graphisme-commande-affiche-des-portes-ouvertes\/#article","isPartOf":{"@id":"https:\/\/blogs.esam-c2.fr\/design-graphique\/graphisme-commande-affiche-des-portes-ouvertes\/"},"author":{"name":"Sarah Fouquet","@id":"https:\/\/blogs.esam-c2.fr\/design-graphique\/#\/schema\/person\/6efbec67260ce9db24bba1e54d41e7c6"},"headline":"Graphisme et commande \/ Affiche des Portes Ouvertes","datePublished":"2011-10-17T12:36:10+00:00","dateModified":"2011-10-17T12:36:33+00:00","mainEntityOfPage":{"@id":"https:\/\/blogs.esam-c2.fr\/design-graphique\/graphisme-commande-affiche-des-portes-ouvertes\/"},"wordCount":363,"image":{"@id":"https:\/\/blogs.esam-c2.fr\/design-graphique\/graphisme-commande-affiche-des-portes-ouvertes\/#primaryimage"},"thumbnailUrl":"http:\/\/blogs.esam-c2.fr\/design-graphique\/files\/2011\/10\/LolaDuval1.jpg","articleSection":["2011","affiche","DG3","exo","portes ouvertes","Sem 5","workshop"],"inLanguage":"fr-FR"},{"@type":"WebPage","@id":"https:\/\/blogs.esam-c2.fr\/design-graphique\/graphisme-commande-affiche-des-portes-ouvertes\/","url":"https:\/\/blogs.esam-c2.fr\/design-graphique\/graphisme-commande-affiche-des-portes-ouvertes\/","name":"Graphisme et commande \/ Affiche des Portes Ouvertes - \/\/\/design graphique\/\u00e9sam-c2\/","isPartOf":{"@id":"https:\/\/blogs.esam-c2.fr\/design-graphique\/#website"},"primaryImageOfPage":{"@id":"https:\/\/blogs.esam-c2.fr\/design-graphique\/graphisme-commande-affiche-des-portes-ouvertes\/#primaryimage"},"image":{"@id":"https:\/\/blogs.esam-c2.fr\/design-graphique\/graphisme-commande-affiche-des-portes-ouvertes\/#primaryimage"},"thumbnailUrl":"http:\/\/blogs.esam-c2.fr\/design-graphique\/files\/2011\/10\/LolaDuval1.jpg","datePublished":"2011-10-17T12:36:10+00:00","dateModified":"2011-10-17T12:36:33+00:00","author":{"@id":"https:\/\/blogs.esam-c2.fr\/design-graphique\/#\/schema\/person\/6efbec67260ce9db24bba1e54d41e7c6"},"breadcrumb":{"@id":"https:\/\/blogs.esam-c2.fr\/design-graphique\/graphisme-commande-affiche-des-portes-ouvertes\/#breadcrumb"},"inLanguage":"fr-FR","potentialAction":[{"@type":"ReadAction","target":["https:\/\/blogs.esam-c2.fr\/design-graphique\/graphisme-commande-affiche-des-portes-ouvertes\/"]}]},{"@type":"ImageObject","inLanguage":"fr-FR","@id":"https:\/\/blogs.esam-c2.fr\/design-graphique\/graphisme-commande-affiche-des-portes-ouvertes\/#primaryimage","url":"http:\/\/blogs.esam-c2.fr\/design-graphique\/files\/2011\/10\/LolaDuval1.jpg","contentUrl":"http:\/\/blogs.esam-c2.fr\/design-graphique\/files\/2011\/10\/LolaDuval1.jpg"},{"@type":"BreadcrumbList","@id":"https:\/\/blogs.esam-c2.fr\/design-graphique\/graphisme-commande-affiche-des-portes-ouvertes\/#breadcrumb","itemListElement":[{"@type":"ListItem","position":1,"name":"Accueil","item":"https:\/\/blogs.esam-c2.fr\/design-graphique\/"},{"@type":"ListItem","position":2,"name":"Graphisme et commande \/ Affiche des Portes Ouvertes"}]},{"@type":"WebSite","@id":"https:\/\/blogs.esam-c2.fr\/design-graphique\/#website","url":"https:\/\/blogs.esam-c2.fr\/design-graphique\/","name":"\/\/\/design graphique\/\u00e9sam-c2\/","description":"site d&#039;archives et d&#039;informations \/ cours de graphisme \/ Caen","potentialAction":[{"@type":"SearchAction","target":{"@type":"EntryPoint","urlTemplate":"https:\/\/blogs.esam-c2.fr\/design-graphique\/?s={search_term_string}"},"query-input":{"@type":"PropertyValueSpecification","valueRequired":true,"valueName":"search_term_string"}}],"inLanguage":"fr-FR"},{"@type":"Person","@id":"https:\/\/blogs.esam-c2.fr\/design-graphique\/#\/schema\/person\/6efbec67260ce9db24bba1e54d41e7c6","name":"Sarah Fouquet","image":{"@type":"ImageObject","inLanguage":"fr-FR","@id":"https:\/\/secure.gravatar.com\/avatar\/626f51a6ce51986c9e9cb4180fd263979c686cef2e0eff37e4a86a5095755363?s=96&d=mm&r=g","url":"https:\/\/secure.gravatar.com\/avatar\/626f51a6ce51986c9e9cb4180fd263979c686cef2e0eff37e4a86a5095755363?s=96&d=mm&r=g","contentUrl":"https:\/\/secure.gravatar.com\/avatar\/626f51a6ce51986c9e9cb4180fd263979c686cef2e0eff37e4a86a5095755363?s=96&d=mm&r=g","caption":"Sarah Fouquet"},"description":"Dessinatrice, graphiste, auto-\u00e9ditrice, enseigne l'image dans le d\u00e9partement design graphique de l'\u00e9cole sup\u00e9rieure d\u2019arts et m\u00e9dias de Caen","url":"https:\/\/blogs.esam-c2.fr\/design-graphique\/author\/design-graphique\/"}]}},"_links":{"self":[{"href":"https:\/\/blogs.esam-c2.fr\/design-graphique\/wp-json\/wp\/v2\/posts\/917","targetHints":{"allow":["GET"]}}],"collection":[{"href":"https:\/\/blogs.esam-c2.fr\/design-graphique\/wp-json\/wp\/v2\/posts"}],"about":[{"href":"https:\/\/blogs.esam-c2.fr\/design-graphique\/wp-json\/wp\/v2\/types\/post"}],"author":[{"embeddable":true,"href":"https:\/\/blogs.esam-c2.fr\/design-graphique\/wp-json\/wp\/v2\/users\/7"}],"replies":[{"embeddable":true,"href":"https:\/\/blogs.esam-c2.fr\/design-graphique\/wp-json\/wp\/v2\/comments?post=917"}],"version-history":[{"count":4,"href":"https:\/\/blogs.esam-c2.fr\/design-graphique\/wp-json\/wp\/v2\/posts\/917\/revisions"}],"predecessor-version":[{"id":922,"href":"https:\/\/blogs.esam-c2.fr\/design-graphique\/wp-json\/wp\/v2\/posts\/917\/revisions\/922"}],"wp:attachment":[{"href":"https:\/\/blogs.esam-c2.fr\/design-graphique\/wp-json\/wp\/v2\/media?parent=917"}],"wp:term":[{"taxonomy":"category","embeddable":true,"href":"https:\/\/blogs.esam-c2.fr\/design-graphique\/wp-json\/wp\/v2\/categories?post=917"},{"taxonomy":"post_tag","embeddable":true,"href":"https:\/\/blogs.esam-c2.fr\/design-graphique\/wp-json\/wp\/v2\/tags?post=917"}],"curies":[{"name":"wp","href":"https:\/\/api.w.org\/{rel}","templated":true}]}}